{"id":227939,"date":"2025-04-25T19:05:54","date_gmt":"2025-04-25T22:05:54","guid":{"rendered":"https:\/\/diarioregionaldigital.com.br\/?p=227939"},"modified":"2025-04-25T19:05:54","modified_gmt":"2025-04-25T22:05:54","slug":"empresas-mineiras-terao-r-2-bilhoes-disponiveis-em-credito-do-governo-de-minas-para-financiar-projetos-de-investimento-em-2025","status":"publish","type":"post","link":"https:\/\/diarioregionaldigital.com.br\/?p=227939","title":{"rendered":"Empresas mineiras ter\u00e3o R$ 2 bilh\u00f5es dispon\u00edveis em cr\u00e9dito do Governo de Minas para financiar projetos de investimento em 2025"},"content":{"rendered":"<p><main class=\"clear margin-md-bottom-3\"><\/p>\n<div class=\"clear \">\n<p>O\u00a0<a href=\"http:\/\/www.mg.gov.br\/\" target=\"_blank\" rel=\"noopener\">Governo de Minas<\/a>, por meio do\u00a0<a href=\"https:\/\/www.bdmg.mg.gov.br\/\" target=\"_blank\" rel=\"noopener\">Banco de Desenvolvimento de Minas Gerais (BDMG)<\/a>\u00a0vai disponibilizar R$ 2 bilh\u00f5es por meio de linhas de cr\u00e9dito para financiar projetos de investimento de empresas mineiras.<\/p>\n<p>Ser\u00e3o viabilizadas iniciativas para moderniza\u00e7\u00e3o de ind\u00fastrias, compra de equipamentos, energia renov\u00e1vel, inova\u00e7\u00e3o, pesquisa e desenvolvimento, em todos os setores, com condi\u00e7\u00f5es diferenciadas de taxa e prazo de at\u00e9 120 meses para pagar, incluindo 24 meses de car\u00eancia.<\/p>\n<p>O volume \u00e9 40% superior ao total de R$ 1,4 bilh\u00e3o liberados em 2024 pelo banco para projetos de investimento no setor privado.<\/p>\n<table border=\"0\" cellspacing=\"1\" cellpadding=\"1\" align=\"center\">\n<tbody>\n<tr>\n<td colspan=\"5\"><img decoding=\"async\" src=\"https:\/\/www.agenciaminas.mg.gov.br\/ckeditor_assets\/pictures\/20949\/content_2_olho_topo.jpg\" alt=\"\" \/><\/td>\n<\/tr>\n<tr>\n<td><\/td>\n<td colspan=\"3\" rowspan=\"3\">\n<h1><strong>&#8220;Essa iniciativa do BDMG est\u00e1 alinhada ao prop\u00f3sito do Governo do Estado de melhorar cada vez mais o ambiente de neg\u00f3cios em Minas Gerais, ajudando no\u00a0crescimento das empresas e da gera\u00e7\u00e3o de empregos&#8221;, afirma\u00a0o governador Romeu Zema.<\/strong><\/h1>\n<\/td>\n<td><\/td>\n<\/tr>\n<tr>\n<td><\/td>\n<td><\/td>\n<\/tr>\n<tr>\n<td><\/td>\n<td><\/td>\n<\/tr>\n<tr>\n<td colspan=\"5\"><img decoding=\"async\" src=\"https:\/\/www.agenciaminas.mg.gov.br\/ckeditor_assets\/pictures\/20950\/content_2_olho_inferior.jpg\" alt=\"\" \/><\/td>\n<\/tr>\n<\/tbody>\n<\/table>\n<p>O banco disponibiliza sete linhas de cr\u00e9dito para financiar projetos classificados como de investimento em diversas frentes, como inova\u00e7\u00e3o, sustentabilidade, agroneg\u00f3cio, ind\u00fastria.<\/p>\n<p>Com os R$ 1,4 bilh\u00e3o liberados para essas iniciativas, no ano passado\u00a0foram apoiados mais de 34 mil empregos em Minas Gerais e estimulado R$ 2,5 bilh\u00f5es em faturamento das empresas mineiras, conforme a matriz insumo-produto do BDMG.<\/p>\n<table border=\"0\" cellspacing=\"1\" cellpadding=\"1\" align=\"center\">\n<tbody>\n<tr>\n<td colspan=\"5\"><img decoding=\"async\" src=\"https:\/\/www.agenciaminas.mg.gov.br\/ckeditor_assets\/pictures\/20949\/content_2_olho_topo.jpg\" alt=\"\" \/><\/td>\n<\/tr>\n<tr>\n<td><\/td>\n<td colspan=\"3\" rowspan=\"3\">\n<h1><strong>&#8220;Valores com condi\u00e7\u00f5es acess\u00edveis aos empreendedores permitem\u00a0que muitos projetos sejam concretizados e que as empresas possam crescer, ampliar produ\u00e7\u00e3o, contratar mais pessoas. Com incentivo e estabelecendo um cen\u00e1rio mais favor\u00e1vel, contribu\u00edmos diretamente para o\u00a0desenvolvimento econ\u00f4mico e social&#8221;, ressalta\u00a0o vice-governador Mateus Sim\u00f5es.<\/strong><\/h1>\n<\/td>\n<td><\/td>\n<\/tr>\n<tr>\n<td><\/td>\n<td><\/td>\n<\/tr>\n<tr>\n<td><\/td>\n<td><\/td>\n<\/tr>\n<tr>\n<td colspan=\"5\"><img decoding=\"async\" src=\"https:\/\/www.agenciaminas.mg.gov.br\/ckeditor_assets\/pictures\/20950\/content_2_olho_inferior.jpg\" alt=\"\" \/><\/td>\n<\/tr>\n<\/tbody>\n<\/table>\n<p>O presidente do BDMG,\u00a0Gabriel Vi\u00e9gas Neto, e a secret\u00e1ria de Estado de\u00a0<a href=\"https:\/\/desenvolvimento.mg.gov.br\/inicio\/projetos\/projeto\/1143\">Desenvolvimento Econ\u00f4mico (Sede)<\/a>, Mila Corr\u00eaa da Costa, reiteram os diferenciais da oferta de cr\u00e9dito.<\/p>\n<p>&#8220;Tem impacto real na economia e na sociedade, pois permitir\u00e1 aos empres\u00e1rios realizarem iniciativas a longo prazo e que permitem a amplia\u00e7\u00e3o da capacidade produtiva das empresas&#8221;, refor\u00e7a o presidente do BDMG.<\/p>\n<p>\u201cEsse cr\u00e9dito impulsiona a gama de atua\u00e7\u00e3o e o potencial das empresas mineiras. Assim, fortalecemos o crescimento de quem gera empregos e constru\u00edmos uma economia mais resiliente, diversificada e preparada para o futuro\u201d, avalia a secret\u00e1ria.<\/p>\n<p><strong>L\u00edder internacional<\/strong><\/p>\n<p>O cr\u00e9dito do BDMG \u00e9 decisivo para fortalecer empresas como a Bom Destino, a maior produtora de latic\u00ednios de b\u00fafala da Am\u00e9rica Latina. Localizada em Oliveira, regi\u00f5es Oeste de Minas, a companhia tem 36 anos de mercado e est\u00e1 em fase de finaliza\u00e7\u00e3o do projeto de moderniza\u00e7\u00e3o que vai aumentar em 20% a atual produ\u00e7\u00e3o de 320 toneladas de latic\u00ednios\/m\u00eas.<\/p>\n<p>A compra de m\u00e1quinas importadas da It\u00e1lia e as interven\u00e7\u00f5es para a amplia\u00e7\u00e3o da f\u00e1brica eram essenciais para o projeto de expans\u00e3o e foram viabilizadas com recursos captados nas linhas de cr\u00e9dito para investimento no BDMG.<\/p>\n<p>\u201cA amplia\u00e7\u00e3o vai nos permitir atender melhor os nossos clientes, gerar mais empregos e crescer no mercado. Estamos fazendo um trabalho para exportar e j\u00e1 estamos credenciados em alguns pa\u00edses para enviar os nossos produtos. O cr\u00e9dito nos permitiu fazer tudo isso de forma mais r\u00e1pida\u201d, conta Jo\u00e3o Batista de Souza, s\u00f3cio da empresa familiar junto do irm\u00e3o, Marcelo Vargas Le\u00e3o.<\/p>\n<figure class=\"image\"><img decoding=\"async\" src=\"https:\/\/www.agenciaminas.mg.gov.br\/ckeditor_assets\/pictures\/22803\/content_515a7065.jpg\" alt=\"\" \/><figcaption><sub><em>Os irm\u00e3os e s\u00f3cios Jo\u00e3o Batista de Souza (esq.) e\u00a0Marcelo Vargas Le\u00e3o (dir.) &#8211; Foto: BDMG \/ Divulga\u00e7\u00e3o<\/em><\/sub><\/figcaption><\/figure>\n<p>Os s\u00f3cios come\u00e7aram a trajet\u00f3ria ainda crian\u00e7as. Jo\u00e3o tinha 7 anos, e Marcelo, 10, quando o pai dos dois morreu precocemente em um acidente. Juntos, come\u00e7aram a tirar leite das vacas do av\u00f4.<\/p>\n<p>Poucos anos depois, come\u00e7aram a produzir mu\u00e7arela. H\u00e1 24 anos, atuam exclusivamente com latic\u00ednios de b\u00fafalas. O cat\u00e1logo da companhia conta com cerca de 50 produtos de b\u00fafala e est\u00e1 prestes a crescer, assim como o atual quadro de 455 funcion\u00e1rios.<\/p>\n<p>\u201cSempre procuramos alavancar o neg\u00f3cio. O crescimento da empresa \u00e9 importante n\u00e3o s\u00f3 para n\u00f3s, mas para o desenvolvimento social da regi\u00e3o. Temos m\u00e3o de obra de v\u00e1rias cidades do entorno e at\u00e9 do Norte de Minas\u201d, conta Marcelo Le\u00e3o. O neg\u00f3cio estimulou a forma\u00e7\u00e3o da maior bacia leiteira de b\u00fafala da Am\u00e9rica Latina.<\/p>\n<p>Atualmente, 20% de todo o leite utilizado na produ\u00e7\u00e3o dos diversos queijos, como mozzarella, burrata, provolone, e dos demais latic\u00ednios, vem de fazendas da Bom Destino. O restante \u00e9 adquirido de outros produtores.<\/p>\n<p>Fonte: Ag\u00eancia Minas<\/p>\n<\/div>\n<p><\/main><\/p>\n","protected":false},"excerpt":{"rendered":"<p>O\u00a0Governo de Minas, por meio do\u00a0Banco de Desenvolvimento de Minas Gerais (BDMG)\u00a0vai disponibilizar R$ 2 bilh\u00f5es por meio de linhas de cr\u00e9dito para financiar projetos de investimento de empresas mineiras. Ser\u00e3o viabilizadas iniciativas para moderniza\u00e7\u00e3o de ind\u00fastrias, compra de equipamentos, energia renov\u00e1vel, inova\u00e7\u00e3o, pesquisa e desenvolvimento, em todos os setores, com condi\u00e7\u00f5es diferenciadas de taxa [&hellip;]<\/p>\n","protected":false},"author":246,"featured_media":227940,"comment_status":"closed","ping_status":"closed","sticky":false,"template":"","format":"standard","meta":{"footnotes":""},"categories":[436,261,254,439],"tags":[],"class_list":["post-227939","post","type-post","status-publish","format-standard","has-post-thumbnail","hentry","category-destaque-da-semana","category-economia","category-politica","category-ultima-hora"],"_links":{"self":[{"href":"https:\/\/diarioregionaldigital.com.br\/index.php?rest_route=\/wp\/v2\/posts\/227939","targetHints":{"allow":["GET"]}}],"collection":[{"href":"https:\/\/diarioregionaldigital.com.br\/index.php?rest_route=\/wp\/v2\/posts"}],"about":[{"href":"https:\/\/diarioregionaldigital.com.br\/index.php?rest_route=\/wp\/v2\/types\/post"}],"author":[{"embeddable":true,"href":"https:\/\/diarioregionaldigital.com.br\/index.php?rest_route=\/wp\/v2\/users\/246"}],"replies":[{"embeddable":true,"href":"https:\/\/diarioregionaldigital.com.br\/index.php?rest_route=%2Fwp%2Fv2%2Fcomments&post=227939"}],"version-history":[{"count":1,"href":"https:\/\/diarioregionaldigital.com.br\/index.php?rest_route=\/wp\/v2\/posts\/227939\/revisions"}],"predecessor-version":[{"id":227941,"href":"https:\/\/diarioregionaldigital.com.br\/index.php?rest_route=\/wp\/v2\/posts\/227939\/revisions\/227941"}],"wp:featuredmedia":[{"embeddable":true,"href":"https:\/\/diarioregionaldigital.com.br\/index.php?rest_route=\/wp\/v2\/media\/227940"}],"wp:attachment":[{"href":"https:\/\/diarioregionaldigital.com.br\/index.php?rest_route=%2Fwp%2Fv2%2Fmedia&parent=227939"}],"wp:term":[{"taxonomy":"category","embeddable":true,"href":"https:\/\/diarioregionaldigital.com.br\/index.php?rest_route=%2Fwp%2Fv2%2Fcategories&post=227939"},{"taxonomy":"post_tag","embeddable":true,"href":"https:\/\/diarioregionaldigital.com.br\/index.php?rest_route=%2Fwp%2Fv2%2Ftags&post=227939"}],"curies":[{"name":"wp","href":"https:\/\/api.w.org\/{rel}","templated":true}]}}