{"id":227936,"date":"2025-04-25T19:04:05","date_gmt":"2025-04-25T22:04:05","guid":{"rendered":"https:\/\/diarioregionaldigital.com.br\/?p=227936"},"modified":"2025-04-25T19:04:05","modified_gmt":"2025-04-25T22:04:05","slug":"governo-de-minas-apresenta-politicas-de-cidades-inteligentes-e-inclusao-social-em-missao-oficial-a-china","status":"publish","type":"post","link":"https:\/\/diarioregionaldigital.com.br\/?p=227936","title":{"rendered":"Governo de Minas apresenta pol\u00edticas de cidades inteligentes e inclus\u00e3o social em miss\u00e3o oficial \u00e0 China"},"content":{"rendered":"<p>A\u00a0<a href=\"https:\/\/social.mg.gov.br\/\" target=\"_blank\" rel=\"noopener\">Secretaria de Estado de Desenvolvimento Social de Minas Gerais (Sedese)<\/a>\u00a0representou o\u00a0<a href=\"https:\/\/www.mg.gov.br\/\" target=\"_blank\" rel=\"noopener\">Governo de Minas<\/a>\u00a0no F\u00f3rum de Neg\u00f3cios e Coopera\u00e7\u00e3o Econ\u00f4mico-Comercial China-Brasil, realizado na cidade chinesa de Zhengzhou, refer\u00eancia internacional em planejamento urbano digital.<\/p>\n<p>A secret\u00e1ria de Estado de Desenvolvimento Social de Minas Gerais, Al\u00ea Portela, participou acompanhada de Marina Quintiliano, arquiteta da Subsecretaria de Pol\u00edtica de Habita\u00e7\u00e3o da Sedese.\u00a0Ela apresentou o programa Moradas Gerais, uma pol\u00edtica p\u00fablica inovadora de habita\u00e7\u00e3o social sustent\u00e1vel, com foco em territ\u00f3rios vulner\u00e1veis.<\/p>\n<figure class=\"image\"><img decoding=\"async\" src=\"https:\/\/www.agenciaminas.mg.gov.br\/ckeditor_assets\/pictures\/22851\/content_forum_zhengzhou_9501_sedese.jpeg\" alt=\"\" \/><figcaption><em><sub>Sedese-MG \/ Divulga\u00e7\u00e3o<\/sub><\/em><\/figcaption><\/figure>\n<p>O programa atua em tr\u00eas frentes principais: melhorias habitacionais sustent\u00e1veis em moradias prec\u00e1rias, preven\u00e7\u00e3o de desastres clim\u00e1ticos e reaproveitamento de res\u00edduos na constru\u00e7\u00e3o civil, sempre com apoio de tecnologias que promovem cidades mais resilientes.<\/p>\n<p>Outro destaque foi o \u00cdndice de Pobreza Multidimensional de Minas Gerais (IPM Minas), criado a partir de dados do pr\u00f3prio sistema estadual de assist\u00eancia social, que torna Minas a \u00fanica unidade federativa no mundo a fazer esse tipo de gest\u00e3o. O IPM permite identificar com precis\u00e3o onde est\u00e3o as maiores vulnerabilidades e direcionar pol\u00edticas p\u00fablicas de forma mais eficiente.<\/p>\n<p>Durante a visita, a comitiva mineira teve contato direto com as solu\u00e7\u00f5es tecnol\u00f3gicas aplicadas em Zhengzhou, como drones, sensores, data centers e plataformas integradas de atendimento ao cidad\u00e3o. A experi\u00eancia foi apontada pela secret\u00e1ria de\u00a0Desenvolvimento Social como fonte de inspira\u00e7\u00e3o para avan\u00e7ar em pol\u00edticas p\u00fablicas brasileiras que aliem justi\u00e7a social, sustentabilidade e inova\u00e7\u00e3o.<\/p>\n<table border=\"0\" cellspacing=\"1\" cellpadding=\"1\" align=\"center\">\n<tbody>\n<tr>\n<td colspan=\"5\"><img decoding=\"async\" src=\"https:\/\/www.agenciaminas.mg.gov.br\/ckeditor_assets\/pictures\/20949\/content_2_olho_topo.jpg\" alt=\"\" \/><\/td>\n<\/tr>\n<tr>\n<td><\/td>\n<td colspan=\"3\" rowspan=\"3\">\n<h1><strong>&#8220;Cidades inteligentes n\u00e3o podem ser apenas digitais, precisam ser humanas, inclusivas e adaptadas ao seu territ\u00f3rio. \u00c9 isso que buscamos em Minas Gerais&#8221;, afirmou a secret\u00e1ria Al\u00ea Portela.<\/strong><\/h1>\n<\/td>\n<td><\/td>\n<\/tr>\n<tr>\n<td><\/td>\n<td><\/td>\n<\/tr>\n<tr>\n<td><\/td>\n<td><\/td>\n<\/tr>\n<tr>\n<td colspan=\"5\"><img decoding=\"async\" src=\"https:\/\/www.agenciaminas.mg.gov.br\/ckeditor_assets\/pictures\/20950\/content_2_olho_inferior.jpg\" alt=\"\" \/><\/td>\n<\/tr>\n<\/tbody>\n<\/table>\n<p>Minas foi o primeiro estado brasileiro a aprovar uma Lei Estadual de Cidades Inteligentes, que estimula os munic\u00edpios a adotarem solu\u00e7\u00f5es tecnol\u00f3gicas com foco em equidade territorial, efici\u00eancia urbana e qualidade de vida. Com essa miss\u00e3o, o Governo de Minas d\u00e1 mais um passo para avan\u00e7ar na constru\u00e7\u00e3o de cidades inteligentes, sustent\u00e1veis e justas, trazendo inova\u00e7\u00f5es globais adaptadas \u00e0 realidade mineira.<\/p>\n<p>Fonte: Ag\u00eancia Minas<\/p>\n","protected":false},"excerpt":{"rendered":"<p>A\u00a0Secretaria de Estado de Desenvolvimento Social de Minas Gerais (Sedese)\u00a0representou o\u00a0Governo de Minas\u00a0no F\u00f3rum de Neg\u00f3cios e Coopera\u00e7\u00e3o Econ\u00f4mico-Comercial China-Brasil, realizado na cidade chinesa de Zhengzhou, refer\u00eancia internacional em planejamento urbano digital. A secret\u00e1ria de Estado de Desenvolvimento Social de Minas Gerais, Al\u00ea Portela, participou acompanhada de Marina Quintiliano, arquiteta da Subsecretaria de Pol\u00edtica de [&hellip;]<\/p>\n","protected":false},"author":246,"featured_media":227937,"comment_status":"closed","ping_status":"closed","sticky":false,"template":"","format":"standard","meta":{"footnotes":""},"categories":[436,261,254,439],"tags":[],"class_list":["post-227936","post","type-post","status-publish","format-standard","has-post-thumbnail","hentry","category-destaque-da-semana","category-economia","category-politica","category-ultima-hora"],"_links":{"self":[{"href":"https:\/\/diarioregionaldigital.com.br\/index.php?rest_route=\/wp\/v2\/posts\/227936","targetHints":{"allow":["GET"]}}],"collection":[{"href":"https:\/\/diarioregionaldigital.com.br\/index.php?rest_route=\/wp\/v2\/posts"}],"about":[{"href":"https:\/\/diarioregionaldigital.com.br\/index.php?rest_route=\/wp\/v2\/types\/post"}],"author":[{"embeddable":true,"href":"https:\/\/diarioregionaldigital.com.br\/index.php?rest_route=\/wp\/v2\/users\/246"}],"replies":[{"embeddable":true,"href":"https:\/\/diarioregionaldigital.com.br\/index.php?rest_route=%2Fwp%2Fv2%2Fcomments&post=227936"}],"version-history":[{"count":1,"href":"https:\/\/diarioregionaldigital.com.br\/index.php?rest_route=\/wp\/v2\/posts\/227936\/revisions"}],"predecessor-version":[{"id":227938,"href":"https:\/\/diarioregionaldigital.com.br\/index.php?rest_route=\/wp\/v2\/posts\/227936\/revisions\/227938"}],"wp:featuredmedia":[{"embeddable":true,"href":"https:\/\/diarioregionaldigital.com.br\/index.php?rest_route=\/wp\/v2\/media\/227937"}],"wp:attachment":[{"href":"https:\/\/diarioregionaldigital.com.br\/index.php?rest_route=%2Fwp%2Fv2%2Fmedia&parent=227936"}],"wp:term":[{"taxonomy":"category","embeddable":true,"href":"https:\/\/diarioregionaldigital.com.br\/index.php?rest_route=%2Fwp%2Fv2%2Fcategories&post=227936"},{"taxonomy":"post_tag","embeddable":true,"href":"https:\/\/diarioregionaldigital.com.br\/index.php?rest_route=%2Fwp%2Fv2%2Ftags&post=227936"}],"curies":[{"name":"wp","href":"https:\/\/api.w.org\/{rel}","templated":true}]}}