{"id":227933,"date":"2025-04-25T19:03:14","date_gmt":"2025-04-25T22:03:14","guid":{"rendered":"https:\/\/diarioregionaldigital.com.br\/?p=227933"},"modified":"2025-04-25T19:03:14","modified_gmt":"2025-04-25T22:03:14","slug":"minas-gerais-reduz-crimes-violentos-em-mais-de-7-no-primeiro-trimestre-de-2025","status":"publish","type":"post","link":"https:\/\/diarioregionaldigital.com.br\/?p=227933","title":{"rendered":"Minas Gerais reduz crimes violentos em mais de 7% no primeiro trimestre de 2025"},"content":{"rendered":"<p>Os dados da criminalidade de Minas Gerais apontam uma queda de 7,48% nos crimes violentos, entre janeiro e mar\u00e7o de 2025, na compara\u00e7\u00e3o com o mesmo per\u00edodo do ano anterior. O n\u00famero geral de ocorr\u00eancias no estado passou de 7.490 para 6.930. Em Belo Horizonte, a redu\u00e7\u00e3o foi de 1,65%, com os registros caindo de 1.938 para 1.906.<\/p>\n<p>Entre os crimes que mais contribu\u00edram para a redu\u00e7\u00e3o geral no estado, a maior queda absoluta foi em casos de roubo consumado, que recuaram 11,02%, passando de 4.246 ocorr\u00eancias, em 2024, para 3.778 este ano. Na capital mineira, esse \u00edndice caiu 1,77%, dos 1.468 casos no ano passado para 1.442 de janeiro a mar\u00e7o de 2025.<\/p>\n<table border=\"0\" cellspacing=\"1\" cellpadding=\"1\" align=\"center\">\n<tbody>\n<tr>\n<td colspan=\"5\"><img decoding=\"async\" src=\"https:\/\/www.agenciaminas.mg.gov.br\/ckeditor_assets\/pictures\/20949\/content_2_olho_topo.jpg\" alt=\"\" \/><\/td>\n<\/tr>\n<tr>\n<td><\/td>\n<td colspan=\"3\" rowspan=\"3\">\n<h1><strong>&#8220;Isso \u00e9 resultado do comprometimento das nossas for\u00e7as de seguran\u00e7a, empenhadas em combater os criminosos e garantir que Minas Gerais permane\u00e7a sendo um dos estados mais seguros do Brasil&#8221;, destaca o vice-governador Mateus Sim\u00f5es.<\/strong><\/h1>\n<\/td>\n<td><\/td>\n<\/tr>\n<tr>\n<td><\/td>\n<td><\/td>\n<\/tr>\n<tr>\n<td><\/td>\n<td><\/td>\n<\/tr>\n<tr>\n<td colspan=\"5\"><img decoding=\"async\" src=\"https:\/\/www.agenciaminas.mg.gov.br\/ckeditor_assets\/pictures\/20950\/content_2_olho_inferior.jpg\" alt=\"\" \/><\/td>\n<\/tr>\n<\/tbody>\n<\/table>\n<p>A redu\u00e7\u00e3o foi expressiva no n\u00famero de tentativas de homic\u00eddio no primeiro trimestre de 2025, que caiu 20,33% em Minas Gerais (de 792 para 631 registros). Isso ocorreu tamb\u00e9m nos casos de extors\u00e3o mediante sequestro consumado, com redu\u00e7\u00e3o de 68,75% (de 16 para cinco) e nas tentativas de extors\u00e3o, que passaram de 49 para 35 casos, uma queda de 28,57%.<\/p>\n<p>Na capital mineira, houve uma diminui\u00e7\u00e3o de 36,36% nos registros de estupro tentado, passando de 11 para sete casos. As tentativas de homic\u00eddio ca\u00edram 11,54%, de 78 para 69. J\u00e1 nos epis\u00f3dios de tentativa de estupro de vulner\u00e1vel, a redu\u00e7\u00e3o foi equivalente a 75%, baixando de quatro para um caso.<\/p>\n<p><strong>Menos mortes<\/strong><\/p>\n<p>Minas registrou ainda uma queda de 1,89% nas mortes por homic\u00eddio, caindo de 634 pessoas assassinadas, no primeiro trimestre de 2024, para 622 no mesmo periodo deste ano. Apesar da redu\u00e7\u00e3o de v\u00edtimas, houve 3,49% de aumento nos registros de homic\u00eddios, sendo 602 no ano passado, contra 623 este ano, diferen\u00e7a provocada por ocorr\u00eancias com mais de uma v\u00edtima.<\/p>\n<p>Em Belo Horizonte, houve queda de 10,53% no n\u00famero de v\u00edtimas de homic\u00eddios, com 76 mortes entre janeiro e mar\u00e7o de 2024, contra 68 pessoas assassinadas este ano. Houve queda tamb\u00e9m no n\u00famero de ocorr\u00eancias, tendo 71 registros no primeiro trimestre do ano passado e 69 este ano, redu\u00e7\u00e3o de 2,84%.<\/p>\n<p>O secret\u00e1rio de Estado de\u00a0<a href=\"https:\/\/www.seguranca.mg.gov.br\/\" target=\"_blank\" rel=\"noopener\">Justi\u00e7a e Seguran\u00e7a P\u00fablica (Sejusp)<\/a>, Rog\u00e9rio Greco, atribui a queda nos crimes violentos aos esfor\u00e7os adotados para aprimorar o combate \u00e0 criminalidade.<\/p>\n<table border=\"0\" cellspacing=\"1\" cellpadding=\"1\" align=\"center\">\n<tbody>\n<tr>\n<td colspan=\"5\"><img decoding=\"async\" src=\"https:\/\/www.agenciaminas.mg.gov.br\/ckeditor_assets\/pictures\/20949\/content_2_olho_topo.jpg\" alt=\"\" \/><\/td>\n<\/tr>\n<tr>\n<td><\/td>\n<td colspan=\"3\" rowspan=\"3\">\n<h1><strong>&#8220;Os dados refletem a seriedade com que a seguran\u00e7a \u00e9 tratada pelo\u00a0<a href=\"https:\/\/www.mg.gov.br\/\" target=\"_blank\" rel=\"noopener\">Governo de Minas<\/a>. A preven\u00e7\u00e3o \u00e9 mantida como foco para garantir tranquilidade e prote\u00e7\u00e3o \u00e0s pessoas. E o trabalho conjunto das for\u00e7as de seguran\u00e7a e institui\u00e7\u00f5es de justi\u00e7a completam essa forma de sucesso&#8221;, comemora Rog\u00e9rio Greco.<\/strong><\/h1>\n<\/td>\n<td><\/td>\n<\/tr>\n<tr>\n<td><\/td>\n<td><\/td>\n<\/tr>\n<tr>\n<td><\/td>\n<td><\/td>\n<\/tr>\n<tr>\n<td colspan=\"5\"><img decoding=\"async\" src=\"https:\/\/www.agenciaminas.mg.gov.br\/ckeditor_assets\/pictures\/20950\/content_2_olho_inferior.jpg\" alt=\"\" \/><\/td>\n<\/tr>\n<\/tbody>\n<\/table>\n<p><strong>Den\u00fancia 181<\/strong><\/p>\n<p>Para manter a tend\u00eancia de queda nos \u00edndices de criminalidade, Minas conta com canais que permitem \u00e0 popula\u00e7\u00e3o ter tamb\u00e9m um papel ativo nesta luta. \u00c9 o caso do Disque Den\u00fancia 181, exemplo de ferramenta importante no combate a crimes como abuso infantil, estupro de vulner\u00e1vel e outros que normalmente ocorrem em ambientes privados. As den\u00fancias podem ser feitas de forma an\u00f4nima, com uma simples liga\u00e7\u00e3o telef\u00f4nica.<\/p>\n<p>Fonte: Ag\u00eancia Minas<\/p>\n","protected":false},"excerpt":{"rendered":"<p>Os dados da criminalidade de Minas Gerais apontam uma queda de 7,48% nos crimes violentos, entre janeiro e mar\u00e7o de 2025, na compara\u00e7\u00e3o com o mesmo per\u00edodo do ano anterior. O n\u00famero geral de ocorr\u00eancias no estado passou de 7.490 para 6.930. Em Belo Horizonte, a redu\u00e7\u00e3o foi de 1,65%, com os registros caindo de [&hellip;]<\/p>\n","protected":false},"author":246,"featured_media":227934,"comment_status":"closed","ping_status":"closed","sticky":false,"template":"","format":"standard","meta":{"footnotes":""},"categories":[301,252,439],"tags":[],"class_list":["post-227933","post","type-post","status-publish","format-standard","has-post-thumbnail","hentry","category-artigos-policiais","category-regiao","category-ultima-hora"],"_links":{"self":[{"href":"https:\/\/diarioregionaldigital.com.br\/index.php?rest_route=\/wp\/v2\/posts\/227933","targetHints":{"allow":["GET"]}}],"collection":[{"href":"https:\/\/diarioregionaldigital.com.br\/index.php?rest_route=\/wp\/v2\/posts"}],"about":[{"href":"https:\/\/diarioregionaldigital.com.br\/index.php?rest_route=\/wp\/v2\/types\/post"}],"author":[{"embeddable":true,"href":"https:\/\/diarioregionaldigital.com.br\/index.php?rest_route=\/wp\/v2\/users\/246"}],"replies":[{"embeddable":true,"href":"https:\/\/diarioregionaldigital.com.br\/index.php?rest_route=%2Fwp%2Fv2%2Fcomments&post=227933"}],"version-history":[{"count":1,"href":"https:\/\/diarioregionaldigital.com.br\/index.php?rest_route=\/wp\/v2\/posts\/227933\/revisions"}],"predecessor-version":[{"id":227935,"href":"https:\/\/diarioregionaldigital.com.br\/index.php?rest_route=\/wp\/v2\/posts\/227933\/revisions\/227935"}],"wp:featuredmedia":[{"embeddable":true,"href":"https:\/\/diarioregionaldigital.com.br\/index.php?rest_route=\/wp\/v2\/media\/227934"}],"wp:attachment":[{"href":"https:\/\/diarioregionaldigital.com.br\/index.php?rest_route=%2Fwp%2Fv2%2Fmedia&parent=227933"}],"wp:term":[{"taxonomy":"category","embeddable":true,"href":"https:\/\/diarioregionaldigital.com.br\/index.php?rest_route=%2Fwp%2Fv2%2Fcategories&post=227933"},{"taxonomy":"post_tag","embeddable":true,"href":"https:\/\/diarioregionaldigital.com.br\/index.php?rest_route=%2Fwp%2Fv2%2Ftags&post=227933"}],"curies":[{"name":"wp","href":"https:\/\/api.w.org\/{rel}","templated":true}]}}