{"id":227930,"date":"2025-04-25T19:02:20","date_gmt":"2025-04-25T22:02:20","guid":{"rendered":"https:\/\/diarioregionaldigital.com.br\/?p=227930"},"modified":"2025-04-25T19:02:20","modified_gmt":"2025-04-25T22:02:20","slug":"governo-de-minas-encerra-participacao-na-mtm-2025-com-lancamento-de-rotas-turisticas-e-acoes-que-fortalecem-o-setor-no-estado","status":"publish","type":"post","link":"https:\/\/diarioregionaldigital.com.br\/?p=227930","title":{"rendered":"Governo de Minas encerra participa\u00e7\u00e3o na MTM 2025 com lan\u00e7amento de rotas tur\u00edsticas e a\u00e7\u00f5es que fortalecem o setor no estado"},"content":{"rendered":"<p>Com o lan\u00e7amento de novas rotas tur\u00edsticas, ampliando a oferta de experi\u00eancias e a integra\u00e7\u00e3o de territ\u00f3rios, o\u00a0<a href=\"https:\/\/www.mg.gov.br\/\" target=\"_blank\" rel=\"noopener\">Governo de Minas<\/a>, por meio da\u00a0<a href=\"https:\/\/www.secult.mg.gov.br\/\" target=\"_blank\" rel=\"noopener\">Secretaria de Estado de Cultura e Turismo (Secult-MG)<\/a>, encerrou, nesta sexta-feira (25\/4), a participa\u00e7\u00e3o na segunda edi\u00e7\u00e3o da Minas Travel Market (MTM) 2025, realizada no Minascentro, em Belo Horizonte. As novas rotas foram estruturadas em parceria com Sebrae Minas,\u00a0<a href=\"http:\/\/www.codemge.com.br\/\" target=\"_blank\" rel=\"noopener\">Codemge<\/a>\u00a0e diversos parceiros regionais e municipais, e est\u00e3o alinhadas \u00e0 promo\u00e7\u00e3o dos destinos mineiros e \u00e0 pol\u00edtica de fortalecimento do turismo como vetor de desenvolvimento.<\/p>\n<p>Enquanto o turismo nacional recuou em janeiro (-6,1%) e iniciou uma leve recupera\u00e7\u00e3o em fevereiro (+2,9%), Minas Gerais cresceu 1,7% em fevereiro e deve encerrar o primeiro quadrimestre com crescimento acima da m\u00e9dia nacional. Os resultados refletem investimentos consistentes do Governo de Minas: apenas em fevereiro, foram destinados mais de R$ 6 milh\u00f5es aos munic\u00edpios participantes do ICMS Turismo, beneficiando 581 cidades.<\/p>\n<p><strong>Novas rotas<\/strong><\/p>\n<p>A Rota Capara\u00f3 Mineiro convida os visitantes a explorarem os munic\u00edpios de Alto Capara\u00f3, Alto Jequitib\u00e1, Capara\u00f3 e Espera Feliz, onde paisagens de montanhas imponentes e cachoeiras encantadoras revelam um destino de contempla\u00e7\u00e3o e natureza exuberante.<\/p>\n<p>A Rota Vulc\u00e2nica, por sua vez, percorre os munic\u00edpios de Po\u00e7os de Caldas, Caldas e Andradas, no sul da Mantiqueira de Minas, territ\u00f3rio de origem vulc\u00e2nica com forte tradi\u00e7\u00e3o em turismo de sa\u00fade, enoturismo e experi\u00eancias termais.<\/p>\n<p>J\u00e1 a Rota Estrada C\u00eanica da Cordilheira do Espinha\u00e7o conecta 11 munic\u00edpios em um percurso que une parques naturais, serras, cidades hist\u00f3ricas e vales entre Lagoa Santa e Diamantina.<\/p>\n<p>\u201cOs lan\u00e7amentos que fizemos na MTM 2025 representam um novo cap\u00edtulo para o turismo em Minas Gerais. Estamos conectando territ\u00f3rios, fortalecendo experi\u00eancias aut\u00eanticas e mostrando ao Brasil e ao mundo que Minas \u00e9 m\u00faltipla, diversa e preparada para receber com excel\u00eancia. \u00c9 o turismo como motor de desenvolvimento e identidade\u201d, ressalta o secret\u00e1rio de Estado de Cultura e Turismo de Minas Gerais, Le\u00f4nidas de Oliveira.<\/p>\n<p><strong>Turismo da F\u00e9<\/strong><\/p>\n<p>No campo do turismo religioso, o estande in\u00e9dito Turismo da F\u00e9 foi palco do lan\u00e7amento do Passaporte da Esperan\u00e7a, idealizado pela Arquidiocese de Belo Horizonte em prepara\u00e7\u00e3o para o Jubileu de 2025. O projeto convida os visitantes a percorrerem 19 Igrejas Jubilares da capital mineira em uma jornada de f\u00e9, espiritualidade e valoriza\u00e7\u00e3o do patrim\u00f4nio cultural.<\/p>\n<p>\u201cO turismo religioso em Minas Gerais \u00e9 express\u00e3o viva da f\u00e9 do nosso povo e uma ponte que une espiritualidade, cultura e desenvolvimento para nossas comunidades\u201d, afirmou o padre Wagner Caleg\u00e1rio, reitor do Santu\u00e1rio Bas\u00edlica Nossa Senhora da Piedade, em Caet\u00e9.<\/p>\n<p>Capit\u00f3lio tamb\u00e9m teve destaque na programa\u00e7\u00e3o com o lan\u00e7amento da terceira edi\u00e7\u00e3o do Sal\u00e3o N\u00e1utico Capit\u00f3lio (SNC), que ser\u00e1 realizado de 24 a 27\/7\u00a0na Marina Escarpas, no Lago de Furnas. O evento \u00e9 considerado o maior do setor n\u00e1utico em Minas Gerais e deve movimentar mais de R$ 30 milh\u00f5es em neg\u00f3cios, al\u00e9m de atrair cerca de 10 mil visitantes.<\/p>\n<p>O encerramento da MTM 2025, que reuniu mais de 3 mil\u00a0profissionais do trade tur\u00edstico de diversas regi\u00f5es do pa\u00eds e 4 mil\u00a0visitantes, foi marcado ainda por capacita\u00e7\u00f5es e pitchs para agentes de viagem, degusta\u00e7\u00f5es de produtos t\u00edpicos e apresenta\u00e7\u00f5es nas Cozinhas Vivas, consolidando Minas Gerais como um dos grandes protagonistas do turismo nacional. A Minas Travel Market \u00e9 resultado da parceria entre a Associa\u00e7\u00e3o Brasileira de Ag\u00eancias de Viagens de Minas Gerais (Abav-MG) e a BBC Eventos.<\/p>\n<p>Fonte: Ag\u00eancia Minas<\/p>\n","protected":false},"excerpt":{"rendered":"<p>Com o lan\u00e7amento de novas rotas tur\u00edsticas, ampliando a oferta de experi\u00eancias e a integra\u00e7\u00e3o de territ\u00f3rios, o\u00a0Governo de Minas, por meio da\u00a0Secretaria de Estado de Cultura e Turismo (Secult-MG), encerrou, nesta sexta-feira (25\/4), a participa\u00e7\u00e3o na segunda edi\u00e7\u00e3o da Minas Travel Market (MTM) 2025, realizada no Minascentro, em Belo Horizonte. As novas rotas foram [&hellip;]<\/p>\n","protected":false},"author":246,"featured_media":227931,"comment_status":"closed","ping_status":"closed","sticky":false,"template":"","format":"standard","meta":{"footnotes":""},"categories":[436,440,261,254,439],"tags":[],"class_list":["post-227930","post","type-post","status-publish","format-standard","has-post-thumbnail","hentry","category-destaque-da-semana","category-destaques-do-dia","category-economia","category-politica","category-ultima-hora"],"_links":{"self":[{"href":"https:\/\/diarioregionaldigital.com.br\/index.php?rest_route=\/wp\/v2\/posts\/227930","targetHints":{"allow":["GET"]}}],"collection":[{"href":"https:\/\/diarioregionaldigital.com.br\/index.php?rest_route=\/wp\/v2\/posts"}],"about":[{"href":"https:\/\/diarioregionaldigital.com.br\/index.php?rest_route=\/wp\/v2\/types\/post"}],"author":[{"embeddable":true,"href":"https:\/\/diarioregionaldigital.com.br\/index.php?rest_route=\/wp\/v2\/users\/246"}],"replies":[{"embeddable":true,"href":"https:\/\/diarioregionaldigital.com.br\/index.php?rest_route=%2Fwp%2Fv2%2Fcomments&post=227930"}],"version-history":[{"count":1,"href":"https:\/\/diarioregionaldigital.com.br\/index.php?rest_route=\/wp\/v2\/posts\/227930\/revisions"}],"predecessor-version":[{"id":227932,"href":"https:\/\/diarioregionaldigital.com.br\/index.php?rest_route=\/wp\/v2\/posts\/227930\/revisions\/227932"}],"wp:featuredmedia":[{"embeddable":true,"href":"https:\/\/diarioregionaldigital.com.br\/index.php?rest_route=\/wp\/v2\/media\/227931"}],"wp:attachment":[{"href":"https:\/\/diarioregionaldigital.com.br\/index.php?rest_route=%2Fwp%2Fv2%2Fmedia&parent=227930"}],"wp:term":[{"taxonomy":"category","embeddable":true,"href":"https:\/\/diarioregionaldigital.com.br\/index.php?rest_route=%2Fwp%2Fv2%2Fcategories&post=227930"},{"taxonomy":"post_tag","embeddable":true,"href":"https:\/\/diarioregionaldigital.com.br\/index.php?rest_route=%2Fwp%2Fv2%2Ftags&post=227930"}],"curies":[{"name":"wp","href":"https:\/\/api.w.org\/{rel}","templated":true}]}}