{"id":227914,"date":"2025-04-24T19:32:42","date_gmt":"2025-04-24T22:32:42","guid":{"rendered":"https:\/\/diarioregionaldigital.com.br\/?p=227914"},"modified":"2025-04-24T19:32:42","modified_gmt":"2025-04-24T22:32:42","slug":"confira-os-jogos-da-copa-bom-de-bola-2025-deste-sabado-26","status":"publish","type":"post","link":"https:\/\/diarioregionaldigital.com.br\/?p=227914","title":{"rendered":"Confira os jogos da Copa Bom de Bola 2025 deste s\u00e1bado (26)"},"content":{"rendered":"<p>Segundo informa\u00e7\u00f5es do site da Prefeitura de Juiz de Fora (PJF),\u00a0 a\u00a0Copa Bom de Bola 2025 segue neste s\u00e1bado, 26, com mais uma rodada de jogos que promete agitar os campos de Juiz de Fora. S\u00e3o tr\u00eas partidas no Parque Municipal, localizado na Rua do Cont\u00f4rno, n\u00famero 8, no bairro Nova Calif\u00f3rnia. Elas come\u00e7am \u00e0s 8h30, com &#8220;Projeto Bom de Bola (PBB) Parque Municipal&#8221;\u00a0 x\u00a0 PBB Boa Uni\u00e3o\/ Nova Era, pela categoria sub-9. \u00c0s 9h30 o confronto ser\u00e1 entre o PBB Nova Era e o perdedor do jogo 1, pela categoria sub-9. \u00c0s 10h30, acontece o jogo entre PBB Barreira e o vencedor do jogo 1, disputando tamb\u00e9m pela categoria sub-9.<\/p>\n<p>Ainda no s\u00e1bado, no Campo do Nova Uni\u00e3o, na Rua Arthur Petterson, s\/n, no bairro Jardim Casablanca, os jogos tamb\u00e9m v\u00e3o acontecer de maneira simult\u00e2nea \u00e0s demais partidas. \u00c0s 8h30, o PBB Santa Rita enfrenta o PBB Comerci\u00e1rios, pela categoria sub- 15. \u00c0s 9h30, o jogo ser\u00e1 entre o PBB Santa Rita e o PBB Comerci\u00e1rios, pela categoria sub-13. Finalizando os jogos no campo, \u00e0s 10h30 as equipes do PBB Santa Rita e o Comerci\u00e1rios, pela categoria sub- 17.<\/p>\n<p>No mesmo dia, no campo da Comiss\u00e3o de Administra\u00e7\u00e3o do Espa\u00e7o Municipal, tamb\u00e9m tem bola rolando. \u00c0s 9h, PBB Progresso e Akibaia F.C se enfrentam, pela categoria sub-13. J\u00e1 \u00e0s 10h pela categoria sub-15, PBB Progresso e Akibaia F.C.<\/p>\n<p>O Secret\u00e1rio de Esporte e Lazer, Marcelo Matta, ressalta a import\u00e2ncia do projeto. \u201cContribuir na forma\u00e7\u00e3o de meninos e meninas utilizando o futebol, que \u00e9 uma das maiores culturas esportivas do mundo, \u00e9 motivo de orgulho para a cidade\u201d, afirmou.<\/p>\n<p><strong>Esporte e forma\u00e7\u00e3o cidad\u00e3<\/strong><\/p>\n<p>Al\u00e9m da competi\u00e7\u00e3o esportiva, a Copa Bom de Bola 2025\u00a0 tem como um de seus pilares a promo\u00e7\u00e3o da cultura da paz por meio do esporte. A SEL refor\u00e7a que o evento \u00e9 voltado para crian\u00e7as e adolescentes em forma\u00e7\u00e3o, e que \u00e9 fundamental o envolvimento consciente de todos os participantes, incluindo pais, respons\u00e1veis, professores e \u00e1rbitros. A filosofia da Copa defende que os jogos devem ser vistos como experi\u00eancias educativas, nas quais o respeito, o equil\u00edbrio emocional e o bom exemplo s\u00e3o fundamentais.<\/p>\n<p>\u260e\ufe0f Telefone: (32) 3690-7822 \u2013 Secretaria de Esporte e Lazer<\/p>\n<div><\/div>\n","protected":false},"excerpt":{"rendered":"<p>Segundo informa\u00e7\u00f5es do site da Prefeitura de Juiz de Fora (PJF),\u00a0 a\u00a0Copa Bom de Bola 2025 segue neste s\u00e1bado, 26, com mais uma rodada de jogos que promete agitar os campos de Juiz de Fora. S\u00e3o tr\u00eas partidas no Parque Municipal, localizado na Rua do Cont\u00f4rno, n\u00famero 8, no bairro Nova Calif\u00f3rnia. Elas come\u00e7am \u00e0s [&hellip;]<\/p>\n","protected":false},"author":246,"featured_media":227915,"comment_status":"closed","ping_status":"closed","sticky":false,"template":"","format":"standard","meta":{"footnotes":""},"categories":[253,436,440,257,439],"tags":[],"class_list":["post-227914","post","type-post","status-publish","format-standard","has-post-thumbnail","hentry","category-cidade","category-destaque-da-semana","category-destaques-do-dia","category-esporte","category-ultima-hora"],"_links":{"self":[{"href":"https:\/\/diarioregionaldigital.com.br\/index.php?rest_route=\/wp\/v2\/posts\/227914","targetHints":{"allow":["GET"]}}],"collection":[{"href":"https:\/\/diarioregionaldigital.com.br\/index.php?rest_route=\/wp\/v2\/posts"}],"about":[{"href":"https:\/\/diarioregionaldigital.com.br\/index.php?rest_route=\/wp\/v2\/types\/post"}],"author":[{"embeddable":true,"href":"https:\/\/diarioregionaldigital.com.br\/index.php?rest_route=\/wp\/v2\/users\/246"}],"replies":[{"embeddable":true,"href":"https:\/\/diarioregionaldigital.com.br\/index.php?rest_route=%2Fwp%2Fv2%2Fcomments&post=227914"}],"version-history":[{"count":1,"href":"https:\/\/diarioregionaldigital.com.br\/index.php?rest_route=\/wp\/v2\/posts\/227914\/revisions"}],"predecessor-version":[{"id":227916,"href":"https:\/\/diarioregionaldigital.com.br\/index.php?rest_route=\/wp\/v2\/posts\/227914\/revisions\/227916"}],"wp:featuredmedia":[{"embeddable":true,"href":"https:\/\/diarioregionaldigital.com.br\/index.php?rest_route=\/wp\/v2\/media\/227915"}],"wp:attachment":[{"href":"https:\/\/diarioregionaldigital.com.br\/index.php?rest_route=%2Fwp%2Fv2%2Fmedia&parent=227914"}],"wp:term":[{"taxonomy":"category","embeddable":true,"href":"https:\/\/diarioregionaldigital.com.br\/index.php?rest_route=%2Fwp%2Fv2%2Fcategories&post=227914"},{"taxonomy":"post_tag","embeddable":true,"href":"https:\/\/diarioregionaldigital.com.br\/index.php?rest_route=%2Fwp%2Fv2%2Ftags&post=227914"}],"curies":[{"name":"wp","href":"https:\/\/api.w.org\/{rel}","templated":true}]}}