{"id":227898,"date":"2025-04-24T19:26:53","date_gmt":"2025-04-24T22:26:53","guid":{"rendered":"https:\/\/diarioregionaldigital.com.br\/?p=227898"},"modified":"2025-04-24T19:26:53","modified_gmt":"2025-04-24T22:26:53","slug":"faturamento-do-setor-de-panificacao-cresce-11-em-2024","status":"publish","type":"post","link":"https:\/\/diarioregionaldigital.com.br\/?p=227898","title":{"rendered":"Faturamento do setor de panifica\u00e7\u00e3o cresce 11% em 2024"},"content":{"rendered":"<p><strong>O faturamento do setor de panifica\u00e7\u00e3o alcan\u00e7ou R$ 153,3 bilh\u00f5es em 2024, um aumento de 10,9% em rela\u00e7\u00e3o ao ano anterior.\u00a0<\/strong>Os dados s\u00e3o do Instituto de Desenvolvimento das Empresas de Alimenta\u00e7\u00e3o (Ideal).<img decoding=\"async\" src=\"https:\/\/agenciabrasil.ebc.com.br\/ebc.png?id=1640127&amp;o=node\" \/><img decoding=\"async\" src=\"https:\/\/agenciabrasil.ebc.com.br\/ebc.gif?id=1640127&amp;o=node\" \/><\/p>\n<p>De acordo com a Associa\u00e7\u00e3o Brasileira da Ind\u00fastria da Panifica\u00e7\u00e3o e Confeitaria (Abip),<strong>\u00a0o resultado est\u00e1 ligado ao aumento do fluxo de clientes nas padarias, que cresceu cerca de 4,57% no ano passado.<\/strong><\/p>\n<p>&#8220;A padaria voltou a ser o local para refei\u00e7\u00f5es r\u00e1pidas, encontros e at\u00e9 reuni\u00f5es de trabalho. Alcan\u00e7amos um crescimento fant\u00e1stico, pois foi quase quatro vezes maior que a performance do ano passado [2023] e refor\u00e7a o quanto a padaria retomou seu posicionamento como um espa\u00e7o vers\u00e1til de servi\u00e7os&#8221;, destacou Emerson Amaral, da Abip.<\/p>\n<p><strong>A Regi\u00e3o Norte do pa\u00eds liderou o crescimento do faturamento do setor em 2024, com um aumento de 16,3%.<\/strong>\u00a0J\u00e1 o Sudeste, regi\u00e3o onde se concentra o maior n\u00famero de empresas, cresceu 8,8%.<\/p>\n<p>A cidade de S\u00e3o Paulo permaneceu sendo a capital com maior n\u00famero de estabelecimentos (21.358), seguida por Rio de Janeiro (12.191), Belo Horizonte (4.809), Bras\u00edlia (4.723) e Salvador (4.005).<\/p>\n<p>Fonte: Ag\u00eancia Brasil<\/p>\n","protected":false},"excerpt":{"rendered":"<p>O faturamento do setor de panifica\u00e7\u00e3o alcan\u00e7ou R$ 153,3 bilh\u00f5es em 2024, um aumento de 10,9% em rela\u00e7\u00e3o ao ano anterior.\u00a0Os dados s\u00e3o do Instituto de Desenvolvimento das Empresas de Alimenta\u00e7\u00e3o (Ideal). De acordo com a Associa\u00e7\u00e3o Brasileira da Ind\u00fastria da Panifica\u00e7\u00e3o e Confeitaria (Abip),\u00a0o resultado est\u00e1 ligado ao aumento do fluxo de clientes nas [&hellip;]<\/p>\n","protected":false},"author":246,"featured_media":227899,"comment_status":"closed","ping_status":"closed","sticky":false,"template":"","format":"standard","meta":{"footnotes":""},"categories":[436,440,261,439],"tags":[],"class_list":["post-227898","post","type-post","status-publish","format-standard","has-post-thumbnail","hentry","category-destaque-da-semana","category-destaques-do-dia","category-economia","category-ultima-hora"],"_links":{"self":[{"href":"https:\/\/diarioregionaldigital.com.br\/index.php?rest_route=\/wp\/v2\/posts\/227898","targetHints":{"allow":["GET"]}}],"collection":[{"href":"https:\/\/diarioregionaldigital.com.br\/index.php?rest_route=\/wp\/v2\/posts"}],"about":[{"href":"https:\/\/diarioregionaldigital.com.br\/index.php?rest_route=\/wp\/v2\/types\/post"}],"author":[{"embeddable":true,"href":"https:\/\/diarioregionaldigital.com.br\/index.php?rest_route=\/wp\/v2\/users\/246"}],"replies":[{"embeddable":true,"href":"https:\/\/diarioregionaldigital.com.br\/index.php?rest_route=%2Fwp%2Fv2%2Fcomments&post=227898"}],"version-history":[{"count":2,"href":"https:\/\/diarioregionaldigital.com.br\/index.php?rest_route=\/wp\/v2\/posts\/227898\/revisions"}],"predecessor-version":[{"id":227901,"href":"https:\/\/diarioregionaldigital.com.br\/index.php?rest_route=\/wp\/v2\/posts\/227898\/revisions\/227901"}],"wp:featuredmedia":[{"embeddable":true,"href":"https:\/\/diarioregionaldigital.com.br\/index.php?rest_route=\/wp\/v2\/media\/227899"}],"wp:attachment":[{"href":"https:\/\/diarioregionaldigital.com.br\/index.php?rest_route=%2Fwp%2Fv2%2Fmedia&parent=227898"}],"wp:term":[{"taxonomy":"category","embeddable":true,"href":"https:\/\/diarioregionaldigital.com.br\/index.php?rest_route=%2Fwp%2Fv2%2Fcategories&post=227898"},{"taxonomy":"post_tag","embeddable":true,"href":"https:\/\/diarioregionaldigital.com.br\/index.php?rest_route=%2Fwp%2Fv2%2Ftags&post=227898"}],"curies":[{"name":"wp","href":"https:\/\/api.w.org\/{rel}","templated":true}]}}