{"id":227894,"date":"2025-04-24T11:53:59","date_gmt":"2025-04-24T14:53:59","guid":{"rendered":"https:\/\/diarioregionaldigital.com.br\/?p=227894"},"modified":"2025-04-24T11:53:59","modified_gmt":"2025-04-24T14:53:59","slug":"edital-de-convocacao-assembleia-geral-ordinaria-associacao-dos-proprietarios-do-loteamento-via-do-sol-24-04-2025","status":"publish","type":"post","link":"https:\/\/diarioregionaldigital.com.br\/?p=227894","title":{"rendered":"Edital de Convoca\u00e7\u00e3o  Assembleia Geral Ordin\u00e1ria  Associa\u00e7\u00e3o dos Propriet\u00e1rios do Loteamento Via do Sol &#8211; 24\/04\/2025"},"content":{"rendered":"<p>Edital de Convoca\u00e7\u00e3o Assembleia Geral Ordin\u00e1ria Associa\u00e7\u00e3o dos Propriet\u00e1rios do Loteamento Via do Sol<\/p>\n<p>Dia 05 de maio de 2025 \u00e0s 19h00 horas em primeira chamada.<\/p>\n<p>Juiz de Fora, 23 de abril de 2025.<\/p>\n<p>Na qualidade de presidente da Associa\u00e7\u00e3o dos Propriet\u00e1rios do Loteamento Via do Sol, na forma convencionalmente prevista, convidamos os demais associados para a ASSEMBLEIA GERAL ORDIN\u00c1RIA, que se far\u00e1 realizar no pr\u00f3ximo dia 05 de maio de 2025, \u00e0s 19h00, em primeira convoca\u00e7\u00e3o com a presen\u00e7a de metade mais 01 (hum) dos s\u00f3cios e as 19h30 em segunda e \u00faltima convoca\u00e7\u00e3o, com qualquer n\u00famero de presentes, a assembleia ser\u00e1 realizada de forma virtual, na plataforma do Superlogica e ter\u00e1 dura\u00e7\u00e3o m\u00e1xima de 2:00(duas) horas, cujo link ser\u00e1 disponibilizado tamb\u00e9m via e-mail e aplicativo 02 horas antes de iniciar a Assembleia, a fim de deliberarem sobre as seguintes pautas:<\/p>\n<p>Ordem do Dia<\/p>\n<p>1) Presta\u00e7\u00e3o de Contas Gest\u00e3o 2023 a 04\/2025;<\/p>\n<p>2) Previs\u00e3o Or\u00e7ament\u00e1ria \u2013 Gest\u00e3o 2025 \/ 2026;<\/p>\n<p>3) Elei\u00e7\u00e3o da Nova Diretoria \u2013 Gest\u00e3o 06\/2025 a 05\/2027;<\/p>\n<p>4) Apresenta\u00e7\u00e3o de Or\u00e7amentos de Nova Empresa de Seguran\u00e7a para a Associa\u00e7\u00e3o (a vota\u00e7\u00e3o desse<\/p>\n<p>item ser\u00e1 on- line p\u00f3s assembleia)<\/p>\n<p>5) Aprova\u00e7\u00e3o para altera\u00e7\u00e3o do estatuto atual(ser\u00e1 apresentado o novo em reuni\u00e3o futura para vota\u00e7\u00e3o)<\/p>\n<p>Em virtude dos assuntos a serem tratados, lembro a todos da conveni\u00eancia de comparecer ou se fazer representar por espec\u00edfica procura\u00e7\u00e3o.<\/p>\n<p>Esclare\u00e7o aos senhores associados ou seus representantes que n\u00e3o poder\u00e3o votar e nem ser votado nas delibera\u00e7\u00f5es da assembleia se n\u00e3o estiver em dia com suas obriga\u00e7\u00f5es associativas, sendo nulos os seus votos e suas presen\u00e7as, conforme a lei n\u00ba 10.406\/02 &#8211; Art. 1.335.<\/p>\n<p>Os candidatos a qualquer um dos cargos de diretoria ou conselho poder\u00e3o enviar suas propostas at\u00e9 a data das 04\/05\/2025 \u00e0s 18h00 para o e-mail: condominio@gruponogueira.net. Os nomes dos candidatos estar\u00e3o dispon\u00edveis Via Aplicativo (Superl\u00f3gica) na data da Assembleia.<\/p>\n","protected":false},"excerpt":{"rendered":"<p>Edital de Convoca\u00e7\u00e3o Assembleia Geral Ordin\u00e1ria Associa\u00e7\u00e3o dos Propriet\u00e1rios do Loteamento Via do Sol Dia 05 de maio de 2025 \u00e0s 19h00 horas em primeira chamada. Juiz de Fora, 23 de abril de 2025. Na qualidade de presidente da Associa\u00e7\u00e3o dos Propriet\u00e1rios do Loteamento Via do Sol, na forma convencionalmente prevista, convidamos os demais associados [&hellip;]<\/p>\n","protected":false},"author":246,"featured_media":0,"comment_status":"closed","ping_status":"closed","sticky":false,"template":"","format":"standard","meta":{"footnotes":""},"categories":[307],"tags":[],"class_list":["post-227894","post","type-post","status-publish","format-standard","hentry","category-editais"],"_links":{"self":[{"href":"https:\/\/diarioregionaldigital.com.br\/index.php?rest_route=\/wp\/v2\/posts\/227894","targetHints":{"allow":["GET"]}}],"collection":[{"href":"https:\/\/diarioregionaldigital.com.br\/index.php?rest_route=\/wp\/v2\/posts"}],"about":[{"href":"https:\/\/diarioregionaldigital.com.br\/index.php?rest_route=\/wp\/v2\/types\/post"}],"author":[{"embeddable":true,"href":"https:\/\/diarioregionaldigital.com.br\/index.php?rest_route=\/wp\/v2\/users\/246"}],"replies":[{"embeddable":true,"href":"https:\/\/diarioregionaldigital.com.br\/index.php?rest_route=%2Fwp%2Fv2%2Fcomments&post=227894"}],"version-history":[{"count":1,"href":"https:\/\/diarioregionaldigital.com.br\/index.php?rest_route=\/wp\/v2\/posts\/227894\/revisions"}],"predecessor-version":[{"id":227895,"href":"https:\/\/diarioregionaldigital.com.br\/index.php?rest_route=\/wp\/v2\/posts\/227894\/revisions\/227895"}],"wp:attachment":[{"href":"https:\/\/diarioregionaldigital.com.br\/index.php?rest_route=%2Fwp%2Fv2%2Fmedia&parent=227894"}],"wp:term":[{"taxonomy":"category","embeddable":true,"href":"https:\/\/diarioregionaldigital.com.br\/index.php?rest_route=%2Fwp%2Fv2%2Fcategories&post=227894"},{"taxonomy":"post_tag","embeddable":true,"href":"https:\/\/diarioregionaldigital.com.br\/index.php?rest_route=%2Fwp%2Fv2%2Ftags&post=227894"}],"curies":[{"name":"wp","href":"https:\/\/api.w.org\/{rel}","templated":true}]}}