{"id":227887,"date":"2025-04-23T20:47:37","date_gmt":"2025-04-23T23:47:37","guid":{"rendered":"https:\/\/diarioregionaldigital.com.br\/?p=227887"},"modified":"2025-04-23T20:47:37","modified_gmt":"2025-04-23T23:47:37","slug":"wanna-brito-bate-recorde-mundial-no-arremesso-de-peso-paralimpico","status":"publish","type":"post","link":"https:\/\/diarioregionaldigital.com.br\/?p=227887","title":{"rendered":"Wanna Brito bate recorde mundial no arremesso de peso paral\u00edmpico"},"content":{"rendered":"<p>A amapaense Wanna Brito deu mais uma prova de que \u00e9 um dos grandes nomes do atletismo brasileiro paral\u00edmpico na atualidade ao estabelecer o novo recorde mundial da prova de arremesso de peso da classe F32 (paralisia cerebral), nesta quarta-feira (23) no Centro de Treinamento Paral\u00edmpico, em S\u00e3o Paulo, durante a segunda fase do Desafio Brasil de Atletismo.<img decoding=\"async\" src=\"https:\/\/agenciabrasil.ebc.com.br\/ebc.png?id=1639991&amp;o=node\" \/><img decoding=\"async\" src=\"https:\/\/agenciabrasil.ebc.com.br\/ebc.gif?id=1639991&amp;o=node\" \/><\/p>\n<p>Wanna Brito conseguiu o feito com um lan\u00e7amento de 8,18 metros, tr\u00eas cent\u00edmetros a mais do que os 8,15 metros que a pr\u00f3pria amapaense alcan\u00e7ou na Primeira Fase do evento, realizada no \u00faltimo domingo (20) tamb\u00e9m no Centro de Treinamento Paral\u00edmpico, e com os quais j\u00e1 havia estabelecido um novo recorde mundial.<\/p>\n<p>\u201cEssa marca j\u00e1 sa\u00eda desde o ano passado, s\u00f3 que em treinos. Nunca em competi\u00e7\u00e3o. Acho que, talvez por estar muito \u00e0 vontade, ela est\u00e1 saindo agora. Depois de Paris [Jogos Paral\u00edmpicos], tudo de bom e de ruim j\u00e1 aconteceu e isso me deu muita experi\u00eancia. Agora est\u00e1 mais f\u00e1cil\u201d, afirmou a atleta.<\/p>\n<p>No arremesso de peso, Wanna j\u00e1 conquistou uma medalha de ouro no Mundial de Kobe (Jap\u00e3o), em maio de 2024, e uma prata nos Jogos Paral\u00edmpicos de Paris, no segundo semestre do mesmo ano.<\/p>\n<p>Fonte: Ag\u00eancia Brasil<\/p>\n","protected":false},"excerpt":{"rendered":"<p>A amapaense Wanna Brito deu mais uma prova de que \u00e9 um dos grandes nomes do atletismo brasileiro paral\u00edmpico na atualidade ao estabelecer o novo recorde mundial da prova de arremesso de peso da classe F32 (paralisia cerebral), nesta quarta-feira (23) no Centro de Treinamento Paral\u00edmpico, em S\u00e3o Paulo, durante a segunda fase do Desafio [&hellip;]<\/p>\n","protected":false},"author":246,"featured_media":227888,"comment_status":"closed","ping_status":"closed","sticky":false,"template":"","format":"standard","meta":{"footnotes":""},"categories":[436,440,257,439],"tags":[],"class_list":["post-227887","post","type-post","status-publish","format-standard","has-post-thumbnail","hentry","category-destaque-da-semana","category-destaques-do-dia","category-esporte","category-ultima-hora"],"_links":{"self":[{"href":"https:\/\/diarioregionaldigital.com.br\/index.php?rest_route=\/wp\/v2\/posts\/227887","targetHints":{"allow":["GET"]}}],"collection":[{"href":"https:\/\/diarioregionaldigital.com.br\/index.php?rest_route=\/wp\/v2\/posts"}],"about":[{"href":"https:\/\/diarioregionaldigital.com.br\/index.php?rest_route=\/wp\/v2\/types\/post"}],"author":[{"embeddable":true,"href":"https:\/\/diarioregionaldigital.com.br\/index.php?rest_route=\/wp\/v2\/users\/246"}],"replies":[{"embeddable":true,"href":"https:\/\/diarioregionaldigital.com.br\/index.php?rest_route=%2Fwp%2Fv2%2Fcomments&post=227887"}],"version-history":[{"count":1,"href":"https:\/\/diarioregionaldigital.com.br\/index.php?rest_route=\/wp\/v2\/posts\/227887\/revisions"}],"predecessor-version":[{"id":227889,"href":"https:\/\/diarioregionaldigital.com.br\/index.php?rest_route=\/wp\/v2\/posts\/227887\/revisions\/227889"}],"wp:featuredmedia":[{"embeddable":true,"href":"https:\/\/diarioregionaldigital.com.br\/index.php?rest_route=\/wp\/v2\/media\/227888"}],"wp:attachment":[{"href":"https:\/\/diarioregionaldigital.com.br\/index.php?rest_route=%2Fwp%2Fv2%2Fmedia&parent=227887"}],"wp:term":[{"taxonomy":"category","embeddable":true,"href":"https:\/\/diarioregionaldigital.com.br\/index.php?rest_route=%2Fwp%2Fv2%2Fcategories&post=227887"},{"taxonomy":"post_tag","embeddable":true,"href":"https:\/\/diarioregionaldigital.com.br\/index.php?rest_route=%2Fwp%2Fv2%2Ftags&post=227887"}],"curies":[{"name":"wp","href":"https:\/\/api.w.org\/{rel}","templated":true}]}}