{"id":227877,"date":"2025-04-23T20:42:43","date_gmt":"2025-04-23T23:42:43","guid":{"rendered":"https:\/\/diarioregionaldigital.com.br\/?p=227877"},"modified":"2025-04-23T20:43:58","modified_gmt":"2025-04-23T23:43:58","slug":"estudantes-da-rede-publica-ainda-podem-garantir-isencao-da-taxa-de-inscricao-do-enem-2025","status":"publish","type":"post","link":"https:\/\/diarioregionaldigital.com.br\/?p=227877","title":{"rendered":"Cemig inaugura Superintend\u00eancia Regional em Montes Claros com previs\u00e3o de investir R$ 936 milh\u00f5es na regi\u00e3o Norte e Noroeste"},"content":{"rendered":"<p>O\u00a0<a href=\"https:\/\/www.mg.gov.br\/\" target=\"_blank\" rel=\"noopener\">Governo de Minas<\/a>, por meio da\u00a0<a href=\"https:\/\/meioambiente.mg.gov.br\/\" target=\"_blank\" rel=\"noopener\">Secretaria de Estado de Meio Ambiente e Desenvolvimento Sustent\u00e1vel (Semad)<\/a>, realizou a Opera\u00e7\u00e3o Cl\u00edmax durante o m\u00eas de abril\u00a0para coibir pr\u00e1ticas ilegais de desmatamento no Leste do estado e aplicar medidas administrativas previstas em lei.<\/p>\n<p>A opera\u00e7\u00e3o integrada entre as Unidades Regionais de Fiscaliza\u00e7\u00e3o (Urfis) do Leste de Minas e do Jequitinhonha teve como foco \u00e1reas sob press\u00e3o ambiental, especialmente \u00e1reas cobertas por remanescentes de Mata Atl\u00e2ntica \u2013 bioma que segue amea\u00e7ado pela expans\u00e3o urbana, agr\u00edcola e industrial.<\/p>\n<p>Foram selecionados 36 alvos, com base nos alertas de desmatamento identificados pelo Programa Brasil Mais, somando cerca de 260 hectares. A prioridade foi dada a \u00e1reas de maior extens\u00e3o de desmatamento e que n\u00e3o haviam sido fiscalizadas recentemente, para otimizar a efetividade das a\u00e7\u00f5es em campo.<\/p>\n<figure class=\"image\"><img decoding=\"async\" src=\"https:\/\/www.agenciaminas.mg.gov.br\/ckeditor_assets\/pictures\/22837\/content_climax5.jpg\" alt=\"\" \/><figcaption><sub><em>Semad \/ Divulga\u00e7\u00e3o<\/em><\/sub><\/figcaption><\/figure>\n<p>A Semad identificou infra\u00e7\u00f5es ambientais em 71% dessas \u00e1reas, com registro do uso de m\u00e1quinas como meio comprobat\u00f3rio das irregularidades. Em alguns casos, os desmatamentos representavam a expans\u00e3o de \u00e1reas anteriormente degradadas, configurando reincid\u00eancia em condutas irregulares. Tamb\u00e9m foram constatados casos de descumprimento de embargos e suspens\u00f5es administrativas vigentes, evidenciando resist\u00eancia ao cumprimento da legisla\u00e7\u00e3o ambiental.<\/p>\n<p>O coordenador da opera\u00e7\u00e3o, Daniel Colen, destaca que a\u00e7\u00f5es repressivas, como a Cl\u00edmax, s\u00e3o essenciais para conter o avan\u00e7o da degrada\u00e7\u00e3o ambiental e garantir a efetividade de pol\u00edticas p\u00fablicas voltadas \u00e0 preserva\u00e7\u00e3o dos ecossistemas mineiros. &#8220;A fiscaliza\u00e7\u00e3o cumpre um papel fundamental na defesa do meio ambiente e na promo\u00e7\u00e3o do uso racional dos recursos naturais, especialmente em \u00e1reas fr\u00e1geis ou protegidas por lei&#8221;, afirma.<\/p>\n<p>At\u00e9 o momento, o valor das multas aplicadas ultrapassa R$ 2,5 milh\u00f5es. As medidas administrativas j\u00e1 est\u00e3o sendo providenciadas para garantir a responsabiliza\u00e7\u00e3o dos infratores. A Opera\u00e7\u00e3o Cl\u00edmax refor\u00e7a o papel estrat\u00e9gico\u00a0 da fiscaliza\u00e7\u00e3o ambiental no combate\u00a0\u00e0\u00a0degrada\u00e7\u00e3o de \u00e1reas nativas e na prote\u00e7\u00e3o da biodiversidade da regi\u00e3o.<\/p>\n<figure class=\"image\"><img decoding=\"async\" src=\"https:\/\/www.agenciaminas.mg.gov.br\/ckeditor_assets\/pictures\/22836\/content_climax3.jpg\" alt=\"\" \/><figcaption><sub><em>Semad \/ Divulga\u00e7\u00e3o<\/em><\/sub><\/figcaption><\/figure>\n<p><strong>Preserva\u00e7\u00e3o e fiscaliza\u00e7\u00e3o<\/strong><\/p>\n<p>O nome da opera\u00e7\u00e3o alude ao est\u00e1gio final da sucess\u00e3o ecol\u00f3gica da vegeta\u00e7\u00e3o, fundamental para a manuten\u00e7\u00e3o da biodiversidade e dos servi\u00e7os ecossist\u00eamicos. A conserva\u00e7\u00e3o desse est\u00e1gio \u00e9 crucial para preservar a sa\u00fade e o equil\u00edbrio dos ecossistemas naturais.<\/p>\n<p>Tal significado reflete diretamente a atua\u00e7\u00e3o da equipe do do\u00a0Sistema Estadual de Meio Ambiente (Sisema) durante a opera\u00e7\u00e3o, em que repress\u00e3o e conscientiza\u00e7\u00e3o desempenham um papel essencial no enfrentamento ao desmatamento. Essas a\u00e7\u00f5es de fiscaliza\u00e7\u00e3o buscam impedir a supress\u00e3o da vegeta\u00e7\u00e3o, de forma a garantir que a vegeta\u00e7\u00e3o, em est\u00e1gios iniciais ou intermedi\u00e1rios, possa alcan\u00e7ar esse est\u00e1gio final.<\/p>\n<p>Fonte: Ag\u00eancia Minas<\/p>\n","protected":false},"excerpt":{"rendered":"<p>O\u00a0Governo de Minas, por meio da\u00a0Secretaria de Estado de Meio Ambiente e Desenvolvimento Sustent\u00e1vel (Semad), realizou a Opera\u00e7\u00e3o Cl\u00edmax durante o m\u00eas de abril\u00a0para coibir pr\u00e1ticas ilegais de desmatamento no Leste do estado e aplicar medidas administrativas previstas em lei. A opera\u00e7\u00e3o integrada entre as Unidades Regionais de Fiscaliza\u00e7\u00e3o (Urfis) do Leste de Minas e [&hellip;]<\/p>\n","protected":false},"author":246,"featured_media":227880,"comment_status":"closed","ping_status":"closed","sticky":false,"template":"","format":"standard","meta":{"footnotes":""},"categories":[436,440,261,254],"tags":[],"class_list":["post-227877","post","type-post","status-publish","format-standard","has-post-thumbnail","hentry","category-destaque-da-semana","category-destaques-do-dia","category-economia","category-politica"],"_links":{"self":[{"href":"https:\/\/diarioregionaldigital.com.br\/index.php?rest_route=\/wp\/v2\/posts\/227877","targetHints":{"allow":["GET"]}}],"collection":[{"href":"https:\/\/diarioregionaldigital.com.br\/index.php?rest_route=\/wp\/v2\/posts"}],"about":[{"href":"https:\/\/diarioregionaldigital.com.br\/index.php?rest_route=\/wp\/v2\/types\/post"}],"author":[{"embeddable":true,"href":"https:\/\/diarioregionaldigital.com.br\/index.php?rest_route=\/wp\/v2\/users\/246"}],"replies":[{"embeddable":true,"href":"https:\/\/diarioregionaldigital.com.br\/index.php?rest_route=%2Fwp%2Fv2%2Fcomments&post=227877"}],"version-history":[{"count":3,"href":"https:\/\/diarioregionaldigital.com.br\/index.php?rest_route=\/wp\/v2\/posts\/227877\/revisions"}],"predecessor-version":[{"id":227882,"href":"https:\/\/diarioregionaldigital.com.br\/index.php?rest_route=\/wp\/v2\/posts\/227877\/revisions\/227882"}],"wp:featuredmedia":[{"embeddable":true,"href":"https:\/\/diarioregionaldigital.com.br\/index.php?rest_route=\/wp\/v2\/media\/227880"}],"wp:attachment":[{"href":"https:\/\/diarioregionaldigital.com.br\/index.php?rest_route=%2Fwp%2Fv2%2Fmedia&parent=227877"}],"wp:term":[{"taxonomy":"category","embeddable":true,"href":"https:\/\/diarioregionaldigital.com.br\/index.php?rest_route=%2Fwp%2Fv2%2Fcategories&post=227877"},{"taxonomy":"post_tag","embeddable":true,"href":"https:\/\/diarioregionaldigital.com.br\/index.php?rest_route=%2Fwp%2Fv2%2Ftags&post=227877"}],"curies":[{"name":"wp","href":"https:\/\/api.w.org\/{rel}","templated":true}]}}