{"id":227864,"date":"2025-04-22T20:02:45","date_gmt":"2025-04-22T23:02:45","guid":{"rendered":"https:\/\/diarioregionaldigital.com.br\/?p=227864"},"modified":"2025-04-22T20:02:45","modified_gmt":"2025-04-22T23:02:45","slug":"jogos-escolares-de-minas-abrem-edicao-historica-com-100-dos-municipios-inscritos","status":"publish","type":"post","link":"https:\/\/diarioregionaldigital.com.br\/?p=227864","title":{"rendered":"Jogos Escolares de Minas abrem edi\u00e7\u00e3o hist\u00f3rica com 100% dos munic\u00edpios inscritos"},"content":{"rendered":"<p>A maior competi\u00e7\u00e3o estudantil do pa\u00eds come\u00e7a com marca in\u00e9dita: todos os 853 munic\u00edpios mineiros se inscreveram na edi\u00e7\u00e3o 2025 dos Jogos Escolares de Minas Gerais (Jemg). O evento teve in\u00edcio nessa segunda-feira (21\/4)\u00a0e segue at\u00e9 24\/8, envolvendo estudantes de 12 a 17 anos das redes p\u00fablica e privada em disputas esportivas por todo o estado.<\/p>\n<p>Realizado pela\u00a0<a href=\"https:\/\/social.mg.gov.br\/\" target=\"_blank\" rel=\"noopener\">Secretaria de Estado de Desenvolvimento Social (Sedese)<\/a>, em parceria com a\u00a0<a href=\"https:\/\/www.educacao.mg.gov.br\/\" target=\"_blank\" rel=\"noopener\">Secretaria de Estado de Educa\u00e7\u00e3o (SEE)<\/a>, o Jemg se consolida como uma das principais pol\u00edticas p\u00fablicas voltadas para a juventude, promovendo educa\u00e7\u00e3o, cidadania e inclus\u00e3o por meio do esporte.<\/p>\n<p>Para a secret\u00e1ria de Desenvolvimento Social, Al\u00ea Portela, o alcance in\u00e9dito do evento refor\u00e7a o papel estrat\u00e9gico da competi\u00e7\u00e3o. \u201cEssa marca hist\u00f3rica refor\u00e7a a import\u00e2ncia do Jemg para a forma\u00e7\u00e3o integral dos nossos jovens. \u00c9 o esporte chegando a cada canto de Minas\u201d, afirma.<\/p>\n<p>J\u00e1 o secret\u00e1rio de Estado de Educa\u00e7\u00e3o, Igor de Alvarenga, destaca que o Jemg vai muito al\u00e9m de uma competi\u00e7\u00e3o. &#8220;Os Jogos Escolares de Minas Gerais se transformaram em uma plataforma essencial para que os estudantes desenvolvam compet\u00eancias fundamentais, como trabalho em equipe, disciplina e resili\u00eancia&#8221;, ressalta.<\/p>\n<p><b>Novidades desta edi\u00e7\u00e3o\u00a0<\/b><\/p>\n<p>A edi\u00e7\u00e3o 2025 chega com inova\u00e7\u00f5es importantes. Uma delas \u00e9 a inclus\u00e3o do atletismo convencional j\u00e1 na etapa regional, modalidade que at\u00e9 ent\u00e3o era exclusiva da fase estadual. Outra novidade \u00e9 a estreia do basquete 3&#215;3, que promete atrair novos atletas e ampliar a diversidade de perfis participantes.<\/p>\n<p>As disputas s\u00e3o divididas em dois m\u00f3dulos: o M\u00f3dulo I re\u00fane estudantes nascidos entre 2013 e 2011, e o M\u00f3dulo II contempla os nascidos entre 2010 e 2008.<\/p>\n<p>A etapa microrregional, dividida em sete semanas de execu\u00e7\u00e3o, com in\u00edcio previsto para os pr\u00f3ximos dias, ser\u00e1 realizada em 54 cidades-sede espalhadas por todas as regi\u00f5es de Minas. As equipes campe\u00e3s nas modalidades coletivas e os quatro primeiros colocados no xadrez seguem para a fase regional. J\u00e1 os campe\u00f5es regionais avan\u00e7am para a etapa estadual.<\/p>\n<p>O cronograma completo das etapas do Jemg 2025 est\u00e1 dispon\u00edvel\u00a0<u><a id=\"OWAe5442a1d-4639-131e-0ffc-a9f85da2d25b\" title=\"http:\/\/jogosescolares.esportes.mg.gov.br\/wp-content\/uploads\/2012\/12\/Cronograma-de-execu%C3%A7%C3%A3o-JEMG-2025-Atualizado..pdf\" href=\"http:\/\/jogosescolares.esportes.mg.gov.br\/wp-content\/uploads\/2012\/12\/Cronograma-de-execu%C3%A7%C3%A3o-JEMG-2025-Atualizado..pdf\" target=\"_blank\" rel=\"noopener noreferrer\" data-auth=\"NotApplicable\" data-linkindex=\"2\">neste link<\/a><\/u>.<\/p>\n<p>Nas fases seguintes, os jovens atletas competem em modalidades individuais como atletismo, nata\u00e7\u00e3o, jud\u00f4, gin\u00e1stica, ciclismo, xadrez, entre outras, al\u00e9m das coletivas como basquete, futsal, handebol e v\u00f4lei \u2014 incluindo o v\u00f4lei de praia.<\/p>\n<p>O atleta de lan\u00e7amento de peso e aluno da rede estadual em Baependi, no Sul de Minas, Lucas Alves Cruz, v\u00ea nos jogos do Governo de Minas um impulso decisivo.<\/p>\n<p>&#8220;Foi no Jemg que tudo come\u00e7ou. Ele abriu as portas para o Jebs, o Sul-Americano e o Mundial, sem o Jemg, eu n\u00e3o teria chegado t\u00e3o longe\u201d, afirma o atleta.<\/p>\n<p><b>Inclus\u00e3o e representatividade<\/b><\/p>\n<p>O Jemg tamb\u00e9m valoriza o esporte como ferramenta de inclus\u00e3o. A fase estadual paral\u00edmpica contempla diversas modalidades para pessoas com defici\u00eancia (PCD), como goalball, bocha, nata\u00e7\u00e3o PCD, jud\u00f4 PCD, parataekwondo, futebol de cegos, entre outras.<\/p>\n<p>Al\u00e9m de promover integra\u00e7\u00e3o e desenvolvimento, o Jemg \u00e9 a porta de entrada para os principais torneios nacionais da categoria. Os campe\u00f5es das competi\u00e7\u00f5es representar\u00e3o Minas Gerais nos Jogos Escolares Brasileiros (JEBs), nos Jogos da Juventude e nas Paralimp\u00edadas Escolares.<\/p>\n<p>A execu\u00e7\u00e3o t\u00e9cnica do evento \u00e9 realizada pela Federa\u00e7\u00e3o de Esportes Estudantis de Minas Gerais (Feemg).<\/p>\n<p>Fonte: Ag\u00eancia Minas<\/p>\n","protected":false},"excerpt":{"rendered":"<p>A maior competi\u00e7\u00e3o estudantil do pa\u00eds come\u00e7a com marca in\u00e9dita: todos os 853 munic\u00edpios mineiros se inscreveram na edi\u00e7\u00e3o 2025 dos Jogos Escolares de Minas Gerais (Jemg). O evento teve in\u00edcio nessa segunda-feira (21\/4)\u00a0e segue at\u00e9 24\/8, envolvendo estudantes de 12 a 17 anos das redes p\u00fablica e privada em disputas esportivas por todo o [&hellip;]<\/p>\n","protected":false},"author":246,"featured_media":227865,"comment_status":"closed","ping_status":"closed","sticky":false,"template":"","format":"standard","meta":{"footnotes":""},"categories":[436,440,257,439],"tags":[],"class_list":["post-227864","post","type-post","status-publish","format-standard","has-post-thumbnail","hentry","category-destaque-da-semana","category-destaques-do-dia","category-esporte","category-ultima-hora"],"_links":{"self":[{"href":"https:\/\/diarioregionaldigital.com.br\/index.php?rest_route=\/wp\/v2\/posts\/227864","targetHints":{"allow":["GET"]}}],"collection":[{"href":"https:\/\/diarioregionaldigital.com.br\/index.php?rest_route=\/wp\/v2\/posts"}],"about":[{"href":"https:\/\/diarioregionaldigital.com.br\/index.php?rest_route=\/wp\/v2\/types\/post"}],"author":[{"embeddable":true,"href":"https:\/\/diarioregionaldigital.com.br\/index.php?rest_route=\/wp\/v2\/users\/246"}],"replies":[{"embeddable":true,"href":"https:\/\/diarioregionaldigital.com.br\/index.php?rest_route=%2Fwp%2Fv2%2Fcomments&post=227864"}],"version-history":[{"count":1,"href":"https:\/\/diarioregionaldigital.com.br\/index.php?rest_route=\/wp\/v2\/posts\/227864\/revisions"}],"predecessor-version":[{"id":227866,"href":"https:\/\/diarioregionaldigital.com.br\/index.php?rest_route=\/wp\/v2\/posts\/227864\/revisions\/227866"}],"wp:featuredmedia":[{"embeddable":true,"href":"https:\/\/diarioregionaldigital.com.br\/index.php?rest_route=\/wp\/v2\/media\/227865"}],"wp:attachment":[{"href":"https:\/\/diarioregionaldigital.com.br\/index.php?rest_route=%2Fwp%2Fv2%2Fmedia&parent=227864"}],"wp:term":[{"taxonomy":"category","embeddable":true,"href":"https:\/\/diarioregionaldigital.com.br\/index.php?rest_route=%2Fwp%2Fv2%2Fcategories&post=227864"},{"taxonomy":"post_tag","embeddable":true,"href":"https:\/\/diarioregionaldigital.com.br\/index.php?rest_route=%2Fwp%2Fv2%2Ftags&post=227864"}],"curies":[{"name":"wp","href":"https:\/\/api.w.org\/{rel}","templated":true}]}}