{"id":227861,"date":"2025-04-22T20:01:06","date_gmt":"2025-04-22T23:01:06","guid":{"rendered":"https:\/\/diarioregionaldigital.com.br\/?p=227861"},"modified":"2025-04-22T20:01:06","modified_gmt":"2025-04-22T23:01:06","slug":"projeto-apoiado-pelo-governo-de-minas-carro-sabia-foi-ninho-para-destaques-no-legado-do-design-automotivo","status":"publish","type":"post","link":"https:\/\/diarioregionaldigital.com.br\/?p=227861","title":{"rendered":"Projeto apoiado pelo Governo de Minas, carro \u201cS\u00e1bia\u201d foi ninho para destaques no legado do design automotivo"},"content":{"rendered":"<p>Idealizado pelo pesquisador Jairo Jos\u00e9 Drummond C\u00e2mara e apoiado pelo\u00a0<a href=\"https:\/\/www.mg.gov.br\/\" target=\"_blank\" rel=\"noopener\">Governo de Minas<\/a>, o projeto Sabi\u00e1 foi um marco na forma\u00e7\u00e3o de estudantes e no desenvolvimento de ve\u00edculos premiados em design automotivo. A iniciativa foi homenageada pela<a href=\"http:\/\/www.fapemig.br\/pt\/\" target=\"_blank\" rel=\"noopener\">\u00a0Funda\u00e7\u00e3o de Amparo \u00e0 Pesquisa do Estado de Minas Gerais (Fapemig)<\/a>\u00a0na s\u00e9rie Projetos Inspiradores, que celebra os 40 anos da funda\u00e7\u00e3o.<\/p>\n<p>Criado pelo designer e hoje professor Em\u00e9rito da Escola de Design da Universidade do Estado de Minas Gerais (Uemg), Jairo Jos\u00e9 integrava o Centro de Pesquisa e Desenvolvimento em Design e Ergonomia (CPqD).<\/p>\n<figure class=\"image\"><img decoding=\"async\" src=\"https:\/\/www.agenciaminas.mg.gov.br\/ckeditor_assets\/pictures\/22827\/content_jairo_jose_camara_foto_julia_rodrigues.jpg\" alt=\"\" \/><figcaption><sub><em>O designer Jairo Jos\u00e9 C\u00e2mara.<br \/>\nCr\u00e9dito: J\u00falia Rodrigues<\/em><\/sub><\/figcaption><\/figure>\n<p>O primeiro carro foi feito a convite da organiza\u00e7\u00e3o da Shell Eco-marathon,\u00a0competi\u00e7\u00e3o mundial que visa \u00e0 redu\u00e7\u00e3o do consumo de combust\u00edvel e \u00e0 aplica\u00e7\u00e3o de processos e materiais inovadores.<\/p>\n<p>O sexto carro constru\u00eddo para a competi\u00e7\u00e3o, o Sabi\u00e1 6, contou com apoio do Governo de Minas por meio da Fapemig, no valor de R$ 48 mil, e do Conselho Nacional de Desenvolvimento Cient\u00edfico e Tecnol\u00f3gico (CNPq), somando cerca de R$ 150 mil em recursos. O carro ganhou o primeiro lugar na categoria de Design Inovador, em 2009.<\/p>\n<p>Para Jairo, mais importante que o\u00a0design do\u00a0carro, largamente reconhecido\u00a0na hist\u00f3ria da competi\u00e7\u00e3o, \u00e9\u00a0a forma\u00e7\u00e3o dos seus alunos. No contexto do Sabi\u00e1 3, especialmente, o professor recebeu, indicado pela Uemg, a Medalha de Honra da Inconfid\u00eancia Mineira pela sua contribui\u00e7\u00e3o ao Design Mineiro.<\/p>\n<p>\u201cConsidero e considerei que essa homenagem foi para todos os professores e alunos envolvidos, eu apenas representei a todos\u201d.<\/p>\n<p><strong>Aprendizado ativo<\/strong><\/p>\n<p>Na pr\u00e1tica, os estudantes viviam um projeto real e complexo, lidando com a realidade dos prazos e aprendendo a cultivar relacionamento com parceiros e patrocinadores. Tendo como um dos maiores desafios enviar e trazer o carro do exterior. Por isso, o trabalho em equipe era fundamental.<\/p>\n<p>Em 1993, dois alunos do curso de design da Uemg, R\u00f3ber Botelho e Arnaldo Cruzeiro, apaixonados por design de autom\u00f3veis, se encantaram pelo projeto e buscaram o CPqD.<\/p>\n<p>Juntos, os alunos apoiaram o projeto de inicia\u00e7\u00e3o cient\u00edfica \u00c1ria \u2013 ve\u00edculo 4&#215;4 adaptado para as ruas da cidade e estradas de terra tamb\u00e9m com apoio do Governo de Minas, por meio da Fapemig. \u201cFoi uma maneira de entrar nesse mundo automotivo. A minha inicia\u00e7\u00e3o\u201d, relembra Arnaldo.<\/p>\n<figure class=\"image\"><img decoding=\"async\" src=\"https:\/\/www.agenciaminas.mg.gov.br\/ckeditor_assets\/pictures\/22828\/content_sabia_6_foto_arquivo_pessoal.jpeg\" alt=\"\" \/><figcaption><sub><em>Carro &#8220;S\u00e1bia&#8221;.<br \/>\nCr\u00e9dito: Arquivo Pessoal\u00a0<\/em><\/sub><\/figcaption><\/figure>\n<p>Posteriormente, os amigos incentivaram a retomada do projeto Sabi\u00e1, at\u00e9 ent\u00e3o descontinuado. \u201cN\u00f3s convencemos o Jairo a reativar o projeto\u201d, compartilha R\u00f3ber.<\/p>\n<p>Na equipe, contribu\u00edram para o desenvolvimento do estilo e linguagem dos carros, juntos no Sabi\u00e1 3. R\u00f3ber participou at\u00e9 o \u00faltimo projeto, o Sabi\u00e1 6.<\/p>\n<p><strong>Depois da linha de chegada<\/strong><\/p>\n<p>Hoje, R\u00f3ber Botelho \u00e9 professor adjunto no curso de design da Universidade Federal de Juiz de Fora (UFJF), tendo apoiado cerca de 15 finalistas do concurso Volkswagen.<\/p>\n<p>\u201cOs alunos est\u00e3o trabalhando com a gente. Eles t\u00eam muito potencial. Cabe a mim entender o potencial e conduzi-los a um bom resultado\u201d, compartilha. O professor ainda pretende, junto \u00e0 Faculdade de Engenharia da UFJF participar da Shell Eco-marathon at\u00e9 2026.<\/p>\n<p>Ao final do Sabi\u00e1 3, Arnaldo Cruzeiro participou do concurso Volkswagen. Ao final das etapas classificat\u00f3rias foi convidado para realizar est\u00e1gio na sede da montadora em S\u00e3o Bernardo.<\/p>\n<p>Ao final deste per\u00edodo foi convidado pela chefia alem\u00e3 para mais um ano de trabalho na Alemanha, de onde trabalha h\u00e1 22 anos como designer de exterior, respons\u00e1vel pelo design do Touareg, Passat e T-Cross.<\/p>\n<p>Fonte: Ag\u00eancia Minas<\/p>\n","protected":false},"excerpt":{"rendered":"<p>Idealizado pelo pesquisador Jairo Jos\u00e9 Drummond C\u00e2mara e apoiado pelo\u00a0Governo de Minas, o projeto Sabi\u00e1 foi um marco na forma\u00e7\u00e3o de estudantes e no desenvolvimento de ve\u00edculos premiados em design automotivo. A iniciativa foi homenageada pela\u00a0Funda\u00e7\u00e3o de Amparo \u00e0 Pesquisa do Estado de Minas Gerais (Fapemig)\u00a0na s\u00e9rie Projetos Inspiradores, que celebra os 40 anos da [&hellip;]<\/p>\n","protected":false},"author":246,"featured_media":227862,"comment_status":"closed","ping_status":"closed","sticky":false,"template":"","format":"standard","meta":{"footnotes":""},"categories":[436,261,254,439],"tags":[],"class_list":["post-227861","post","type-post","status-publish","format-standard","has-post-thumbnail","hentry","category-destaque-da-semana","category-economia","category-politica","category-ultima-hora"],"_links":{"self":[{"href":"https:\/\/diarioregionaldigital.com.br\/index.php?rest_route=\/wp\/v2\/posts\/227861","targetHints":{"allow":["GET"]}}],"collection":[{"href":"https:\/\/diarioregionaldigital.com.br\/index.php?rest_route=\/wp\/v2\/posts"}],"about":[{"href":"https:\/\/diarioregionaldigital.com.br\/index.php?rest_route=\/wp\/v2\/types\/post"}],"author":[{"embeddable":true,"href":"https:\/\/diarioregionaldigital.com.br\/index.php?rest_route=\/wp\/v2\/users\/246"}],"replies":[{"embeddable":true,"href":"https:\/\/diarioregionaldigital.com.br\/index.php?rest_route=%2Fwp%2Fv2%2Fcomments&post=227861"}],"version-history":[{"count":1,"href":"https:\/\/diarioregionaldigital.com.br\/index.php?rest_route=\/wp\/v2\/posts\/227861\/revisions"}],"predecessor-version":[{"id":227863,"href":"https:\/\/diarioregionaldigital.com.br\/index.php?rest_route=\/wp\/v2\/posts\/227861\/revisions\/227863"}],"wp:featuredmedia":[{"embeddable":true,"href":"https:\/\/diarioregionaldigital.com.br\/index.php?rest_route=\/wp\/v2\/media\/227862"}],"wp:attachment":[{"href":"https:\/\/diarioregionaldigital.com.br\/index.php?rest_route=%2Fwp%2Fv2%2Fmedia&parent=227861"}],"wp:term":[{"taxonomy":"category","embeddable":true,"href":"https:\/\/diarioregionaldigital.com.br\/index.php?rest_route=%2Fwp%2Fv2%2Fcategories&post=227861"},{"taxonomy":"post_tag","embeddable":true,"href":"https:\/\/diarioregionaldigital.com.br\/index.php?rest_route=%2Fwp%2Fv2%2Ftags&post=227861"}],"curies":[{"name":"wp","href":"https:\/\/api.w.org\/{rel}","templated":true}]}}