{"id":227858,"date":"2025-04-22T19:59:30","date_gmt":"2025-04-22T22:59:30","guid":{"rendered":"https:\/\/diarioregionaldigital.com.br\/?p=227858"},"modified":"2025-04-22T19:59:30","modified_gmt":"2025-04-22T22:59:30","slug":"governo-de-minas-entrega-medalha-da-inconfidencia-de-2025-a-personalidades-e-instituicoes-em-ouro-preto","status":"publish","type":"post","link":"https:\/\/diarioregionaldigital.com.br\/?p=227858","title":{"rendered":"Governo de Minas entrega Medalha da Inconfid\u00eancia de 2025 a personalidades e institui\u00e7\u00f5es em Ouro Preto"},"content":{"rendered":"<p>O\u00a0<a href=\"https:\/\/www.mg.gov.br\/\" target=\"_blank\" rel=\"noopener\">Governo de Minas<\/a>\u00a0realizou, nesta segunda-feira (21\/4), em Ouro Preto, a cerim\u00f4nia de entrega da Medalha da Inconfid\u00eancia, honraria concedida pelo Estado a personalidades e institui\u00e7\u00f5es que contribu\u00edram e contribuem para o desenvolvimento de Minas Gerais e do pa\u00eds.<\/p>\n<p>Em 2025, foram 171 agraciados em quatro designa\u00e7\u00f5es: Grande Medalha (40), Medalha de Honra (58), Medalha da Inconfid\u00eancia (72) e Grande Colar (um) &#8211; esta \u00faltima,\u00a0honraria concedida a chefes de Estado, chefes de governo e chefes dos demais Poderes da Uni\u00e3o.<\/p>\n<p>A cerim\u00f4nia foi presidida pelo governador de Minas Gerais, Romeu Zema, que exaltou o compromisso de Minas com valores hist\u00f3ricos, como a luta por um processo mais democr\u00e1tico e de liberdade, com a transfer\u00eancia da capital para a cidade que foi a sede administrativa de Minas Gerais, de 1823 a 1897.<\/p>\n<table border=\"0\" cellspacing=\"1\" cellpadding=\"1\" align=\"center\">\n<tbody>\n<tr>\n<td colspan=\"5\"><img decoding=\"async\" src=\"https:\/\/www.agenciaminas.mg.gov.br\/ckeditor_assets\/pictures\/20949\/content_2_olho_topo.jpg\" alt=\"\" \/><\/td>\n<\/tr>\n<tr>\n<td><\/td>\n<td colspan=\"3\" rowspan=\"3\">\n<h1><strong>&#8220;Hoje, ao celebrarmos mais um Dia da Inconfid\u00eancia Mineira, quando transferimos simbolicamente a capital do Estado para a hist\u00f3rica e heroica Ouro Preto, reverenciamos o esp\u00edrito valente e presente no cora\u00e7\u00e3o de todos os mineiros&#8221;, destacou Romeu Zema.<\/strong><\/h1>\n<\/td>\n<td><\/td>\n<\/tr>\n<tr>\n<td><\/td>\n<td><\/td>\n<\/tr>\n<tr>\n<td><\/td>\n<td><\/td>\n<\/tr>\n<tr>\n<td colspan=\"5\"><img decoding=\"async\" src=\"https:\/\/www.agenciaminas.mg.gov.br\/ckeditor_assets\/pictures\/20950\/content_2_olho_inferior.jpg\" alt=\"\" \/><\/td>\n<\/tr>\n<\/tbody>\n<\/table>\n<p>\u201cAqui, na antiga Vila Rica, h\u00e1 mais de dois s\u00e9culos, Tiradentes foi condenado \u00e0 forca e teve o corpo esquartejado por reivindicar uma condi\u00e7\u00e3o que, hoje, mais do que nunca, precisamos estar atentos: liberdade para todos\u201d, lembrou o governador mineiro.<\/p>\n<figure class=\"image\"><img decoding=\"async\" src=\"https:\/\/www.agenciaminas.mg.gov.br\/ckeditor_assets\/pictures\/22816\/content_img_2082.jpg\" alt=\"\" \/><figcaption><sub><em>Dirceu Aur\u00e9lio \/ Imprensa MG<\/em><\/sub><\/figcaption><\/figure>\n<p><strong>Grande Colar<\/strong><\/p>\n<p>O agraciado com o Grande Colar em 2025 foi o atual presidente da C\u00e2mara dos Deputados, Hugo Motta.<\/p>\n<p>Com forte atua\u00e7\u00e3o no parlamento, Motta foi o deputado mais jovem a ser eleito para comandar a Casa do Legislativo federal, no ano passado, aos 34 anos. Ele recebeu 444 votos e foi confirmado em primeiro turno.<\/p>\n<p>O agraciado tamb\u00e9m j\u00e1 havia sido o mais jovem deputado federal do Brasil eleito, aos 21 anos, com mais de 86 mil votos.<\/p>\n<p>Em seu quarto mandato como deputado federal pelo estado da Para\u00edba, o tamb\u00e9m m\u00e9dico Hugo Motta \u00e9 descrito pelos pares com um estilo conciliador e agregador.<\/p>\n<p>\u201c\u00c9 uma satisfa\u00e7\u00e3o e uma grande alegria receber o Grande Colar da medalha da Inconfid\u00eancia. Esta \u00e9 a grande honra mineira e, por que n\u00e3o dizer, brasileira\u201d, agradeceu o presidente da C\u00e2mara Federal.<\/p>\n<p>Ele recordou ainda que &#8220;aqui em Ouro Preto, quando o Brasil era apenas uma ideia, um grupo de brasileiros\u00a0ousou sonhar com um pa\u00eds livre e pagou caro por isso. A Inconfid\u00eancia Mineira nasceu do cansa\u00e7o de ver as nossas riquezas escorrerem pelos dedos, de\u00a0pagar o quinto a coroa, de\u00a0ser humilhados pela derrama, o mais cruel de todos os\u00a0impostos&#8221;.<\/p>\n<table border=\"0\" cellspacing=\"1\" cellpadding=\"1\" align=\"center\">\n<tbody>\n<tr>\n<td colspan=\"5\"><img decoding=\"async\" src=\"https:\/\/www.agenciaminas.mg.gov.br\/ckeditor_assets\/pictures\/20949\/content_2_olho_topo.jpg\" alt=\"\" \/><\/td>\n<\/tr>\n<tr>\n<td><\/td>\n<td colspan=\"3\" rowspan=\"3\">\n<h1><strong>&#8220;Os inconfidentes se insurgiram contra esse sistema, que tudo cobrava e nada devolvia. Sonhavam com um pa\u00eds livre, mas tamb\u00e9m justo. Um pa\u00eds que pudesse se beneficiar da riqueza que ele mesmo produziu&#8221;, concluiu Hugo Motta.<\/strong><\/h1>\n<\/td>\n<td><\/td>\n<\/tr>\n<tr>\n<td><\/td>\n<td><\/td>\n<\/tr>\n<tr>\n<td><\/td>\n<td><\/td>\n<\/tr>\n<tr>\n<td colspan=\"5\"><img decoding=\"async\" src=\"https:\/\/www.agenciaminas.mg.gov.br\/ckeditor_assets\/pictures\/20950\/content_2_olho_inferior.jpg\" alt=\"\" \/><\/td>\n<\/tr>\n<\/tbody>\n<\/table>\n<p>O Grande Colar \u00e9 a maior honraria entregue pelo Estado de Minas Gerais e \u00e9 destinada, exclusivamente, aos chefes de Estado e de outros poderes. Ela foi criada em 1952, pelo ent\u00e3o governador Juscelino Kubitschek, e \u00e9 entregue, tradicionalmente, no dia 21\/4, Dia de Tiradentes, em alus\u00e3o a Joaquim Jos\u00e9 da Silva Xavier, m\u00e1rtir da Inconfid\u00eancia Mineira, movimento de independ\u00eancia que teve como epicentro a cidade de Ouro Preto, no s\u00e9culo 18.<\/p>\n<figure class=\"image\"><img decoding=\"async\" src=\"https:\/\/www.agenciaminas.mg.gov.br\/ckeditor_assets\/pictures\/22820\/content_img_3486.jpg\" alt=\"\" \/><figcaption><sub><em>Gil Leonardi \/ Imprensa MG<\/em><\/sub><\/figcaption><\/figure>\n<p>Nos dois \u00faltimos anos, a honraria de grau m\u00e1ximo havia sido concedida aos ex-presidentes da Rep\u00fablica Fernando Henrique Cardoso (2024), que teve um governo marcado pela consolida\u00e7\u00e3o da estabilidade econ\u00f4mica, reformas na economia, na Previd\u00eancia Social e na administra\u00e7\u00e3o p\u00fablica, e Michel Temer (2023), considerado um dos maiores constitucionalistas do Brasil e respons\u00e1vel por retomar a normalidade pol\u00edtica e econ\u00f4mica, com a ado\u00e7\u00e3o de necess\u00e1rias medidas de austeridade e prote\u00e7\u00e3o aos cofres p\u00fablicos.<\/p>\n<p><strong>Homenagem<\/strong><\/p>\n<p>Neste ano, devido ao falecimento do papa Francisco e ao decreto de luto oficial vigente em Minas Gerais, a cerim\u00f4nia da Medalha da sofreu mudan\u00e7as. As m\u00fasicas n\u00e3o foram executadas, incluindo o Hino Nacional, e as bandeira de Minas Gerais e do Brasil foram hasteadas a meio mastro. Foi realizado, ainda, na Pra\u00e7a Tiradentes,\u00a0um minuto de sil\u00eancio em mem\u00f3ria ao pont\u00edfice.<\/p>\n<p>Ao iniciar o seu pronunciamento, o governador Romeu Zema falou com pesar sobre a morte do Santo Padre e destacou o seu legado para a humanidade.<\/p>\n<table border=\"0\" cellspacing=\"1\" cellpadding=\"1\" align=\"center\">\n<tbody>\n<tr>\n<td colspan=\"5\"><img decoding=\"async\" src=\"https:\/\/www.agenciaminas.mg.gov.br\/ckeditor_assets\/pictures\/20949\/content_2_olho_topo.jpg\" alt=\"\" \/><\/td>\n<\/tr>\n<tr>\n<td><\/td>\n<td colspan=\"3\" rowspan=\"3\">\n<h1><strong>&#8220;O papa Francisco foi mais que um l\u00edder religioso, mas um s\u00edmbolo de esperan\u00e7a, simplicidade e justi\u00e7a social. Seu legado permanecer\u00e1 vivo na mem\u00f3ria dos que acreditam em um mundo mais fraterno e solid\u00e1rio&#8221;, homenageou o governador Romeu Zema.<\/strong><\/h1>\n<\/td>\n<td><\/td>\n<\/tr>\n<tr>\n<td><\/td>\n<td><\/td>\n<\/tr>\n<tr>\n<td><\/td>\n<td><\/td>\n<\/tr>\n<tr>\n<td colspan=\"5\"><img decoding=\"async\" src=\"https:\/\/www.agenciaminas.mg.gov.br\/ckeditor_assets\/pictures\/20950\/content_2_olho_inferior.jpg\" alt=\"\" \/><\/td>\n<\/tr>\n<\/tbody>\n<\/table>\n<p><strong>Tradi\u00e7\u00e3o<\/strong><\/p>\n<p>A solenidade da entrega da Medalha da Inconfid\u00eancia foi composta por dois momentos distintos em Ouro Preto. Primeiro, houve a honra militar, com a presen\u00e7a dos Drag\u00f5es da Inconfid\u00eancia, o hasteamento da bandeira, a coloca\u00e7\u00e3o de flores no monumento ao m\u00e1rtir da Inconfid\u00eancia Mineira e a salva de 21 tiros. O ato foi realizado na Pra\u00e7a Tiradentes, no cora\u00e7\u00e3o da cidade hist\u00f3rica.<\/p>\n<p>Depois disso, foi a vez do ato de entrega da Medalha da Inconfid\u00eancia no Centro de Artes e Conven\u00e7\u00f5es da Universidade Federal de Ouro Preto (Ufop).<\/p>\n<p>&nbsp;<\/p>\n<blockquote><p><em><a href=\"https:\/\/www.agenciaminas.mg.gov.br\/ckeditor_assets\/attachments\/22821\/medalha_da_inconfidencia_-_homenageados_de_2025.pdf\" target=\"_blank\" rel=\"noopener\">Clique aqui<\/a>\u00a0para conferir\u00a0a rela\u00e7\u00e3o de agraciados com a Medalha da Inconfid\u00eancia em 2025.<\/p>\n<p><\/em>Fonte: Ag\u00eancia Minas<\/p><\/blockquote>\n","protected":false},"excerpt":{"rendered":"<p>O\u00a0Governo de Minas\u00a0realizou, nesta segunda-feira (21\/4), em Ouro Preto, a cerim\u00f4nia de entrega da Medalha da Inconfid\u00eancia, honraria concedida pelo Estado a personalidades e institui\u00e7\u00f5es que contribu\u00edram e contribuem para o desenvolvimento de Minas Gerais e do pa\u00eds. Em 2025, foram 171 agraciados em quatro designa\u00e7\u00f5es: Grande Medalha (40), Medalha de Honra (58), Medalha da [&hellip;]<\/p>\n","protected":false},"author":246,"featured_media":227859,"comment_status":"closed","ping_status":"closed","sticky":false,"template":"","format":"standard","meta":{"footnotes":""},"categories":[436,440,261,254,439],"tags":[],"class_list":["post-227858","post","type-post","status-publish","format-standard","has-post-thumbnail","hentry","category-destaque-da-semana","category-destaques-do-dia","category-economia","category-politica","category-ultima-hora"],"_links":{"self":[{"href":"https:\/\/diarioregionaldigital.com.br\/index.php?rest_route=\/wp\/v2\/posts\/227858","targetHints":{"allow":["GET"]}}],"collection":[{"href":"https:\/\/diarioregionaldigital.com.br\/index.php?rest_route=\/wp\/v2\/posts"}],"about":[{"href":"https:\/\/diarioregionaldigital.com.br\/index.php?rest_route=\/wp\/v2\/types\/post"}],"author":[{"embeddable":true,"href":"https:\/\/diarioregionaldigital.com.br\/index.php?rest_route=\/wp\/v2\/users\/246"}],"replies":[{"embeddable":true,"href":"https:\/\/diarioregionaldigital.com.br\/index.php?rest_route=%2Fwp%2Fv2%2Fcomments&post=227858"}],"version-history":[{"count":1,"href":"https:\/\/diarioregionaldigital.com.br\/index.php?rest_route=\/wp\/v2\/posts\/227858\/revisions"}],"predecessor-version":[{"id":227860,"href":"https:\/\/diarioregionaldigital.com.br\/index.php?rest_route=\/wp\/v2\/posts\/227858\/revisions\/227860"}],"wp:featuredmedia":[{"embeddable":true,"href":"https:\/\/diarioregionaldigital.com.br\/index.php?rest_route=\/wp\/v2\/media\/227859"}],"wp:attachment":[{"href":"https:\/\/diarioregionaldigital.com.br\/index.php?rest_route=%2Fwp%2Fv2%2Fmedia&parent=227858"}],"wp:term":[{"taxonomy":"category","embeddable":true,"href":"https:\/\/diarioregionaldigital.com.br\/index.php?rest_route=%2Fwp%2Fv2%2Fcategories&post=227858"},{"taxonomy":"post_tag","embeddable":true,"href":"https:\/\/diarioregionaldigital.com.br\/index.php?rest_route=%2Fwp%2Fv2%2Ftags&post=227858"}],"curies":[{"name":"wp","href":"https:\/\/api.w.org\/{rel}","templated":true}]}}