{"id":227816,"date":"2025-04-16T17:09:30","date_gmt":"2025-04-16T20:09:30","guid":{"rendered":"https:\/\/diarioregionaldigital.com.br\/?p=227816"},"modified":"2025-04-16T17:09:30","modified_gmt":"2025-04-16T20:09:30","slug":"veja-como-fica-o-funcionamento-da-pjf-durante-a-semana-santa-e-tiradentes","status":"publish","type":"post","link":"https:\/\/diarioregionaldigital.com.br\/?p=227816","title":{"rendered":"Veja como fica o funcionamento da PJF durante a Semana Santa e Tiradentes"},"content":{"rendered":"<p>Segundo informa\u00e7\u00f5es do site da Prefeitura de Juiz de Fora (PJF), os servi\u00e7os da Prefeitura de Juiz de Fora (PJF) ter\u00e3o altera\u00e7\u00f5es durante o feriado da Semana Santa e de Tiradentes, (nesta quinta,\u00a0 sexta-feira e segunda-feira 17, 18 e 21), sem\u00a0 expediente nas reparti\u00e7\u00f5es p\u00fablicas.<\/p>\n<p>Confira como fica o funcionamento dos servi\u00e7os ao p\u00fablico durante o per\u00edodo:<\/p>\n<p><strong>Departamento Municipal de Limpeza Urbana (Demlurb):<\/strong>\u00a0Apenas na sexta-feira Santa, 18, n\u00e3o haver\u00e1 expediente nos setores operacionais. O Demlurb pede a colabora\u00e7\u00e3o da popula\u00e7\u00e3o para que n\u00e3o descarte o lixo neste dia. No s\u00e1bado, 19, todas as opera\u00e7\u00f5es de limpeza urbana acontecer\u00e3o normalmente. J\u00e1 na segunda-feira, 21, haver\u00e1 expediente somente de coleta domiciliar. O Demlurb tamb\u00e9m contar\u00e1 com equipes em regime de plant\u00e3o nos demais setores operacionais.<\/p>\n<p><strong>Companhia de Saneamento Municipal (Cesama)<\/strong>: A Cesama ter\u00e1 expediente normal na quinta-feira (18). No feriado prolongado, de sexta (19) at\u00e9 segunda-feira (21), a companhia ir\u00e1 trabalhar em esquema de plant\u00e3o. As solicita\u00e7\u00f5es podem ser feitas pelo 115 ou 0800 115 3232.<\/p>\n<p><strong>Guarda Municipal (GM):<\/strong>\u00a0A Central de Monitoramento e Opera\u00e7\u00f5es (CMO) atende 24h atrav\u00e9s do telefone 153. A GM tamb\u00e9m atuar\u00e1 com rondas preventivas 24h, al\u00e9m do apoio \u00e0 fiscaliza\u00e7\u00e3o de posturas (Sesmaur) e tamb\u00e9m\u00a0<strong>\u00a0<\/strong>ao tr\u00e2nsito em prociss\u00f5es (ter\u00e7a, quarta, sexta e domingo).<\/p>\n<p><strong>Emcasa<\/strong>\u00a0estar\u00e1 fechada da quinta (17) at\u00e9 segunda (21), retornando o atendimento na ter\u00e7a 22 a partir das 8h.<\/p>\n<p><strong>Agentes de Transporte e Tr\u00e2nsito:\u00a0<\/strong>Os agentes de transporte e tr\u00e2nsito atuam no monitoramento e fiscaliza\u00e7\u00e3o vi\u00e1ria em toda a cidade. As equipes podem ser acionadas pelo n\u00famero 2104-7400.<\/p>\n<p><strong>Defesa Civil:\u00a0<\/strong>\u00a0O 199 funciona 24h<\/p>\n<p><strong>Mercado Municipal:\u00a0<\/strong>\u00a0Funciona normalmente. Na quinta-feira, 17, com\u00e9rcio em geral das 8h \u00e0s 19h, bares e restaurantes , das 10h \u00e0s 22h. Sexta-feira, s\u00e1bado e domingo, com\u00e9rcio em geral das 8h \u00e0s 13h. Bares e restaurantes, das 10h \u00e0s 22h.<\/p>\n<p><strong>Feiras livres:\u00a0<\/strong>Quinta-feira, 17, s\u00e1bado, 19 e domingo, 20, funcionam normalmente. Sexta-feira, 18, as feiras n\u00e3o ser\u00e3o realizadas.<\/p>\n<p><strong>Restaurantes Populares:\u00a0<\/strong>de quinta-feira, 17, e domingo, 20, funcionar\u00e3o com atendimento exclusivo para o p\u00fablico autorizado pela Assist\u00eancia Social.<\/p>\n<p><strong>Sa\u00fade:\u00a0<\/strong>Os servi\u00e7os de Urg\u00eancia e Emerg\u00eancia das Unidades de Pronto Atendimento (UPA), do Pronto Atendimento Nordeste, do Pronto Atendimento Infantil (PAI), Regional Leste e Hospital de Pronto Socorro (HPS), bem como a Central de Regula\u00e7\u00e3o de Vagas Hospitalares, permanecem em funcionamento 24 horas durante o per\u00edodo. O CAPS AD e o CAPS Casa Viva permanecem em funcionamento 24h durante o per\u00edodo.<\/p>\n<p>As Unidades B\u00e1sicas de Sa\u00fade (UBS) paralisam as atividades no final do turno da noite de quarta-feira (16). As atividades nas UBS\u2019s retornam na ter\u00e7a-feira, (22). O Departamento de Sa\u00fade da Mulher, Gestante, Crian\u00e7a e do Adolescente (DSMGCA), o Servi\u00e7o de Sa\u00fade do Idoso (Sasi), os Centros de Especialidades Odontol\u00f3gicas (CEO) e o PAM Marechal paralisam os atendimentos no final do turno da quarta-feira (16), e retornam na ter\u00e7a-feira (22). O Departamento de Sa\u00fade Mental (DESM), o Centro de Aten\u00e7\u00e3o \u00e0 Sa\u00fade Mental (CASM)\/ Centro de Conviv\u00eancia Recriar (CCR), o Centro de Aten\u00e7\u00e3o Psicossocial (CAPS) Leste e CAPSi paralisam os atendimentos no final do turno da quarta-feira (16), e retornam na ter\u00e7a-feira (22).<\/p>\n<p><strong>Assist\u00eancia Social:\u00a0<\/strong>Os Centros Especializados de Assist\u00eancia Social (CREAS) e de Refer\u00eancia de Assist\u00eancia Social (CRAS) estar\u00e3o fechados no dia 17 e retornar\u00e3o \u00e0s atividades no dia 22. Os servi\u00e7os das Casas de Acolhimento, Casas de Passagem e Abordagem Social funcionar\u00e3o normalmente. Para mais informa\u00e7\u00f5es, entre em contato pelo telefone: 3690-7770.<\/p>\n<p><strong>Conselho Tutelar:\u00a0<\/strong>Funcionar\u00e1 em esquema de plant\u00e3o pelos seguintes telefones: Norte\/nordeste: 98429-4740; \/ Norte: 98506-2939; Centro\/Sudeste: 98838-3193; Sul\/Oeste: 98431-4793; e Leste: 98463-0980 https:\/\/www.pjf.mg.gov.br\/conselhotutelar\/estrutura\/composicao.php<\/p>\n<p><strong>Procon:<\/strong>\u00a0A ag\u00eancia de prote\u00e7\u00e3o e defesa do consumidor n\u00e3o funcionar\u00e1 durante o per\u00edodo, retornando o atendimento na ter\u00e7a-feira, 22.<\/p>\n<p><strong>Ouvidorias Municipais:<\/strong>\u00a0N\u00e3o funcionar\u00e3o na quinta-feira, 17, e nem durante os feriados do dia 18 e 21. Durante esses dias, os cidad\u00e3os poder\u00e3o registrar suas manifesta\u00e7\u00f5es e Pedidos de Acesso \u00e0 Informa\u00e7\u00e3o por meio do site (juizdefora.eouve.com.br).<\/p>\n<p><strong>Funalfa:\u00a0<\/strong>A sede da Funalfa, o Museu Ferrovi\u00e1rio, a Biblioteca Municipal Murilo Mendes e o Centro Cultural Dnar Rocha estar\u00e3o fechados. O CCBM s\u00f3 funcionar\u00e1 para atividades previamente agendadas, como ensaios. O Mercado Cultural AICE funcionar\u00e1 todos os dias, com exce\u00e7\u00e3o da segunda-feira, 21 de abril. No entanto, a Matin\u00ea de Domingo para as crian\u00e7as, no audit\u00f3rio do Mercado Cultural, n\u00e3o acontecer\u00e1 neste dia 20, devido \u00e0s comemora\u00e7\u00f5es da P\u00e1scoa.<\/p>\n<p><strong>Secretaria da Fazenda:\u00a0<\/strong>N\u00e3o abrir\u00e1 durante o feriado, portanto n\u00e3o haver\u00e1 atendimento ao p\u00fablico entre os dias 17\/04 a 21\/04. Retornaremos \u00e0s atividades na ter\u00e7a, 22.<\/p>\n<p><strong>Parque Municipal:\u00a0<\/strong>Na sexta, dia 18, estar\u00e1 fechado, e nos dias 19 a 21, aberto normalmente.<\/p>\n<p><strong>Museu Mariano Proc\u00f3pio:<\/strong>\u00a0O museu ficar\u00e1 aberto de quinta a domingo das 10h30 \u00e0s 16h. O parque estar\u00e1 aberto de quinta a domingo, das 8h \u00e0s 17h. No dia 21, segunda-feira, ambos estar\u00e3o fechados, pois o Mapro n\u00e3o abre \u00e0s segundas-feiras.<\/p>\n<p><strong>Parque da Lajinha:\u00a0<\/strong>Fechado somente na sexta-feira (18. Nos demais dias, o parque funcionar\u00e1 em hor\u00e1rio normal, de 8h \u00e0s 17h.<\/p>\n<p><strong>Casa da Mulher:\u00a0<\/strong>\u00a0N\u00e3o funcionar\u00e1 durante o per\u00edodo, retornando o atendimento na na ter\u00e7a-feira, 22<\/p>\n<p><strong>O Departamento de Informa\u00e7\u00e3o Geral e Atendimento (Diga<\/strong>) n\u00e3o vai funcionar quinta, sexta, s\u00e1bado, domingo e segunda, voltando \u00e0s atividades na ter\u00e7a,\u00a022.<\/p>\n","protected":false},"excerpt":{"rendered":"<p>Segundo informa\u00e7\u00f5es do site da Prefeitura de Juiz de Fora (PJF), os servi\u00e7os da Prefeitura de Juiz de Fora (PJF) ter\u00e3o altera\u00e7\u00f5es durante o feriado da Semana Santa e de Tiradentes, (nesta quinta,\u00a0 sexta-feira e segunda-feira 17, 18 e 21), sem\u00a0 expediente nas reparti\u00e7\u00f5es p\u00fablicas. Confira como fica o funcionamento dos servi\u00e7os ao p\u00fablico durante [&hellip;]<\/p>\n","protected":false},"author":246,"featured_media":227817,"comment_status":"closed","ping_status":"closed","sticky":false,"template":"","format":"standard","meta":{"footnotes":""},"categories":[253,436,440,439],"tags":[],"class_list":["post-227816","post","type-post","status-publish","format-standard","has-post-thumbnail","hentry","category-cidade","category-destaque-da-semana","category-destaques-do-dia","category-ultima-hora"],"_links":{"self":[{"href":"https:\/\/diarioregionaldigital.com.br\/index.php?rest_route=\/wp\/v2\/posts\/227816","targetHints":{"allow":["GET"]}}],"collection":[{"href":"https:\/\/diarioregionaldigital.com.br\/index.php?rest_route=\/wp\/v2\/posts"}],"about":[{"href":"https:\/\/diarioregionaldigital.com.br\/index.php?rest_route=\/wp\/v2\/types\/post"}],"author":[{"embeddable":true,"href":"https:\/\/diarioregionaldigital.com.br\/index.php?rest_route=\/wp\/v2\/users\/246"}],"replies":[{"embeddable":true,"href":"https:\/\/diarioregionaldigital.com.br\/index.php?rest_route=%2Fwp%2Fv2%2Fcomments&post=227816"}],"version-history":[{"count":1,"href":"https:\/\/diarioregionaldigital.com.br\/index.php?rest_route=\/wp\/v2\/posts\/227816\/revisions"}],"predecessor-version":[{"id":227818,"href":"https:\/\/diarioregionaldigital.com.br\/index.php?rest_route=\/wp\/v2\/posts\/227816\/revisions\/227818"}],"wp:featuredmedia":[{"embeddable":true,"href":"https:\/\/diarioregionaldigital.com.br\/index.php?rest_route=\/wp\/v2\/media\/227817"}],"wp:attachment":[{"href":"https:\/\/diarioregionaldigital.com.br\/index.php?rest_route=%2Fwp%2Fv2%2Fmedia&parent=227816"}],"wp:term":[{"taxonomy":"category","embeddable":true,"href":"https:\/\/diarioregionaldigital.com.br\/index.php?rest_route=%2Fwp%2Fv2%2Fcategories&post=227816"},{"taxonomy":"post_tag","embeddable":true,"href":"https:\/\/diarioregionaldigital.com.br\/index.php?rest_route=%2Fwp%2Fv2%2Ftags&post=227816"}],"curies":[{"name":"wp","href":"https:\/\/api.w.org\/{rel}","templated":true}]}}