{"id":227809,"date":"2025-04-16T17:00:33","date_gmt":"2025-04-16T20:00:33","guid":{"rendered":"https:\/\/diarioregionaldigital.com.br\/?p=227809"},"modified":"2025-04-16T17:00:33","modified_gmt":"2025-04-16T20:00:33","slug":"marina-silva-recebe-alta-apos-atendimento-medico-em-brasilia","status":"publish","type":"post","link":"https:\/\/diarioregionaldigital.com.br\/?p=227809","title":{"rendered":"Marina Silva recebe alta ap\u00f3s atendimento m\u00e9dico em Bras\u00edlia"},"content":{"rendered":"<p><strong>A ministra do Meio Ambiente e Mudan\u00e7a do Clima, Marina Silva, sentiu um desconforto g\u00e1strico na tarde desta ter\u00e7a-feira (15)\u00a0e\u00a0<a href=\"https:\/\/agenciabrasil.ebc.com.br\/politica\/noticia\/2025-04\/marina-silva-e-atendida-em-hospital-de-brasilia-por-queda-de-pressao\">foi levada para atendimento m\u00e9dico<\/a><\/strong>\u00a0em um hospital particular de Bras\u00edlia. Segundo a assessoria de imprensa da ministra,\u00a0<strong>ela apresentou sintomas compat\u00edveis a um quadro viral n\u00e3o especificado, mas os exames descartaram a possibilidade de infec\u00e7\u00f5es graves<\/strong>.<img decoding=\"async\" src=\"https:\/\/agenciabrasil.ebc.com.br\/ebc.png?id=1639056&amp;o=node\" \/><img decoding=\"async\" src=\"https:\/\/agenciabrasil.ebc.com.br\/ebc.gif?id=1639056&amp;o=node\" \/><\/p>\n<p>Marina Silva n\u00e3o chegou a ficar internada e, ap\u00f3s exames, hidrata\u00e7\u00e3o e administra\u00e7\u00e3o de medicamentos, ela\u00a0<strong>teve melhora no estado geral e recebeu alta no in\u00edcio da noite.<\/strong><\/p>\n<p>A ministra dever\u00e1 permanecer em repouso na quarta-feira (16).<\/p>\n<p>Hoje mais cedo, a ministra participou do simp\u00f3sio Conectando Clima e Natureza: Recomenda\u00e7\u00f5es para Negocia\u00e7\u00f5es Multilaterais, em Bras\u00edlia.<\/p>\n<p>A agenda da ministra tamb\u00e9m previa encontro com parlamentares e entrevista \u00e0 imprensa.<\/p>\n<p>Fonte: Ag\u00eancia Brasil<\/p>\n","protected":false},"excerpt":{"rendered":"<p>A ministra do Meio Ambiente e Mudan\u00e7a do Clima, Marina Silva, sentiu um desconforto g\u00e1strico na tarde desta ter\u00e7a-feira (15)\u00a0e\u00a0foi levada para atendimento m\u00e9dico\u00a0em um hospital particular de Bras\u00edlia. Segundo a assessoria de imprensa da ministra,\u00a0ela apresentou sintomas compat\u00edveis a um quadro viral n\u00e3o especificado, mas os exames descartaram a possibilidade de infec\u00e7\u00f5es graves. Marina [&hellip;]<\/p>\n","protected":false},"author":246,"featured_media":227810,"comment_status":"closed","ping_status":"closed","sticky":false,"template":"","format":"standard","meta":{"footnotes":""},"categories":[436,261,254,439],"tags":[],"class_list":["post-227809","post","type-post","status-publish","format-standard","has-post-thumbnail","hentry","category-destaque-da-semana","category-economia","category-politica","category-ultima-hora"],"_links":{"self":[{"href":"https:\/\/diarioregionaldigital.com.br\/index.php?rest_route=\/wp\/v2\/posts\/227809","targetHints":{"allow":["GET"]}}],"collection":[{"href":"https:\/\/diarioregionaldigital.com.br\/index.php?rest_route=\/wp\/v2\/posts"}],"about":[{"href":"https:\/\/diarioregionaldigital.com.br\/index.php?rest_route=\/wp\/v2\/types\/post"}],"author":[{"embeddable":true,"href":"https:\/\/diarioregionaldigital.com.br\/index.php?rest_route=\/wp\/v2\/users\/246"}],"replies":[{"embeddable":true,"href":"https:\/\/diarioregionaldigital.com.br\/index.php?rest_route=%2Fwp%2Fv2%2Fcomments&post=227809"}],"version-history":[{"count":1,"href":"https:\/\/diarioregionaldigital.com.br\/index.php?rest_route=\/wp\/v2\/posts\/227809\/revisions"}],"predecessor-version":[{"id":227811,"href":"https:\/\/diarioregionaldigital.com.br\/index.php?rest_route=\/wp\/v2\/posts\/227809\/revisions\/227811"}],"wp:featuredmedia":[{"embeddable":true,"href":"https:\/\/diarioregionaldigital.com.br\/index.php?rest_route=\/wp\/v2\/media\/227810"}],"wp:attachment":[{"href":"https:\/\/diarioregionaldigital.com.br\/index.php?rest_route=%2Fwp%2Fv2%2Fmedia&parent=227809"}],"wp:term":[{"taxonomy":"category","embeddable":true,"href":"https:\/\/diarioregionaldigital.com.br\/index.php?rest_route=%2Fwp%2Fv2%2Fcategories&post=227809"},{"taxonomy":"post_tag","embeddable":true,"href":"https:\/\/diarioregionaldigital.com.br\/index.php?rest_route=%2Fwp%2Fv2%2Ftags&post=227809"}],"curies":[{"name":"wp","href":"https:\/\/api.w.org\/{rel}","templated":true}]}}