{"id":227803,"date":"2025-04-16T16:58:02","date_gmt":"2025-04-16T19:58:02","guid":{"rendered":"https:\/\/diarioregionaldigital.com.br\/?p=227803"},"modified":"2025-04-16T16:58:02","modified_gmt":"2025-04-16T19:58:02","slug":"greve-de-fome-de-glauber-completa-8-dias-e-mobiliza-apoios","status":"publish","type":"post","link":"https:\/\/diarioregionaldigital.com.br\/?p=227803","title":{"rendered":"Greve de fome de Glauber completa 8 dias e mobiliza apoios"},"content":{"rendered":"<p><strong>H\u00e1 mais de 180 horas sem se alimentar, a greve de fome do deputado federal Glauber Braga (Psol\/RJ) tem mobilizado ministros do governo, deputados, lideran\u00e7as populares, artistas e intelectuais nos oito dias em que est\u00e1\u00a0<a href=\"https:\/\/agenciabrasil.ebc.com.br\/politica\/noticia\/2025-04\/Greve%20de%20fome%3A%20Glauber-acampa-na-C%C3%A2mara-ap%C3%B3s-Conselho-votar-cassa%C3%A7%C3%A3o-\" target=\"_blank\" rel=\"noopener\">acampado no plen\u00e1rio da C\u00e2mara dos Deputados<\/a>.<\/strong>\u00a0O protesto come\u00e7ou\u00a0ap\u00f3s o\u00a0Conselho de \u00c9tica recomendar\u00a0a cassa\u00e7\u00e3o do\u00a0mandato de Braga.\u00a0\u00a0<img decoding=\"async\" src=\"https:\/\/agenciabrasil.ebc.com.br\/ebc.png?id=1639173&amp;o=node\" \/><img decoding=\"async\" src=\"https:\/\/agenciabrasil.ebc.com.br\/ebc.gif?id=1639173&amp;o=node\" \/><\/p>\n<blockquote><p>\u201cEssa noite senti mais o abalo emocional. Dormi pouco, cerca de quatro horas. Acordei, pensei bastante e me sinto forte novamente. N\u00e3o vou desistir\u201d, informou o deputado, em nota, nesta quarta-feira (16).<\/p><\/blockquote>\n<p>O parlamentar\u00a0est\u00e1 sem falar com a imprensa para poupar energia, tem ingerido apenas bebidas isot\u00f4nicas\u00a0e tem sa\u00eddo para tomar banho de sol e para ser analisado por m\u00e9dico duas vezes ao dia. O deputado perdeu mais de quatro\u00a0quilos nesses oito dias.<\/p>\n<p>\u201cOntem teve cefaleia frontal [dor de cabe\u00e7a] leve que cedeu sem uso de analg\u00e9sico, um mal-estar gastrointestinal, sem maiores consequ\u00eancias, e dor nas costas\u201d, disse o m\u00e9dico Ant\u00f4nio Alves.<\/p>\n<p><strong><a href=\"https:\/\/agenciabrasil.ebc.com.br\/politica\/noticia\/2025-04\/conselho-de-etica-aprova-cassacao-do-mandato-de-glauber-braga\" target=\"_blank\" rel=\"noopener\">Glauber responde por quebra de decoro<\/a>\u00a0por agredir um militante de extrema-direita que ofendeu a m\u00e3e dele nos corredores do parlamento. Doente, a m\u00e3e do parlamentar faleceu menos de um m\u00eas ap\u00f3s o incidente.<\/strong><\/p>\n<p><strong>Apoiadores consideram a pena desproporcional, lembram que n\u00e3o h\u00e1 precedentes na C\u00e2mara de perda de mandato por esse tipo de conduta, e afirmam que decis\u00e3o \u00e9 resultado de persegui\u00e7\u00e3o pol\u00edtica pela den\u00fancia que faz do or\u00e7amento secreto.<\/strong><\/p>\n<h2>Comportamento no Conselho<\/h2>\n<p>O deputado Jo\u00e3o Le\u00e3o (PP-BA) &#8211; que votou pela cassa\u00e7\u00e3o de Glauber no Conselho de \u00c9tica \u2013 afirmou \u00e0\u00a0<strong>Ag\u00eancia Brasil<\/strong>\u00a0que, antes, defendia uma suspens\u00e3o de seis meses do mandato do parlamentar, mas que o comportamento dele no Conselho de \u00c9tica mudou o cen\u00e1rio.<\/p>\n<blockquote><p>\u201cEle est\u00e1 sendo cassado pelo comportamento dele no Conselho de \u00c9tica. Ele cavou a pr\u00f3pria cova. Ele chamou o relator [deputado Paulo Magalh\u00e3es (PSD\/BA)] e o ex-presidente da C\u00e2mara [Arthur Lira (PP\/AL)] de ladr\u00f5es. Ele n\u00e3o tem condi\u00e7\u00f5es de continuar porque n\u00e3o respeita os pares\u201d, afirmou o deputado, acrescentando que vota\u00a0novamente pela cassa\u00e7\u00e3o se o caso for\u00a0ao Plen\u00e1rio da C\u00e2mara.<\/p><\/blockquote>\n<p><strong>O deputado do Psol acusa Lira e Maralh\u00e3es de articularem sua cassa\u00e7\u00e3o pelas den\u00fancias que ele faz sobre o\u00a0or\u00e7amento secreto. Ambos negam e Lira promete processar Glauber se ele n\u00e3o provar as acusa\u00e7\u00f5es.<\/strong><\/p>\n<h2>Estrat\u00e9gia<\/h2>\n<p><strong>O Psol tem at\u00e9 a pr\u00f3xima ter\u00e7a-feira (22) para recorrer \u00e0 Comiss\u00e3o de Constitui\u00e7\u00e3o e Justi\u00e7a (CCJ) da C\u00e2mara.\u00a0<\/strong>O partido discute qual a melhor estrat\u00e9gia para o recurso.<\/p>\n<p>A deputada S\u00e2mia Bonfim (Psol\/SP), que \u00e9 esposa de Glauber, afirmou que, por enquanto, n\u00e3o h\u00e1 acordo com os l\u00edderes para reverter \u00e0 cassa\u00e7\u00e3o.<\/p>\n<blockquote><p>\u201cEstamos avaliando a melhor estrat\u00e9gia de acordo com as respostas que a gente tiver dos l\u00edderes do centr\u00e3o e de outros partidos. Podemos fazer uma pe\u00e7a de 900 p\u00e1ginas que tenha todos os elementos jur\u00eddicos e pol\u00edticos\u00a0para nos ajudar a recorrer ao STF. Ou podemos fazer uma pe\u00e7a enxuta a depende do que se consegue construir\u00a0acordo\u201d, detalhou.<\/p><\/blockquote>\n<div class=\"dnd-widget-wrapper context-cheio_8colunas type-image\">\n<div class=\"dnd-atom-rendered\"><img decoding=\"async\" title=\"Lula Marques\/Ag\u00eancia Brasil\" src=\"https:\/\/imagens.ebc.com.br\/B_WowIktP9A5Zb-EZb5oZR8nTB0=\/754x0\/smart\/https:\/\/agenciabrasil.ebc.com.br\/sites\/default\/files\/thumbnails\/image\/2025\/04\/16\/lula0215.jpg?itok=UJko8MNe\" alt=\"Bras\u00edlia (DF), 16\/04\/2025  - Deputados Glauber Braga e S\u00e2mia Bomfim durante Banho de sol do deputado que continua em greve de fome.  Foto: Lula Marques\/Ag\u00eancia Brasil\" \/><\/div>\n<div class=\"dnd-caption-wrapper\">\n<h6 class=\"meta\">Deputados Glauber Braga e deputada S\u00e2mia Bomfim durante banho de sol do deputado.\u00a0<strong>Foto:<\/strong>\u00a0<strong>Lula Marques\/Ag\u00eancia Brasil<\/strong><\/h6>\n<\/div>\n<\/div>\n<p>S\u00e2mia diz que ser\u00e1 preciso enfrentar o &#8220;longo feriado&#8221; at\u00e9 a pr\u00f3xima sess\u00e3o da CCJ e diz que os apoios que recebem t\u00eam dado for\u00e7a. &#8220;A solidariedade, a repercuss\u00e3o, as visitas. Isso tem sido importante para tirar o esvaziamento da semana da C\u00e2mara porque n\u00e3o teve sess\u00e3o presencial&#8221;, concluiu.<\/p>\n<h2>Apoios<\/h2>\n<p><strong>Uma vig\u00edlia foi montada nessa ter\u00e7a-feira (15) em frente \u00e0 C\u00e2mara para apoiar\u00a0Glauber e protestar contra o PL da Anistia.\u00a0<\/strong>A aposentada Laura Lima, dos coletivos Rede Lular e Borda Luta, disse que o objetivo \u00e9 ficar no local enquanto durar o processo contra o deputado.<\/p>\n<p>\u201cO caso do Glauber afeta a democracia por conta da persegui\u00e7\u00e3o que ele vem sofrendo. Essa vig\u00edlia \u00e9 importante para mostrar nossa indigna\u00e7\u00e3o e nossa solidariedade a\u00a0Glauber e S\u00e2mia, e a todos que enfrentam a extrema direita no Parlamento\u201d, comentou.<\/p>\n<p>O deputado do Psol tem recebido visitas e apoios inesperados, como do deputado do PL, Ant\u00f4nio Carlos Rodrigues (SP), do deputado Fausto Pinato (PP\/SP) e do deputado Ribamar Ant\u00f4nio da Silva (PSD-SP).<\/p>\n<p>Glauber tamb\u00e9m recebeu solidariedade de ministros, parlamentares, lideran\u00e7as e movimentos populares, de artistas e militantes. Um abaixo-assinado com mais de 154 mil assinaturas contra sua cassa\u00e7\u00e3o circula na internet.<\/p>\n<p>Sete ministros do governo Lula visitaram o parlamentar, entre eles\u00a0a ministra das Rela\u00e7\u00f5es Institucionais, Gleisi Hoffman, e o ministro da Secretaria de Comunica\u00e7\u00e3o Social (Secom), Sid\u00f4nio Palmeira. Nessa ter\u00e7a-feira, o ministro do Desenvolvimento Agr\u00e1rio, Paulo Teixeira, e a dos Povos Ind\u00edgenas, S\u00f4nia Guajajara, estiveram com Glauber no plen\u00e1rio do Conselho.<\/p>\n<p>Na segunda-feira (14), foi feito um samba\u00a0nas depend\u00eancias da C\u00e2mara em apoio ao parlamentar. Ele tamb\u00e9m recebeu apoios de artistas como o canto e compositor Chico Buarque.<\/p>\n<p>Em carta, o coletivo Ema\u00fas \u2013 que re\u00fane lideran\u00e7as religiosas, como Frei Betto e Leornado Boff &#8211; disse que Glauber est\u00e1 sendo perseguido por \u201cenfrentar seus algozes\u201d.<\/p>\n<p>\u201cDesejamos manifestar a voc\u00ea o nosso apoio e lhe dizer o quanto \u00e9 importante a sua pessoa neste momento que o Brasil vive e neste Congresso com tantos desafios\u201d,\u00a0 escreveram lideran\u00e7as crist\u00e3s em carta a Glauber Braga.<\/p>\n<p>Fonte: Ag\u00eancia Brasil<\/p>\n","protected":false},"excerpt":{"rendered":"<p>H\u00e1 mais de 180 horas sem se alimentar, a greve de fome do deputado federal Glauber Braga (Psol\/RJ) tem mobilizado ministros do governo, deputados, lideran\u00e7as populares, artistas e intelectuais nos oito dias em que est\u00e1\u00a0acampado no plen\u00e1rio da C\u00e2mara dos Deputados.\u00a0O protesto come\u00e7ou\u00a0ap\u00f3s o\u00a0Conselho de \u00c9tica recomendar\u00a0a cassa\u00e7\u00e3o do\u00a0mandato de Braga.\u00a0\u00a0 \u201cEssa noite senti mais [&hellip;]<\/p>\n","protected":false},"author":246,"featured_media":227804,"comment_status":"closed","ping_status":"closed","sticky":false,"template":"","format":"standard","meta":{"footnotes":""},"categories":[436,440,261,254,439],"tags":[],"class_list":["post-227803","post","type-post","status-publish","format-standard","has-post-thumbnail","hentry","category-destaque-da-semana","category-destaques-do-dia","category-economia","category-politica","category-ultima-hora"],"_links":{"self":[{"href":"https:\/\/diarioregionaldigital.com.br\/index.php?rest_route=\/wp\/v2\/posts\/227803","targetHints":{"allow":["GET"]}}],"collection":[{"href":"https:\/\/diarioregionaldigital.com.br\/index.php?rest_route=\/wp\/v2\/posts"}],"about":[{"href":"https:\/\/diarioregionaldigital.com.br\/index.php?rest_route=\/wp\/v2\/types\/post"}],"author":[{"embeddable":true,"href":"https:\/\/diarioregionaldigital.com.br\/index.php?rest_route=\/wp\/v2\/users\/246"}],"replies":[{"embeddable":true,"href":"https:\/\/diarioregionaldigital.com.br\/index.php?rest_route=%2Fwp%2Fv2%2Fcomments&post=227803"}],"version-history":[{"count":1,"href":"https:\/\/diarioregionaldigital.com.br\/index.php?rest_route=\/wp\/v2\/posts\/227803\/revisions"}],"predecessor-version":[{"id":227805,"href":"https:\/\/diarioregionaldigital.com.br\/index.php?rest_route=\/wp\/v2\/posts\/227803\/revisions\/227805"}],"wp:featuredmedia":[{"embeddable":true,"href":"https:\/\/diarioregionaldigital.com.br\/index.php?rest_route=\/wp\/v2\/media\/227804"}],"wp:attachment":[{"href":"https:\/\/diarioregionaldigital.com.br\/index.php?rest_route=%2Fwp%2Fv2%2Fmedia&parent=227803"}],"wp:term":[{"taxonomy":"category","embeddable":true,"href":"https:\/\/diarioregionaldigital.com.br\/index.php?rest_route=%2Fwp%2Fv2%2Fcategories&post=227803"},{"taxonomy":"post_tag","embeddable":true,"href":"https:\/\/diarioregionaldigital.com.br\/index.php?rest_route=%2Fwp%2Fv2%2Ftags&post=227803"}],"curies":[{"name":"wp","href":"https:\/\/api.w.org\/{rel}","templated":true}]}}