{"id":227800,"date":"2025-04-16T16:56:17","date_gmt":"2025-04-16T19:56:17","guid":{"rendered":"https:\/\/diarioregionaldigital.com.br\/?p=227800"},"modified":"2025-04-16T16:56:17","modified_gmt":"2025-04-16T19:56:17","slug":"pejotizacao-tem-impacto-nefasto-sobre-arrecadacao-afirma-governo","status":"publish","type":"post","link":"https:\/\/diarioregionaldigital.com.br\/?p=227800","title":{"rendered":"Pejotiza\u00e7\u00e3o tem impacto nefasto sobre arrecada\u00e7\u00e3o, afirma governo"},"content":{"rendered":"<p><strong>Em parecer enviado ao Supremo Tribunal Federal (STF), a Procuradoria-Geral da Fazenda Nacional (PGFN) alertou que autorizar a chamada pejotiza\u00e7\u00e3o de trabalhadores pode ter \u201cconsequ\u00eancias nefastas\u201d sobre a arrecada\u00e7\u00e3o fiscal e o custeio da Previd\u00eancia.<\/strong><img decoding=\"async\" src=\"https:\/\/agenciabrasil.ebc.com.br\/ebc.png?id=1639147&amp;o=node\" \/><img decoding=\"async\" src=\"https:\/\/agenciabrasil.ebc.com.br\/ebc.gif?id=1639147&amp;o=node\" \/><\/p>\n<p>A pejotiza\u00e7\u00e3o ocorre quando uma empresa contrata um prestador de servi\u00e7o como pessoa jur\u00eddica com o objetivo de mascarar uma rela\u00e7\u00e3o trabalhista. Com isso, o trabalhador e o contratante evitam o pagamento de encargos trabalhistas.<\/p>\n<p><strong>\u201cTal artif\u00edcio aniquilaria o dever que vincula profissionais liberais qualificados ao pagamento de imposto de renda\u201d, frisou a PGFN. \u201cE desfalcaria o caixa da Previd\u00eancia Social, afastando-se a incid\u00eancia da contribui\u00e7\u00e3o social patronal\u201d, acrescentou o \u00f3rg\u00e3o, um dos bra\u00e7os da Advocacia-Geral da Uni\u00e3o (AGU).<\/strong><\/p>\n<h2>Pol\u00eamica<\/h2>\n<p><strong>O fen\u00f4meno da pejotiza\u00e7\u00e3o voltou a ganhar destaque no notici\u00e1rio com a decis\u00e3o do ministro Gilmar Mendes, que, na segunda-feira (14), decidiu suspender o andamento de todos os processos sobre o tema, em todos os tribunais do pa\u00eds. A pol\u00eamica, contudo, n\u00e3o \u00e9 nova para juristas e economistas.<\/strong><\/p>\n<p>Estudo publicado no ano passado pelo professor Nelson Marconi, da Funda\u00e7\u00e3o Get\u00falio Vargas (FGV), por exemplo, estima que a pejotiza\u00e7\u00e3o teve impacto de R$ 89 bilh\u00f5es sobre a arrecada\u00e7\u00e3o fiscal de 2017, quando foi aprovada a terceiriza\u00e7\u00e3o da atividade-fim das empresas at\u00e9 o fim de 2023.<\/p>\n<p>O economista estimou que esse impacto pode superar os R$ 380 bilh\u00f5es caso a pejotiza\u00e7\u00e3o avance e venha a alcan\u00e7ar a metade dos trabalhadores com carteira assinada.<\/p>\n<p>\u201cAssim, ressaltamos que a perda de receita decorrente da pejotiza\u00e7\u00e3o causa impacto relevante nas contas p\u00fablicas. \u00c9 um importante aspecto a considerar quando s\u00e3o analisados os efeitos da flexibiliza\u00e7\u00e3o ampla pretendida para o mercado de trabalho na dire\u00e7\u00e3o de possibilitar situa\u00e7\u00f5es de viola\u00e7\u00e3o \u00e0 legisla\u00e7\u00e3o trabalhista\u201d, assegurou Marconi no estudo.<\/p>\n<h2>Motiva\u00e7\u00e3o fiscal<\/h2>\n<p>No parecer enviado ao Supremo sobre o tema, a Procuradoria-Geral da Fazenda Nacional alertou que a pejotiza\u00e7\u00e3o afeta, sobretudo, trabalhadores mais qualificados, de maior sal\u00e1rio, o que potencializa o impacto fiscal e previdenci\u00e1rio desse tipo de fraude contratual.<\/p>\n<p>Isso porque tais profissionais podem deixar de pagar o Imposto de Renda e seus contratantes n\u00e3o precisam fazer os recolhimentos usuais para a Previd\u00eancia Social.<\/p>\n<p>\u201cTal artif\u00edcio aniquilaria o dever que vincula profissionais liberais qualificados ao pagamento do Imposto de Renda \u2013 a tributa\u00e7\u00e3o de tais empresas unipessoais tende a ocorrer, de forma extraordinariamente favorecida, no \u00e2mbito do Simples Nacional, ao mesmo tempo em que s\u00e3o isentos os dividendos e lucros distribu\u00eddos ao controlador \u2013 e desfalcaria o caixa da Previd\u00eancia Social, afastando-se da incid\u00eancia da contribui\u00e7\u00e3o social patronal\u201d, explicou o procurador da Fazenda Carlos de Ara\u00fajo Moreira, que assina a manifesta\u00e7\u00e3o da PGFN.<\/p>\n<blockquote><p>O parecer do \u00f3rg\u00e3o foi enviado ao Supremo Tribunal Federal (foto) em abril de 2023, num processo em que um trabalhador buscava, no STF, reverter decis\u00e3o que negou o v\u00ednculo empregat\u00edcio dele com uma empresa de telecomunica\u00e7\u00f5es.<\/p><\/blockquote>\n<p>\u201cPara evitar tais consequ\u00eancias nefastas, entende a Uni\u00e3o que a livre iniciativa, no direito do trabalho, deve ser compatibilizada com o estrito respeito e cumprimento do disposto nos artigos 3\u00ba, 9\u00ba e 442\u00ba, todos da Consolida\u00e7\u00e3o das Leis Trabalhistas (CLT), preservando-se o princ\u00edpio da verdade real na justi\u00e7a do trabalho\u201d, opinou a PGFN.<\/p>\n<h2>Entenda<\/h2>\n<p><strong>A pol\u00eamica sobre a pejotiza\u00e7\u00e3o \u00e9 alvo de embates no Supremo ao menos desde 2018, quando o plen\u00e1rio decidiu, por maioria, autorizar empresas a contratarem terceirizados para suas atividades-fim, e n\u00e3o s\u00f3 para \u00e1reas de apoio como limpeza, contabilidade ou vigil\u00e2ncia.<\/strong><\/p>\n<p>Com essa decis\u00e3o, diferentes empresas passaram a abrir centenas de processos no Supremo, alegando que os v\u00ednculos de trabalho formal reivindicados por supostos funcion\u00e1rios s\u00e3o indevidos, uma vez que os servi\u00e7os foram prestados sob contratos regulares de terceiriza\u00e7\u00e3o.<\/p>\n<p><strong>Desde ent\u00e3o, milhares de decis\u00f5es foram proferidas por diferentes ministros do STF para derrubar v\u00ednculos de trabalho formal que haviam sido reconhecidos pela Justi\u00e7a do Trabalho.\u00a0<\/strong><\/p>\n<p><strong>No despacho de segunda-feira, Gilmar Mendes reclamou do \u201creiterado descumprimento\u201d da decis\u00e3o em que o Supremo autorizou a terceiriza\u00e7\u00e3o.<\/p>\n<p><\/strong>Fonte: Ag\u00eancia Brasil<\/p>\n","protected":false},"excerpt":{"rendered":"<p>Em parecer enviado ao Supremo Tribunal Federal (STF), a Procuradoria-Geral da Fazenda Nacional (PGFN) alertou que autorizar a chamada pejotiza\u00e7\u00e3o de trabalhadores pode ter \u201cconsequ\u00eancias nefastas\u201d sobre a arrecada\u00e7\u00e3o fiscal e o custeio da Previd\u00eancia. A pejotiza\u00e7\u00e3o ocorre quando uma empresa contrata um prestador de servi\u00e7o como pessoa jur\u00eddica com o objetivo de mascarar uma [&hellip;]<\/p>\n","protected":false},"author":246,"featured_media":227801,"comment_status":"closed","ping_status":"closed","sticky":false,"template":"","format":"standard","meta":{"footnotes":""},"categories":[436,440,261,254,439],"tags":[],"class_list":["post-227800","post","type-post","status-publish","format-standard","has-post-thumbnail","hentry","category-destaque-da-semana","category-destaques-do-dia","category-economia","category-politica","category-ultima-hora"],"_links":{"self":[{"href":"https:\/\/diarioregionaldigital.com.br\/index.php?rest_route=\/wp\/v2\/posts\/227800","targetHints":{"allow":["GET"]}}],"collection":[{"href":"https:\/\/diarioregionaldigital.com.br\/index.php?rest_route=\/wp\/v2\/posts"}],"about":[{"href":"https:\/\/diarioregionaldigital.com.br\/index.php?rest_route=\/wp\/v2\/types\/post"}],"author":[{"embeddable":true,"href":"https:\/\/diarioregionaldigital.com.br\/index.php?rest_route=\/wp\/v2\/users\/246"}],"replies":[{"embeddable":true,"href":"https:\/\/diarioregionaldigital.com.br\/index.php?rest_route=%2Fwp%2Fv2%2Fcomments&post=227800"}],"version-history":[{"count":1,"href":"https:\/\/diarioregionaldigital.com.br\/index.php?rest_route=\/wp\/v2\/posts\/227800\/revisions"}],"predecessor-version":[{"id":227802,"href":"https:\/\/diarioregionaldigital.com.br\/index.php?rest_route=\/wp\/v2\/posts\/227800\/revisions\/227802"}],"wp:featuredmedia":[{"embeddable":true,"href":"https:\/\/diarioregionaldigital.com.br\/index.php?rest_route=\/wp\/v2\/media\/227801"}],"wp:attachment":[{"href":"https:\/\/diarioregionaldigital.com.br\/index.php?rest_route=%2Fwp%2Fv2%2Fmedia&parent=227800"}],"wp:term":[{"taxonomy":"category","embeddable":true,"href":"https:\/\/diarioregionaldigital.com.br\/index.php?rest_route=%2Fwp%2Fv2%2Fcategories&post=227800"},{"taxonomy":"post_tag","embeddable":true,"href":"https:\/\/diarioregionaldigital.com.br\/index.php?rest_route=%2Fwp%2Fv2%2Ftags&post=227800"}],"curies":[{"name":"wp","href":"https:\/\/api.w.org\/{rel}","templated":true}]}}