{"id":227797,"date":"2025-04-15T17:15:26","date_gmt":"2025-04-15T20:15:26","guid":{"rendered":"https:\/\/diarioregionaldigital.com.br\/?p=227797"},"modified":"2025-04-15T17:15:26","modified_gmt":"2025-04-15T20:15:26","slug":"sedupp-inaugura-prefeitura-presente-e-aproxima-o-servico-publico-da-populacao-em-seis-regioes","status":"publish","type":"post","link":"https:\/\/diarioregionaldigital.com.br\/?p=227797","title":{"rendered":"Sedupp inaugura &#8220;Prefeitura Presente&#8221; e aproxima o servi\u00e7o p\u00fablico da popula\u00e7\u00e3o em seis regi\u00f5es"},"content":{"rendered":"<p>Segundo informa\u00e7\u00f5es do site da Prefeitura de Juiz de Fora (PJF), nesta ter\u00e7a-feira, 15, a Prefeitura de Juiz de Fora (PJF), por meio da Secretaria de Desenvolvimento Urbano com Participa\u00e7\u00e3o Popular (Sedupp), lan\u00e7ou o programa \u201cPrefeitura Presente\u201d, uma iniciativa que leva atendimento direto, fiscaliza\u00e7\u00e3o ativa e acolhimento aos bairros da cidade. Com pontos em diferentes regi\u00f5es, o programa tem como objetivo promover mais proximidade, di\u00e1logo e agilidade na resolu\u00e7\u00e3o das demandas cotidianas da popula\u00e7\u00e3o.<\/p>\n<p>Ao todo, seis regi\u00f5es contam com unidades do Prefeitura Presente: Norte, Sul, Nordeste, Sudeste, Oeste e Noroeste. Nesses espa\u00e7os, os cidad\u00e3os t\u00eam acesso a equipes do Gabinete de A\u00e7\u00e3o e Di\u00e1logo Comunit\u00e1rio e da Fiscaliza\u00e7\u00e3o de Posturas, preparadas para acolher, orientar e encaminhar cada solicita\u00e7\u00e3o com aten\u00e7\u00e3o e efici\u00eancia. Com essa presen\u00e7a f\u00edsica nas regi\u00f5es, a Prefeitura amplia a capacidade de percep\u00e7\u00e3o das necessidades locais e garante respostas mais r\u00e1pidas, principalmente em situa\u00e7\u00f5es emergenciais ou recorrentes.<\/p>\n<p>De acordo com a Secret\u00e1ria de Desenvolvimento Urbano com Participa\u00e7\u00e3o Popular, Cidinha Louzada, a proposta \u00e9 facilitar o acesso da popula\u00e7\u00e3o aos servi\u00e7os municipais, oferecendo um canal direto para registro de pedidos, esclarecimento de d\u00favidas e acompanhamento das demandas. \u201cPrefeitura Presente \u00e9 mais um passo para aumentar a rela\u00e7\u00e3o entre o governo e a comunidade. Com isso, a gente fortalece a escuta ativa e a atua\u00e7\u00e3o integrada em cada territ\u00f3rio. Esse espa\u00e7o \u00e9 mais do que uma estrutura no bairro, \u00e9 compromisso. A gente escuta, orienta e resolve, junto com o morador\u201d, destaca.<\/p>\n<p>Para a prefeita, Margarida Salom\u00e3o, equipamentos como esses aproximam a prefeitura das pessoas. \u201cUm governo democr\u00e1tico e eficiente \u00e9 aquele que est\u00e1 perto do cidad\u00e3o. \u00c9 aquele que est\u00e1 com o ouvido atento para que o cidad\u00e3o se manifeste. E, nesse ponto, a proximidade f\u00edsica, a disponibilidade, o acolhimento, \u00e9 uma garantia de que n\u00f3s ganhamos uma cidade melhor e mais democr\u00e1tica\u201d, explica.<\/p>\n<p>Nos locais do Prefeitura Presente, a popula\u00e7\u00e3o conta com uma escuta qualificada de suas demandas, que s\u00e3o devidamente registradas, encaminhadas e acompanhadas em articula\u00e7\u00e3o com as demais secretarias da prefeitura. Al\u00e9m disso, a Fiscaliza\u00e7\u00e3o de Posturas atua com vistorias e den\u00fancias relacionadas a Vigil\u00e2ncia Sanit\u00e1ria e ao Procon, realiza atendimentos diretos \u00e0 comunidade e fiscaliza cal\u00e7adas, lotes vagos, obras, com\u00e9rcio em geral, perturba\u00e7\u00e3o do sossego p\u00fablico, higiene de edifica\u00e7\u00f5es, conspurca\u00e7\u00e3o (sujeita) de vias p\u00fablicas, uso e ocupa\u00e7\u00e3o do solo p\u00fablico, com\u00e9rcio irregular, publicidade e propaganda, entre outros, al\u00e9m de acompanhar de perto o andamento de cada caso.<\/p>\n<p><strong>Confira os endere\u00e7os do Prefeitura Presente:<\/strong><\/p>\n<p><strong>REGI\u00c3O SUL<\/strong><\/p>\n<p>Av. Darcy Vargas, 206 \/ Loja 03 \u2013 Ipiranga<\/p>\n<p>Tel.: (32) 3690-8304 | E-mail: sfrsul@pjf.mg.gov.br<\/p>\n<p><strong>REGI\u00c3O OESTE<\/strong><\/p>\n<p>Rua Jos\u00e9 Louren\u00e7o Kelmer, 1300 \/ Sala\u00a0203\u2013 S\u00e3o Pedro<\/p>\n<p>Tel.: (32) 3690-7507 | E-mail: sfroeste@pjf.mg.gov.br<\/p>\n<p><strong>REGI\u00c3O NORTE<\/strong><\/p>\n<p>Rua In\u00eas Garcia, 357 \u2013 Benfica<\/p>\n<p>Tel.: (32) 3690-7927 | E-mail: sfrnorte@pjf.mg.gov.br<\/p>\n<p><strong>REGI\u00c3O NORDESTE<\/strong><\/p>\n<p>Av. Rui Barbosa, 530 \u2013 Santa Terezinha<\/p>\n<p>Tel.: (32) 3690-7883 | E-mail: sfrnordeste@pjf.mg.gov.br<\/p>\n<p><strong>REGI\u00c3O NOROESTE<\/strong><\/p>\n<p>Rua Professor Menton de Alencar, 05 \/ Loja 02 \u2013 Francisco Bernardino<\/p>\n<p>Tel.: (32) 3690-7883 | E-mail: sfrnordeste@pjf.mg.gov.br<\/p>\n<p><strong>REGI\u00c3O SUDESTE<\/strong><\/p>\n<p>Av. Sete de Setembro, 768 \u2013 Costa Carvalho<\/p>\n<p>Tel.: (32) 3690-8377 | E-mail: sfrsudeste@pjf.mg.gov.br<\/p>\n<div><\/div>\n","protected":false},"excerpt":{"rendered":"<p>Segundo informa\u00e7\u00f5es do site da Prefeitura de Juiz de Fora (PJF), nesta ter\u00e7a-feira, 15, a Prefeitura de Juiz de Fora (PJF), por meio da Secretaria de Desenvolvimento Urbano com Participa\u00e7\u00e3o Popular (Sedupp), lan\u00e7ou o programa \u201cPrefeitura Presente\u201d, uma iniciativa que leva atendimento direto, fiscaliza\u00e7\u00e3o ativa e acolhimento aos bairros da cidade. Com pontos em diferentes [&hellip;]<\/p>\n","protected":false},"author":246,"featured_media":227798,"comment_status":"closed","ping_status":"closed","sticky":false,"template":"","format":"standard","meta":{"footnotes":""},"categories":[253,436,440,439],"tags":[],"class_list":["post-227797","post","type-post","status-publish","format-standard","has-post-thumbnail","hentry","category-cidade","category-destaque-da-semana","category-destaques-do-dia","category-ultima-hora"],"_links":{"self":[{"href":"https:\/\/diarioregionaldigital.com.br\/index.php?rest_route=\/wp\/v2\/posts\/227797","targetHints":{"allow":["GET"]}}],"collection":[{"href":"https:\/\/diarioregionaldigital.com.br\/index.php?rest_route=\/wp\/v2\/posts"}],"about":[{"href":"https:\/\/diarioregionaldigital.com.br\/index.php?rest_route=\/wp\/v2\/types\/post"}],"author":[{"embeddable":true,"href":"https:\/\/diarioregionaldigital.com.br\/index.php?rest_route=\/wp\/v2\/users\/246"}],"replies":[{"embeddable":true,"href":"https:\/\/diarioregionaldigital.com.br\/index.php?rest_route=%2Fwp%2Fv2%2Fcomments&post=227797"}],"version-history":[{"count":1,"href":"https:\/\/diarioregionaldigital.com.br\/index.php?rest_route=\/wp\/v2\/posts\/227797\/revisions"}],"predecessor-version":[{"id":227799,"href":"https:\/\/diarioregionaldigital.com.br\/index.php?rest_route=\/wp\/v2\/posts\/227797\/revisions\/227799"}],"wp:featuredmedia":[{"embeddable":true,"href":"https:\/\/diarioregionaldigital.com.br\/index.php?rest_route=\/wp\/v2\/media\/227798"}],"wp:attachment":[{"href":"https:\/\/diarioregionaldigital.com.br\/index.php?rest_route=%2Fwp%2Fv2%2Fmedia&parent=227797"}],"wp:term":[{"taxonomy":"category","embeddable":true,"href":"https:\/\/diarioregionaldigital.com.br\/index.php?rest_route=%2Fwp%2Fv2%2Fcategories&post=227797"},{"taxonomy":"post_tag","embeddable":true,"href":"https:\/\/diarioregionaldigital.com.br\/index.php?rest_route=%2Fwp%2Fv2%2Ftags&post=227797"}],"curies":[{"name":"wp","href":"https:\/\/api.w.org\/{rel}","templated":true}]}}