{"id":227794,"date":"2025-04-15T17:11:36","date_gmt":"2025-04-15T20:11:36","guid":{"rendered":"https:\/\/diarioregionaldigital.com.br\/?p=227794"},"modified":"2025-04-15T17:11:36","modified_gmt":"2025-04-15T20:11:36","slug":"apos-partida-no-ginasio-municipal-com-ingressos-esgotados-jf-e-vice-campeao-da-superliga-b","status":"publish","type":"post","link":"https:\/\/diarioregionaldigital.com.br\/?p=227794","title":{"rendered":"Ap\u00f3s partida no Gin\u00e1sio Municipal com ingressos esgotados, JF \u00e9 vice-campe\u00e3o da Superliga B"},"content":{"rendered":"<p>Segundo informa\u00e7\u00f5es do site da Prefeitura de Juiz de Fora (PJF), em uma partida marcada pela emo\u00e7\u00e3o at\u00e9 o \u00faltimo ponto, o JF V\u00f4lei ficou com o vice-campeonato da Superliga B 2024\/25. A equipe de Juiz de Fora foi superada pelo Monte Carmelo por 3 sets a 2 na grande final, realizada na noite desta segunda-feira (14), em jogo \u00fanico.<\/p>\n<p>Apesar da derrota, o time juiz-forano comemora a vaga garantida na elite do voleibol nacional: a Superliga A da pr\u00f3xima temporada. Ambas as equipes finalistas asseguraram o acesso ao chegar \u00e0 decis\u00e3o da competi\u00e7\u00e3o. Representando a Zona da Mata mineira, o JF V\u00f4lei contou com o apoio da Companhia de Saneamento Municipal (Cesama), patrocinadora oficial da equipe.<\/p>\n<p><strong>Recorde de p\u00fablico<\/strong><\/p>\n<p>No jogo na noite desta segunda-feira (14) o JF V\u00f4lei registrou\u00a0 no gin\u00e1sio lota\u00e7\u00e3o m\u00e1xima no n\u00famero de torcedores: com\u00a06.023 pessoas dentro do Gin\u00e1sio,\u00a0feito conquistado pela terceira vez pela equipe.<\/p>\n<p><strong>Sobre o Gin\u00e1sio Municipal Radialista M\u00e1rio Hel\u00eanio<\/strong><\/p>\n<p>O Gin\u00e1sio \u00e9 parte integrante do complexo Esportivo e de Lazer implantado na \u00e1rea externa do Est\u00e1dio Municipal Radialista M\u00e1rio Hel\u00eanio. O espa\u00e7o \u00e9 um importante aparelho esportivo para cidade, no qual v\u00e1rias atividades de esportes, lazer e de cultura s\u00e3o realizadas.<\/p>\n<p>Foto: Fernando Itaborahy<\/p>\n<p><strong>Outras informa\u00e7\u00f5es:<\/strong><\/p>\n<p><strong>\u00a0(32) 3690- 7844\u2013 Secretaria de Esporte e Lazer<\/strong><\/p>\n","protected":false},"excerpt":{"rendered":"<p>Segundo informa\u00e7\u00f5es do site da Prefeitura de Juiz de Fora (PJF), em uma partida marcada pela emo\u00e7\u00e3o at\u00e9 o \u00faltimo ponto, o JF V\u00f4lei ficou com o vice-campeonato da Superliga B 2024\/25. A equipe de Juiz de Fora foi superada pelo Monte Carmelo por 3 sets a 2 na grande final, realizada na noite desta [&hellip;]<\/p>\n","protected":false},"author":246,"featured_media":227795,"comment_status":"closed","ping_status":"closed","sticky":false,"template":"","format":"standard","meta":{"footnotes":""},"categories":[253,436,440,257,439],"tags":[],"class_list":["post-227794","post","type-post","status-publish","format-standard","has-post-thumbnail","hentry","category-cidade","category-destaque-da-semana","category-destaques-do-dia","category-esporte","category-ultima-hora"],"_links":{"self":[{"href":"https:\/\/diarioregionaldigital.com.br\/index.php?rest_route=\/wp\/v2\/posts\/227794","targetHints":{"allow":["GET"]}}],"collection":[{"href":"https:\/\/diarioregionaldigital.com.br\/index.php?rest_route=\/wp\/v2\/posts"}],"about":[{"href":"https:\/\/diarioregionaldigital.com.br\/index.php?rest_route=\/wp\/v2\/types\/post"}],"author":[{"embeddable":true,"href":"https:\/\/diarioregionaldigital.com.br\/index.php?rest_route=\/wp\/v2\/users\/246"}],"replies":[{"embeddable":true,"href":"https:\/\/diarioregionaldigital.com.br\/index.php?rest_route=%2Fwp%2Fv2%2Fcomments&post=227794"}],"version-history":[{"count":1,"href":"https:\/\/diarioregionaldigital.com.br\/index.php?rest_route=\/wp\/v2\/posts\/227794\/revisions"}],"predecessor-version":[{"id":227796,"href":"https:\/\/diarioregionaldigital.com.br\/index.php?rest_route=\/wp\/v2\/posts\/227794\/revisions\/227796"}],"wp:featuredmedia":[{"embeddable":true,"href":"https:\/\/diarioregionaldigital.com.br\/index.php?rest_route=\/wp\/v2\/media\/227795"}],"wp:attachment":[{"href":"https:\/\/diarioregionaldigital.com.br\/index.php?rest_route=%2Fwp%2Fv2%2Fmedia&parent=227794"}],"wp:term":[{"taxonomy":"category","embeddable":true,"href":"https:\/\/diarioregionaldigital.com.br\/index.php?rest_route=%2Fwp%2Fv2%2Fcategories&post=227794"},{"taxonomy":"post_tag","embeddable":true,"href":"https:\/\/diarioregionaldigital.com.br\/index.php?rest_route=%2Fwp%2Fv2%2Ftags&post=227794"}],"curies":[{"name":"wp","href":"https:\/\/api.w.org\/{rel}","templated":true}]}}