{"id":227788,"date":"2025-04-15T17:05:55","date_gmt":"2025-04-15T20:05:55","guid":{"rendered":"https:\/\/diarioregionaldigital.com.br\/?p=227788"},"modified":"2025-04-15T17:05:55","modified_gmt":"2025-04-15T20:05:55","slug":"vendas-de-veiculos-financiados-tem-queda-em-marco-diz-b3","status":"publish","type":"post","link":"https:\/\/diarioregionaldigital.com.br\/?p=227788","title":{"rendered":"Vendas de ve\u00edculos financiados t\u00eam queda em mar\u00e7o, diz B3"},"content":{"rendered":"<p>As vendas de ve\u00edculos financiados no Brasil recuaram 2,3% no m\u00eas de mar\u00e7o, na compara\u00e7\u00e3o com o fevereiro deste ano, segundo informa\u00e7\u00f5es divulgadas nesta ter\u00e7a-feira (15) pela B3, a bolsa de valores de S\u00e3o Paulo. Em rela\u00e7\u00e3o ao\u00a0mesmo m\u00eas de 2024, a queda foi de 3,6%.\u00a0<img decoding=\"async\" src=\"https:\/\/agenciabrasil.ebc.com.br\/ebc.png?id=1638921&amp;o=node\" \/><img decoding=\"async\" src=\"https:\/\/agenciabrasil.ebc.com.br\/ebc.gif?id=1638921&amp;o=node\" \/><\/p>\n<p><strong>Ao todo, foram fechadas\u00a0vendas financiadas de 551 mil ve\u00edculos\u00a0neste ano, entre novos e usados.\u00a0<\/strong><\/p>\n<p>No segmento dos ve\u00edculos leves, a redu\u00e7\u00e3o foi de 4,4% na compara\u00e7\u00e3o com mar\u00e7o do ano passado. Com rela\u00e7\u00e3o a fevereiro, a diferen\u00e7a para menor foi de 3,8%.<\/p>\n<p>J\u00e1 no setor de ve\u00edculos pesados,\u00a0o m\u00eas de mar\u00e7o foi 6,7% menor que o mesmo m\u00eas de 2024, e 1,1% inferior ao fevereiro passado.<\/p>\n<h2>Motocicletas em alta<\/h2>\n<p>Os financiamentos de motocicletas destoaram da situa\u00e7\u00e3o dos autom\u00f3veis ou caminh\u00f5es.\u00a0<strong>As vendas financiadas do setor cresceram 4,8% diante dos n\u00fameros de mar\u00e7o de 2024.<\/strong>\u00a0E foram 1,5% maiores em rela\u00e7\u00e3o a fevereiro passado.<\/p>\n<p>&#8220;O resultado do primeiro trimestre mostra que o setor continua aquecido, dando continuidade ao movimento visto no segundo semestre de 2024. Vale ressaltar que a queda em mar\u00e7o na compara\u00e7\u00e3o com o m\u00eas anterior \u00e9 justificada pela sazonalidade do carnaval, uma vez que a m\u00e9dia de ve\u00edculos financiados em mar\u00e7o por dia \u00fatil \u00e9 maior do que em fevereiro\u201d, afirma o superintendente de produtos de financiamentos na B3, Daniel Takatohi.<\/p>\n<p>Fonte: Ag\u00eancia Brasil<\/p>\n","protected":false},"excerpt":{"rendered":"<p>As vendas de ve\u00edculos financiados no Brasil recuaram 2,3% no m\u00eas de mar\u00e7o, na compara\u00e7\u00e3o com o fevereiro deste ano, segundo informa\u00e7\u00f5es divulgadas nesta ter\u00e7a-feira (15) pela B3, a bolsa de valores de S\u00e3o Paulo. Em rela\u00e7\u00e3o ao\u00a0mesmo m\u00eas de 2024, a queda foi de 3,6%.\u00a0 Ao todo, foram fechadas\u00a0vendas financiadas de 551 mil ve\u00edculos\u00a0neste [&hellip;]<\/p>\n","protected":false},"author":246,"featured_media":227789,"comment_status":"closed","ping_status":"closed","sticky":false,"template":"","format":"standard","meta":{"footnotes":""},"categories":[436,261,254,439],"tags":[],"class_list":["post-227788","post","type-post","status-publish","format-standard","has-post-thumbnail","hentry","category-destaque-da-semana","category-economia","category-politica","category-ultima-hora"],"_links":{"self":[{"href":"https:\/\/diarioregionaldigital.com.br\/index.php?rest_route=\/wp\/v2\/posts\/227788","targetHints":{"allow":["GET"]}}],"collection":[{"href":"https:\/\/diarioregionaldigital.com.br\/index.php?rest_route=\/wp\/v2\/posts"}],"about":[{"href":"https:\/\/diarioregionaldigital.com.br\/index.php?rest_route=\/wp\/v2\/types\/post"}],"author":[{"embeddable":true,"href":"https:\/\/diarioregionaldigital.com.br\/index.php?rest_route=\/wp\/v2\/users\/246"}],"replies":[{"embeddable":true,"href":"https:\/\/diarioregionaldigital.com.br\/index.php?rest_route=%2Fwp%2Fv2%2Fcomments&post=227788"}],"version-history":[{"count":1,"href":"https:\/\/diarioregionaldigital.com.br\/index.php?rest_route=\/wp\/v2\/posts\/227788\/revisions"}],"predecessor-version":[{"id":227790,"href":"https:\/\/diarioregionaldigital.com.br\/index.php?rest_route=\/wp\/v2\/posts\/227788\/revisions\/227790"}],"wp:featuredmedia":[{"embeddable":true,"href":"https:\/\/diarioregionaldigital.com.br\/index.php?rest_route=\/wp\/v2\/media\/227789"}],"wp:attachment":[{"href":"https:\/\/diarioregionaldigital.com.br\/index.php?rest_route=%2Fwp%2Fv2%2Fmedia&parent=227788"}],"wp:term":[{"taxonomy":"category","embeddable":true,"href":"https:\/\/diarioregionaldigital.com.br\/index.php?rest_route=%2Fwp%2Fv2%2Fcategories&post=227788"},{"taxonomy":"post_tag","embeddable":true,"href":"https:\/\/diarioregionaldigital.com.br\/index.php?rest_route=%2Fwp%2Fv2%2Ftags&post=227788"}],"curies":[{"name":"wp","href":"https:\/\/api.w.org\/{rel}","templated":true}]}}