{"id":227767,"date":"2025-04-14T20:04:56","date_gmt":"2025-04-14T23:04:56","guid":{"rendered":"https:\/\/diarioregionaldigital.com.br\/?p=227767"},"modified":"2025-04-14T20:04:56","modified_gmt":"2025-04-14T23:04:56","slug":"minas-celebra-lancamentos-estrategicos-e-vivencias-culturais-no-primeiro-dia-da-wtm-latin-america-2025","status":"publish","type":"post","link":"https:\/\/diarioregionaldigital.com.br\/?p=227767","title":{"rendered":"Minas celebra lan\u00e7amentos estrat\u00e9gicos e viv\u00eancias culturais no primeiro dia da WTM Latin America 2025"},"content":{"rendered":"<p>Minas Gerais iniciou com for\u00e7a total sua participa\u00e7\u00e3o na WTM Latin America 2025, um dos principais eventos de turismo do continente, que acontece at\u00e9 16\/4, no Expo Center Norte, em S\u00e3o Paulo. Logo no primeiro dia (14\/4), o estande do Estado apresentou lan\u00e7amentos estrat\u00e9gicos, manifesta\u00e7\u00f5es culturais e novos produtos tur\u00edsticos, reafirmando Minas como um destino inovador, afetivo e sustent\u00e1vel.<\/p>\n<p>O dia come\u00e7ou com o reposicionamento oficial de S\u00e3o Thom\u00e9 das Letras, destino m\u00edstico da Mantiqueira de Minas, que agora adota a nova marca \u201cS\u00e3o Thom\u00e9 das Letras \u2013 Onde voc\u00ea \u00e9 o mist\u00e9rio\u201d. A a\u00e7\u00e3o inclui identidade visual in\u00e9dita, v\u00eddeo institucional e a campanha digital #SouS\u00e3oTom\u00e9. O objetivo \u00e9 valorizar a voca\u00e7\u00e3o espiritual e sensorial da cidade, com forte apelo para o turismo de introspec\u00e7\u00e3o, natureza e ancestralidade.<\/p>\n<p>Logo depois, o\u00a0<a href=\"https:\/\/www.mg.gov.br\/\" target=\"_blank\" rel=\"noopener\">Governo de Minas<\/a>, em parceria com o Sebrae-MG, lan\u00e7ou a Rota Vulc\u00e2nica \u2013 \u00c1guas, Vinhos e Termas na Mantiqueira, um produto que une bem-estar, enoturismo e sa\u00fade em munic\u00edpios como Po\u00e7os de Caldas, Caldas e Andradas. Com \u00e1guas sulfurosas, vinhos premiados e balne\u00e1rios hist\u00f3ricos, a rota se posiciona como um dos mais completos roteiros de relaxamento e experi\u00eancia sensorial no Brasil.<\/p>\n<p>Outro destaque foi o lan\u00e7amento de tr\u00eas novos produtos tur\u00edsticos em Gr\u00e3o Mogol, no norte da Cordilheira do Espinha\u00e7o. A cidade passa a integrar o cen\u00e1rio nacional do ecoturismo com expedi\u00e7\u00f5es de E-bike promovidas pelo Sert\u00f5es, roteiros guiados de cicloturismo com a Pisa Trekking e percursos de trekking que valorizam o patrim\u00f4nio natural e hist\u00f3rico da regi\u00e3o.<\/p>\n<p>As a\u00e7\u00f5es refor\u00e7am Gr\u00e3o Mogol como novo polo de turismo de aventura no Brasil, com atrativos como trilhas, cachoeiras, vin\u00edcolas e o centro hist\u00f3rico tombado. Encerrando o dia, o p\u00fablico foi presenteado com a apresenta\u00e7\u00e3o musical do grupo Os Ing\u00eanuos, que trouxe ao palco o charme do chorinho mineiro, promovendo uma verdadeira viagem sonora pelas montanhas do Sul de Minas. A experi\u00eancia reafirma o compromisso da Secult-MG em promover a cultura como parte essencial da oferta tur\u00edstica do estado.<\/p>\n<p>\u201cEm Minas, cultura e turismo s\u00e3o indissoci\u00e1veis. A tradi\u00e7\u00e3o cultural, a for\u00e7a das manifesta\u00e7\u00f5es populares, o patrim\u00f4nio hist\u00f3rico e a cozinha mineira s\u00e3o tamb\u00e9m experi\u00eancias tur\u00edsticas potentes. Essa transversalidade tem impulsionado o crescimento do setor, promovendo o desenvolvimento das cidades, a gera\u00e7\u00e3o de renda e a valoriza\u00e7\u00e3o do que somos. Na WTM, mostramos ao mundo que Minas \u00e9 um lugar de encontros entre passado e futuro, entre afeto e inova\u00e7\u00e3o\u201d, afirma o secret\u00e1rio de Estado de\u00a0<a href=\"https:\/\/www.secult.mg.gov.br\/\" target=\"_blank\" rel=\"noopener\">Cultura e Turismo<\/a>, Le\u00f4nidas de Oliveira.<\/p>\n<p>A participa\u00e7\u00e3o do Estado na WTM Latin America 2025 \u00e9 uma realiza\u00e7\u00e3o do Governo de Minas Gerais, por meio da Secretaria de Estado de Cultura e Turismo (Secult-MG) e da\u00a0<a href=\"http:\/\/www.codemge.com.br\/\" target=\"_blank\" rel=\"noopener\">Codemge<\/a>, com apoio do Sebrae-MG, prefeituras, Inst\u00e2ncias de Governan\u00e7a e entidades locais.<\/p>\n<p>Fonte: Ag\u00eancia Minas<\/p>\n","protected":false},"excerpt":{"rendered":"<p>Minas Gerais iniciou com for\u00e7a total sua participa\u00e7\u00e3o na WTM Latin America 2025, um dos principais eventos de turismo do continente, que acontece at\u00e9 16\/4, no Expo Center Norte, em S\u00e3o Paulo. Logo no primeiro dia (14\/4), o estande do Estado apresentou lan\u00e7amentos estrat\u00e9gicos, manifesta\u00e7\u00f5es culturais e novos produtos tur\u00edsticos, reafirmando Minas como um destino [&hellip;]<\/p>\n","protected":false},"author":246,"featured_media":227768,"comment_status":"closed","ping_status":"closed","sticky":false,"template":"","format":"standard","meta":{"footnotes":""},"categories":[436,261,254,439],"tags":[],"class_list":["post-227767","post","type-post","status-publish","format-standard","has-post-thumbnail","hentry","category-destaque-da-semana","category-economia","category-politica","category-ultima-hora"],"_links":{"self":[{"href":"https:\/\/diarioregionaldigital.com.br\/index.php?rest_route=\/wp\/v2\/posts\/227767","targetHints":{"allow":["GET"]}}],"collection":[{"href":"https:\/\/diarioregionaldigital.com.br\/index.php?rest_route=\/wp\/v2\/posts"}],"about":[{"href":"https:\/\/diarioregionaldigital.com.br\/index.php?rest_route=\/wp\/v2\/types\/post"}],"author":[{"embeddable":true,"href":"https:\/\/diarioregionaldigital.com.br\/index.php?rest_route=\/wp\/v2\/users\/246"}],"replies":[{"embeddable":true,"href":"https:\/\/diarioregionaldigital.com.br\/index.php?rest_route=%2Fwp%2Fv2%2Fcomments&post=227767"}],"version-history":[{"count":1,"href":"https:\/\/diarioregionaldigital.com.br\/index.php?rest_route=\/wp\/v2\/posts\/227767\/revisions"}],"predecessor-version":[{"id":227769,"href":"https:\/\/diarioregionaldigital.com.br\/index.php?rest_route=\/wp\/v2\/posts\/227767\/revisions\/227769"}],"wp:featuredmedia":[{"embeddable":true,"href":"https:\/\/diarioregionaldigital.com.br\/index.php?rest_route=\/wp\/v2\/media\/227768"}],"wp:attachment":[{"href":"https:\/\/diarioregionaldigital.com.br\/index.php?rest_route=%2Fwp%2Fv2%2Fmedia&parent=227767"}],"wp:term":[{"taxonomy":"category","embeddable":true,"href":"https:\/\/diarioregionaldigital.com.br\/index.php?rest_route=%2Fwp%2Fv2%2Fcategories&post=227767"},{"taxonomy":"post_tag","embeddable":true,"href":"https:\/\/diarioregionaldigital.com.br\/index.php?rest_route=%2Fwp%2Fv2%2Ftags&post=227767"}],"curies":[{"name":"wp","href":"https:\/\/api.w.org\/{rel}","templated":true}]}}