{"id":227764,"date":"2025-04-14T20:03:45","date_gmt":"2025-04-14T23:03:45","guid":{"rendered":"https:\/\/diarioregionaldigital.com.br\/?p=227764"},"modified":"2025-04-14T20:03:45","modified_gmt":"2025-04-14T23:03:45","slug":"cemig-e-a-primeira-comercializadora-varejista-a-superar-2-mil-clientes-no-mercado-livre","status":"publish","type":"post","link":"https:\/\/diarioregionaldigital.com.br\/?p=227764","title":{"rendered":"Cemig \u00e9 a primeira comercializadora varejista a superar 2 mil clientes no Mercado Livre"},"content":{"rendered":"<p>A\u00a0<a href=\"https:\/\/www.cemig.com.br\/\" target=\"_blank\" rel=\"noopener\">Cemig<\/a>\u00a0segue quebrando marcas no Ambiente de Contrata\u00e7\u00e3o Livre (ACL) e foi a primeira comercializadora varejista a superar 2 mil clientes no Brasil.\u00a0 O n\u00famero foi conquistado em fevereiro e os dados foram divulgados nesta sexta-feira (11\/4) pela C\u00e2mara de Comercializa\u00e7\u00e3o de Energia El\u00e9trica (CCEE).<\/p>\n<p>Ao todo, a Cemig possui 2.069 clientes e o volume acumulado de 173,6 MWm (megawatts m\u00e9dios). Em rela\u00e7\u00e3o a energia entregue no segmento varejista, a companhia teve um acr\u00e9scimo de 25,3 MWm em rela\u00e7\u00e3o a janeiro de 2025.<\/p>\n<p>Com lideran\u00e7a no Mercado Livre desde os anos 2000, a Cemig det\u00e9m cerca de 15% de participa\u00e7\u00e3o no segmento atacadista. A amplia\u00e7\u00e3o para os clientes do Grupo Tarif\u00e1rio A, aqueles atendidos em m\u00e9dia e alta tens\u00e3o, fez a\u00a0empresa lan\u00e7ar o energialivre.cemig.com.br, primeiro\u202f<i>e-commerce<\/i>\u202fdo setor no Brasil. Essa plataforma permite simula\u00e7\u00f5es e contrata\u00e7\u00f5es 100%\u202fon-line.<\/p>\n<p>De acordo com S\u00e9rgio Lopes, vice-presidente de Comercializa\u00e7\u00e3o da Cemig, tradi\u00e7\u00e3o, credibilidade e solu\u00e7\u00f5es inovadoras s\u00e3o fatores-chave para manter a lideran\u00e7a no setor.<\/p>\n<p>\u201cA abertura do Mercado Livre de Energia para todos os clientes do grupo A exigiu repensar e modernizar a experi\u00eancia do cliente. Vemos nossos clientes como parceiros estrat\u00e9gicos e o foco principal de nossa atua\u00e7\u00e3o\u201d, explica.<\/p>\n<p>Dessa forma, a Cemig apostou em tecnologias digitais, integrou canais de comunica\u00e7\u00e3o e fortaleceu o papel dos gerentes de conta, que agora atuam como consultores especializados para guiar os clientes na transi\u00e7\u00e3o do mercado cativo para o Mercado Livre de Energia. O objetivo da companhia \u00e9 tornar a jornada do cliente mais fluida, transparente e alinhada \u00e0s demandas de um mercado em constante transforma\u00e7\u00e3o.<\/p>\n<p><b>Sobre o Mercado Livre de Energia<\/b><\/p>\n<p>No Mercado Livre de Energia, a negocia\u00e7\u00e3o \u00e9 conduzida diretamente entre as comercializadoras e geradores e os clientes do Grupo Tarif\u00e1rio A, independentemente do volume de energia consumido.<\/p>\n<p>Desde janeiro de 2024, todos os consumidores do Grupo A, conectados \u00e0 m\u00e9dia ou alta tens\u00e3o, podem adquirir energia no Ambiente de Contrata\u00e7\u00e3o Livre (ACL). Esse modelo, j\u00e1 consolidado em pa\u00edses como Estados Unidos, Jap\u00e3o, Alemanha, Coreia do Sul, Reino Unido e Fran\u00e7a, oferece aos consumidores maior flexibilidade e autonomia na escolha das melhores condi\u00e7\u00f5es de fornecimento de energia.<\/p>\n<p>Fonte: Ag\u00eancia Minas<\/p>\n","protected":false},"excerpt":{"rendered":"<p>A\u00a0Cemig\u00a0segue quebrando marcas no Ambiente de Contrata\u00e7\u00e3o Livre (ACL) e foi a primeira comercializadora varejista a superar 2 mil clientes no Brasil.\u00a0 O n\u00famero foi conquistado em fevereiro e os dados foram divulgados nesta sexta-feira (11\/4) pela C\u00e2mara de Comercializa\u00e7\u00e3o de Energia El\u00e9trica (CCEE). Ao todo, a Cemig possui 2.069 clientes e o volume acumulado [&hellip;]<\/p>\n","protected":false},"author":246,"featured_media":227765,"comment_status":"closed","ping_status":"closed","sticky":false,"template":"","format":"standard","meta":{"footnotes":""},"categories":[436,261,254,439],"tags":[],"class_list":["post-227764","post","type-post","status-publish","format-standard","has-post-thumbnail","hentry","category-destaque-da-semana","category-economia","category-politica","category-ultima-hora"],"_links":{"self":[{"href":"https:\/\/diarioregionaldigital.com.br\/index.php?rest_route=\/wp\/v2\/posts\/227764","targetHints":{"allow":["GET"]}}],"collection":[{"href":"https:\/\/diarioregionaldigital.com.br\/index.php?rest_route=\/wp\/v2\/posts"}],"about":[{"href":"https:\/\/diarioregionaldigital.com.br\/index.php?rest_route=\/wp\/v2\/types\/post"}],"author":[{"embeddable":true,"href":"https:\/\/diarioregionaldigital.com.br\/index.php?rest_route=\/wp\/v2\/users\/246"}],"replies":[{"embeddable":true,"href":"https:\/\/diarioregionaldigital.com.br\/index.php?rest_route=%2Fwp%2Fv2%2Fcomments&post=227764"}],"version-history":[{"count":1,"href":"https:\/\/diarioregionaldigital.com.br\/index.php?rest_route=\/wp\/v2\/posts\/227764\/revisions"}],"predecessor-version":[{"id":227766,"href":"https:\/\/diarioregionaldigital.com.br\/index.php?rest_route=\/wp\/v2\/posts\/227764\/revisions\/227766"}],"wp:featuredmedia":[{"embeddable":true,"href":"https:\/\/diarioregionaldigital.com.br\/index.php?rest_route=\/wp\/v2\/media\/227765"}],"wp:attachment":[{"href":"https:\/\/diarioregionaldigital.com.br\/index.php?rest_route=%2Fwp%2Fv2%2Fmedia&parent=227764"}],"wp:term":[{"taxonomy":"category","embeddable":true,"href":"https:\/\/diarioregionaldigital.com.br\/index.php?rest_route=%2Fwp%2Fv2%2Fcategories&post=227764"},{"taxonomy":"post_tag","embeddable":true,"href":"https:\/\/diarioregionaldigital.com.br\/index.php?rest_route=%2Fwp%2Fv2%2Ftags&post=227764"}],"curies":[{"name":"wp","href":"https:\/\/api.w.org\/{rel}","templated":true}]}}