{"id":227756,"date":"2025-04-12T08:42:37","date_gmt":"2025-04-12T11:42:37","guid":{"rendered":"https:\/\/diarioregionaldigital.com.br\/?p=227756"},"modified":"2025-04-12T08:42:37","modified_gmt":"2025-04-12T11:42:37","slug":"edital-de-convocacao-assembleia-geral-ordinaria-12-04-2025","status":"publish","type":"post","link":"https:\/\/diarioregionaldigital.com.br\/?p=227756","title":{"rendered":"EDITAL DE CONVOCA\u00c7\u00c3O \u2013 ASSEMBLEIA GERAL ORDIN\u00c1RIA &#8211; 12\/04\/2025"},"content":{"rendered":"<p>CONDOM\u00cdNIO GOLDEN GREEN PARK<\/p>\n<p>Rua Ant\u00f4nio Carlos Saraiva, n\u00ba 500 \u2013 Cascatinha \u2013 Juiz de Fora\/MG<\/p>\n<p>CNPJ n\u00ba 11.739.456\/0001-94<\/p>\n<p>EDITAL DE CONVOCA\u00c7\u00c3O \u2013 ASSEMBLEIA GERAL ORDIN\u00c1RIA<\/p>\n<p>Nos termos do artigo 1.350 do C\u00f3digo Civil, do artigo 24 da Lei Federal n\u00ba 4.591\/64 e das disposi\u00e7\u00f5es previstas na Conven\u00e7\u00e3o do Condom\u00ednio Golden Green Park, especialmente em seu artigo 19, convoco os senhores cond\u00f4minos para a Assembleia Geral Ordin\u00e1ria a ser realizada no dia 23 de abril de 2025, no Sal\u00e3o de Festas Infantil (Torre 3 \u2013 Torre Premium) deste condom\u00ednio, com o objetivo de deliberar sobre as mat\u00e9rias constantes da ordem do dia abaixo.<\/p>\n<p>Hor\u00e1rio de instala\u00e7\u00e3o da Assembleia:<\/p>\n<p>\u25cf Primeira convoca\u00e7\u00e3o: \u00e0s 19h00, com a presen\u00e7a m\u00ednima de cond\u00f4minos que representem dois ter\u00e7os (2\/3) das fra\u00e7\u00f5es ideais;<\/p>\n<p>\u25cf Segunda convoca\u00e7\u00e3o: \u00e0s 19h30, com qualquer n\u00famero de presentes, conforme disp\u00f5e o artigo 19 da Conven\u00e7\u00e3o do Condom\u00ednio.<\/p>\n<p>Tempo estimado de dura\u00e7\u00e3o: 2 (duas) horas.<\/p>\n<p>ORDEM DO DIA:<\/p>\n<p>a) Presta\u00e7\u00e3o de contas do per\u00edodo de maio de 2024 a mar\u00e7o de 2025;<\/p>\n<p>b) Cria\u00e7\u00e3o de taxa extra para continua\u00e7\u00e3o da obra nas fachadas;<\/p>\n<p>c) Aprova\u00e7\u00e3o da previs\u00e3o or\u00e7ament\u00e1ria para o per\u00edodo de maio de 2025 a abril de 2026;<\/p>\n<p>d) Aprova\u00e7\u00e3o de garantidora financeira<\/p>\n<p>e) Elei\u00e7\u00e3o de s\u00edndico(a), subs\u00edndico(a) e membros do Conselho Fiscal;<\/p>\n<p>f) Avalia\u00e7\u00e3o e delibera\u00e7\u00e3o sobre o valor de venda do apartamento 501 da Torre 1;<\/p>\n<p>g) Assuntos gerais.<\/p>\n<p>INSTRU\u00c7\u00d5ES IMPORTANTES:<\/p>\n<p>1. Os cond\u00f4minos inadimplentes com suas obriga\u00e7\u00f5es financeiras n\u00e3o poder\u00e3o votar, nem<\/p>\n<p>ser votados, nos termos do artigo 1.335, inciso III, do C\u00f3digo Civil.<\/p>\n<p>2. Os cond\u00f4minos poder\u00e3o se fazer representar por procurador com poderes espec\u00edficos para esta assembleia, mediante envio da respectiva procura\u00e7\u00e3o at\u00e9 as 18h do dia 22 de abril de 2025 para o e-mail: condominio@nogueiraimoveisjf.com.br.3. Os interessados em se candidatar aos cargos de s\u00edndico(a), subs\u00edndico(a) ou membro do Conselho Fiscal dever\u00e3o encaminhar suas candidaturas, acompanhadas das respectivas propostas, at\u00e9 o mesmo prazo: 22 de abril de 2025 \u00e0s 18h, para o referido endere\u00e7o eletr\u00f4nico.<\/p>\n<p>4. Conforme disp\u00f5e o artigo 34 da Conven\u00e7\u00e3o do Condom\u00ednio, as decis\u00f5es tomadas nesta Assembleia Geral Ordin\u00e1ria ser\u00e3o obrigat\u00f3rias para todos os cond\u00f4minos, inclusive os ausentes e dissidentes.<\/p>\n<p>Juiz de Fora\/MG, 13 de abril de 2025.<\/p>\n<p>Aristides Casendey de Abreu<\/p>\n<p>S\u00edndico \u2013 Condom\u00ednio Golden Green Park<\/p>\n<p>E-mail: goldengreenp@gmail.com<\/p>\n","protected":false},"excerpt":{"rendered":"<p>CONDOM\u00cdNIO GOLDEN GREEN PARK Rua Ant\u00f4nio Carlos Saraiva, n\u00ba 500 \u2013 Cascatinha \u2013 Juiz de Fora\/MG CNPJ n\u00ba 11.739.456\/0001-94 EDITAL DE CONVOCA\u00c7\u00c3O \u2013 ASSEMBLEIA GERAL ORDIN\u00c1RIA Nos termos do artigo 1.350 do C\u00f3digo Civil, do artigo 24 da Lei Federal n\u00ba 4.591\/64 e das disposi\u00e7\u00f5es previstas na Conven\u00e7\u00e3o do Condom\u00ednio Golden Green Park, especialmente em [&hellip;]<\/p>\n","protected":false},"author":246,"featured_media":0,"comment_status":"closed","ping_status":"closed","sticky":false,"template":"","format":"standard","meta":{"footnotes":""},"categories":[307],"tags":[],"class_list":["post-227756","post","type-post","status-publish","format-standard","hentry","category-editais"],"_links":{"self":[{"href":"https:\/\/diarioregionaldigital.com.br\/index.php?rest_route=\/wp\/v2\/posts\/227756","targetHints":{"allow":["GET"]}}],"collection":[{"href":"https:\/\/diarioregionaldigital.com.br\/index.php?rest_route=\/wp\/v2\/posts"}],"about":[{"href":"https:\/\/diarioregionaldigital.com.br\/index.php?rest_route=\/wp\/v2\/types\/post"}],"author":[{"embeddable":true,"href":"https:\/\/diarioregionaldigital.com.br\/index.php?rest_route=\/wp\/v2\/users\/246"}],"replies":[{"embeddable":true,"href":"https:\/\/diarioregionaldigital.com.br\/index.php?rest_route=%2Fwp%2Fv2%2Fcomments&post=227756"}],"version-history":[{"count":1,"href":"https:\/\/diarioregionaldigital.com.br\/index.php?rest_route=\/wp\/v2\/posts\/227756\/revisions"}],"predecessor-version":[{"id":227757,"href":"https:\/\/diarioregionaldigital.com.br\/index.php?rest_route=\/wp\/v2\/posts\/227756\/revisions\/227757"}],"wp:attachment":[{"href":"https:\/\/diarioregionaldigital.com.br\/index.php?rest_route=%2Fwp%2Fv2%2Fmedia&parent=227756"}],"wp:term":[{"taxonomy":"category","embeddable":true,"href":"https:\/\/diarioregionaldigital.com.br\/index.php?rest_route=%2Fwp%2Fv2%2Fcategories&post=227756"},{"taxonomy":"post_tag","embeddable":true,"href":"https:\/\/diarioregionaldigital.com.br\/index.php?rest_route=%2Fwp%2Fv2%2Ftags&post=227756"}],"curies":[{"name":"wp","href":"https:\/\/api.w.org\/{rel}","templated":true}]}}