{"id":227754,"date":"2025-04-12T08:40:43","date_gmt":"2025-04-12T11:40:43","guid":{"rendered":"https:\/\/diarioregionaldigital.com.br\/?p=227754"},"modified":"2025-04-12T08:40:43","modified_gmt":"2025-04-12T11:40:43","slug":"extrato-de-contrato-023-2025-12-04-2025","status":"publish","type":"post","link":"https:\/\/diarioregionaldigital.com.br\/?p=227754","title":{"rendered":"EXTRATO DE CONTRATO 023\/2025 &#8211; 12\/04\/2025"},"content":{"rendered":"<p class=\"s2\">\n<p class=\"s4\"><span class=\"s3\"><span class=\"bumpedFont17\">EXTRATO DE CONTRATO<\/span><\/span><span class=\"s3\"><span class=\"bumpedFont17\"> 0<\/span><\/span><span class=\"s3\"><span class=\"bumpedFont17\">2<\/span><\/span><span class=\"s3\"><span class=\"bumpedFont17\">3<\/span><\/span><span class=\"s3\"><span class=\"bumpedFont17\">\/2025<\/span><\/span><\/p>\n<p class=\"s4\">\n<p class=\"s5\"><span class=\"s3\"><span class=\"bumpedFont17\">Pref. Municipal de Descoberto x<\/span><\/span> <span class=\"s3\"><span class=\"bumpedFont17\">Mercado MA Real<\/span><\/span><span class=\"s3\"><span class=\"bumpedFont17\"> Ltda<\/span><\/span> <span class=\"s3\"><span class=\"bumpedFont17\">\u2013<\/span><\/span> <span class=\"s3\"><span class=\"bumpedFont17\">Objeto: <\/span><\/span><span class=\"s3\"><span class=\"bumpedFont17\">Contrata\u00e7\u00e3o de empresa para o fornecimento de chocolates, para contemplar os alunos do munic\u00edpio de Descoberto de uma maneira simb\u00f3lica devido ao per\u00edodo pascal, para atender as necessidades do Departamento Municipal de Educa\u00e7\u00e3o<\/span><\/span><span class=\"s3\"><span class=\"bumpedFont17\">&#8211;<\/span><\/span> <span class=\"s3\"><span class=\"bumpedFont17\">Fundamento:<\/span><\/span> <span class=\"s3\"><span class=\"bumpedFont17\">Dispensa Presencial<\/span><\/span> <span class=\"s3\"><span class=\"bumpedFont17\">n\u00ba <\/span><\/span><span class=\"s3\"><span class=\"bumpedFont17\">0<\/span><\/span><span class=\"s3\"><span class=\"bumpedFont17\">0<\/span><\/span><span class=\"s3\"><span class=\"bumpedFont17\">9<\/span><\/span><span class=\"s3\"><span class=\"bumpedFont17\">\/<\/span><\/span><span class=\"s3\"><span class=\"bumpedFont17\">202<\/span><\/span><span class=\"s3\"><span class=\"bumpedFont17\">5<\/span><\/span> <span class=\"s3\"><span class=\"bumpedFont17\">&#8211; <\/span><\/span><span class=\"s3\"><span class=\"bumpedFont17\">Valor: <\/span><\/span><span class=\"s3\"><span class=\"bumpedFont17\">R$<\/span><\/span> <span class=\"s3\"><span class=\"bumpedFont17\">7.669,05<\/span><\/span><span class=\"s3\"><span class=\"bumpedFont17\">&#8211; <\/span><\/span><span class=\"s3\"><span class=\"bumpedFont17\">Vig\u00eancia:<\/span><\/span> <span class=\"s3\"><span class=\"bumpedFont17\">01<\/span><\/span> <span class=\"s3\"><span class=\"bumpedFont17\">m<\/span><\/span><span class=\"s3\"><span class=\"bumpedFont17\">\u00eas<\/span><\/span> <span class=\"s3\"><span class=\"bumpedFont17\">&#8211; <\/span><\/span><span class=\"s3\"><span class=\"bumpedFont17\">Dot<\/span><\/span><span class=\"s3\"><span class=\"bumpedFont17\">or\u00e7<\/span><\/span><span class=\"s3\"><span class=\"bumpedFont17\">:<\/span><\/span> <span class=\"s3\"><span class=\"bumpedFont17\">02.004.001.12.122.0002.2032.000048.339030.00\/1500<\/span><\/span><span class=\"s3\"><span class=\"bumpedFont17\">&#8211; <\/span><\/span><span class=\"s3\"><span class=\"bumpedFont17\">Ass<\/span><\/span><span class=\"s3\"><span class=\"bumpedFont17\">:<\/span><\/span><span class=\"s3\"><span class=\"bumpedFont17\">11<\/span><\/span><span class=\"s3\"><span class=\"bumpedFont17\">\/04\/2025<\/span><\/span><span class=\"s3\"><span class=\"bumpedFont17\">&#8211; Foro: S\u00e3o Jo\u00e3o Nepomuceno\/MG.<\/span><\/span><\/p>\n<p class=\"s5\">\n<p class=\"s5\">\n<p class=\"s5\">\n<p class=\"s4\">\n<p class=\"s4\"><span class=\"s3\"><span class=\"bumpedFont17\">Lu\u00eds Fernando de Oliveira<\/span><\/span><\/p>\n<p class=\"s4\"><span class=\"s3\"><span class=\"bumpedFont17\">Prefeito <\/span><\/span><span class=\"s3\"><span class=\"bumpedFont17\">Municipal<\/span><\/span><\/p>\n<p class=\"s4\">\n<p class=\"s4\">\n","protected":false},"excerpt":{"rendered":"<p>EXTRATO DE CONTRATO 023\/2025 Pref. Municipal de Descoberto x Mercado MA Real Ltda \u2013 Objeto: Contrata\u00e7\u00e3o de empresa para o fornecimento de chocolates, para contemplar os alunos do munic\u00edpio de Descoberto de uma maneira simb\u00f3lica devido ao per\u00edodo pascal, para atender as necessidades do Departamento Municipal de Educa\u00e7\u00e3o&#8211; Fundamento: Dispensa Presencial n\u00ba 009\/2025 &#8211; Valor: [&hellip;]<\/p>\n","protected":false},"author":246,"featured_media":0,"comment_status":"closed","ping_status":"closed","sticky":false,"template":"","format":"standard","meta":{"footnotes":""},"categories":[307],"tags":[],"class_list":["post-227754","post","type-post","status-publish","format-standard","hentry","category-editais"],"_links":{"self":[{"href":"https:\/\/diarioregionaldigital.com.br\/index.php?rest_route=\/wp\/v2\/posts\/227754","targetHints":{"allow":["GET"]}}],"collection":[{"href":"https:\/\/diarioregionaldigital.com.br\/index.php?rest_route=\/wp\/v2\/posts"}],"about":[{"href":"https:\/\/diarioregionaldigital.com.br\/index.php?rest_route=\/wp\/v2\/types\/post"}],"author":[{"embeddable":true,"href":"https:\/\/diarioregionaldigital.com.br\/index.php?rest_route=\/wp\/v2\/users\/246"}],"replies":[{"embeddable":true,"href":"https:\/\/diarioregionaldigital.com.br\/index.php?rest_route=%2Fwp%2Fv2%2Fcomments&post=227754"}],"version-history":[{"count":1,"href":"https:\/\/diarioregionaldigital.com.br\/index.php?rest_route=\/wp\/v2\/posts\/227754\/revisions"}],"predecessor-version":[{"id":227755,"href":"https:\/\/diarioregionaldigital.com.br\/index.php?rest_route=\/wp\/v2\/posts\/227754\/revisions\/227755"}],"wp:attachment":[{"href":"https:\/\/diarioregionaldigital.com.br\/index.php?rest_route=%2Fwp%2Fv2%2Fmedia&parent=227754"}],"wp:term":[{"taxonomy":"category","embeddable":true,"href":"https:\/\/diarioregionaldigital.com.br\/index.php?rest_route=%2Fwp%2Fv2%2Fcategories&post=227754"},{"taxonomy":"post_tag","embeddable":true,"href":"https:\/\/diarioregionaldigital.com.br\/index.php?rest_route=%2Fwp%2Fv2%2Ftags&post=227754"}],"curies":[{"name":"wp","href":"https:\/\/api.w.org\/{rel}","templated":true}]}}