{"id":227734,"date":"2025-04-11T20:00:50","date_gmt":"2025-04-11T23:00:50","guid":{"rendered":"https:\/\/diarioregionaldigital.com.br\/?p=227734"},"modified":"2025-04-11T20:00:50","modified_gmt":"2025-04-11T23:00:50","slug":"exportacoes-do-agro-marco-traz-novos-recordes-e-aponta-oportunidades-do-cenario-externo","status":"publish","type":"post","link":"https:\/\/diarioregionaldigital.com.br\/?p=227734","title":{"rendered":"Exporta\u00e7\u00f5es do agro: mar\u00e7o traz novos recordes e aponta oportunidades do cen\u00e1rio externo"},"content":{"rendered":"<p>As exporta\u00e7\u00f5es do agroneg\u00f3cio mineiro acabam de registrar seu melhor trimestre da s\u00e9rie hist\u00f3rica, iniciada em 1997. O setor se consolidou \u00e0 frente dos resultados da minera\u00e7\u00e3o com uma fatia de 45,3% do total das exporta\u00e7\u00f5es do estado, n\u00famero que cresceu desde o \u00faltimo balan\u00e7o, que registrou 43%. A receita gerada pela venda de produtos do agro atingiu US$ 4,5 bilh\u00f5es, com um volume de 3 milh\u00f5es de toneladas. O destaque desse levantamento, no entanto, \u00e9 o crescimento de mais de 260% na exporta\u00e7\u00e3o de ovos, impulsionada pelo surto de influenza avi\u00e1ria que varreu os Estados Unidos.<\/p>\n<p>O m\u00eas de mar\u00e7o tamb\u00e9m se revelou o melhor desempenho de um m\u00eas isolado em toda a s\u00e9rie hist\u00f3rica. Em compara\u00e7\u00e3o com o mesmo per\u00edodo do ano anterior, observou-se um crescimento de 26% na receita de janeiro a mar\u00e7o, embora o volume tenha registrado uma redu\u00e7\u00e3o de 14,2%. O levantamento tamb\u00e9m apontou valoriza\u00e7\u00e3o do pre\u00e7o m\u00e9dio das commodities agropecu\u00e1rias por tonelada de aproximadamente 47%. J\u00e1 os produtos exportados pelos demais segmentos da economia mineira valorizaram, em m\u00e9dia, apenas cerca de 13%.<\/p>\n<p>O caf\u00e9 continua sendo o principal produto exportado pelo estado. Foram US$ 2,9 bilh\u00f5es em receita para 7,8 milh\u00f5es de sacas comercializadas. Em rela\u00e7\u00e3o ao primeiro trimestre de 2024, esses valores representaram aumentos de 77% no valor e 3% no volume. A commodity foi respons\u00e1vel por 64% da receita total do agroneg\u00f3cio mineiro, refor\u00e7ando sua import\u00e2ncia no cen\u00e1rio econ\u00f4mico do estado.<\/p>\n<p>O estado segue firme como o terceiro maior\u00a0 exportador de produtos agropecu\u00e1rios do Brasil, atr\u00e1s apenas de Mato Grosso e S\u00e3o Paulo. A produ\u00e7\u00e3o mineira chegou a 150 destinos internacionais neste trimestre. Entre eles, destacam-se a China (19%), os Estados Unidos (13%), a Alemanha (10%), a It\u00e1lia (5%) e Jap\u00e3o (5%).<\/p>\n<p><b>Cen\u00e1rio internacional<\/b><\/p>\n<p>A novidade s\u00e3o os ovos. O produto teve um incremento not\u00e1vel nas vendas, principalmente para o Chile e Estados Unidos, pa\u00eds que deve manter a demanda alta devido aos problemas com a influenza avi\u00e1ria. A venda cresceu 266% em valor, alcan\u00e7ando US$ 4 milh\u00f5es, e 153% em volume, totalizando 2 mil toneladas e marcando sua trajet\u00f3ria ascendente no mercado internacional. A t\u00edtulo de compara\u00e7\u00e3o, de janeiro a mar\u00e7o do ano passado, houve cerca de U$ 1 milh\u00e3o de receita, para 809 toneladas de ovos exportadas.<\/p>\n<p>Para o secret\u00e1rio de Agricultura, Pecu\u00e1ria e Abastecimento de Minas Gerais, Thales Fernandes, a conjuntura internacional vem favorecendo as exporta\u00e7\u00f5es mineiras. \u201cO status sanit\u00e1rio diferenciado dos nossos produtos, combinado com pre\u00e7os competitivos, tem sido determinante para esse desempenho. Al\u00e9m disso, o ovo tem se consolidado como alternativa proteica acess\u00edvel em um cen\u00e1rio global de press\u00e3o inflacion\u00e1ria sobre alimentos b\u00e1sicos\u201d, analisou. O secret\u00e1rio tamb\u00e9m acredita que, com o embate comercial entre EUA e China, o agro brasileiro ser\u00e1 op\u00e7\u00e3o estrat\u00e9gica para a China adquirir soja e carnes. \u201cO desafio \u00e9 equilibrar oportunidades com redu\u00e7\u00e3o de depend\u00eancia comercial\u201d, comentou Thales.<\/p>\n<p><b>Mais destaques<\/b><\/p>\n<p>As carnes continuam com participa\u00e7\u00f5es de respeito nas vendas mineiras para o exterior. O segmento registrou aumento de 23% na receita, o que significa US$ 385,4 milh\u00f5es e 115 mil toneladas enviadas para o exterior, uma significativa recupera\u00e7\u00e3o nas vendas de todas as prote\u00ednas. As carnes bovinas obtiveram receita de US$ 269 milh\u00f5es e volume de 57 mil toneladas, com acr\u00e9scimos de 19% e 8% na receita e volume, respectivamente, puxadas pelo aumento das vendas para os Estados Unidos em 148%.<\/p>\n<p>Minas Gerais tamb\u00e9m registrou crescimento nas exporta\u00e7\u00f5es de carne de frango, impulsionado pelo aumento da demanda dos principais pa\u00edses compradores. A receita totalizou US$ 94,8 milh\u00f5es, com um volume de 49 mil toneladas. J\u00e1 os su\u00ednos, somaram US$ 18 milh\u00f5es em vendas de carne, com um volume de 8 mil toneladas.<\/p>\n<p><b>Desafios<\/b><\/p>\n<p>O levantamento tamb\u00e9m mostra que o complexo sucroalcooleiro (a\u00e7\u00facares e \u00e1lcool) enfrentou um trimestre desafiador, com quedas de 50% no valor e 46% no volume, frente a US$ 255 milh\u00f5es em receitas. A retra\u00e7\u00e3o \u00e9, em grande parte, devido \u00e0 baixa nos pre\u00e7os internacionais do a\u00e7\u00facar e do etanol.<\/p>\n<p>Outra retra\u00e7\u00e3o no trimestre foi do complexo soja, composto por gr\u00e3os, farelo e \u00f3leo. O segmento apresentou receita de US$ 546 milh\u00f5es e volume de 1,4 milh\u00e3o de toneladas, significando quedas de 18,3% no valor e 8,8% no volume. No entanto, h\u00e1 sinais de recupera\u00e7\u00e3o: mar\u00e7o apresentou melhora significativa nos embarques, impulsionada pela entrada da nova safra e pela demanda aquecida de parceiros asi\u00e1ticos.<\/p>\n<p>J\u00e1 o grupo de produtos florestais, representado por celulose, papel e madeira, registrou receita de US$ 243 milh\u00f5es, com retra\u00e7\u00e3o de 15%. Todos os produtos sofreram quedas em valor, volume e pre\u00e7os, refletindo a desacelera\u00e7\u00e3o de grandes economias importadoras e problemas com fretes mar\u00edtimos, que ainda impactam a log\u00edstica global.<\/p>\n<p>Fonte: Ag\u00eancia Minas<\/p>\n","protected":false},"excerpt":{"rendered":"<p>As exporta\u00e7\u00f5es do agroneg\u00f3cio mineiro acabam de registrar seu melhor trimestre da s\u00e9rie hist\u00f3rica, iniciada em 1997. O setor se consolidou \u00e0 frente dos resultados da minera\u00e7\u00e3o com uma fatia de 45,3% do total das exporta\u00e7\u00f5es do estado, n\u00famero que cresceu desde o \u00faltimo balan\u00e7o, que registrou 43%. A receita gerada pela venda de produtos [&hellip;]<\/p>\n","protected":false},"author":246,"featured_media":227735,"comment_status":"closed","ping_status":"closed","sticky":false,"template":"","format":"standard","meta":{"footnotes":""},"categories":[436,261,254,439],"tags":[],"class_list":["post-227734","post","type-post","status-publish","format-standard","has-post-thumbnail","hentry","category-destaque-da-semana","category-economia","category-politica","category-ultima-hora"],"_links":{"self":[{"href":"https:\/\/diarioregionaldigital.com.br\/index.php?rest_route=\/wp\/v2\/posts\/227734","targetHints":{"allow":["GET"]}}],"collection":[{"href":"https:\/\/diarioregionaldigital.com.br\/index.php?rest_route=\/wp\/v2\/posts"}],"about":[{"href":"https:\/\/diarioregionaldigital.com.br\/index.php?rest_route=\/wp\/v2\/types\/post"}],"author":[{"embeddable":true,"href":"https:\/\/diarioregionaldigital.com.br\/index.php?rest_route=\/wp\/v2\/users\/246"}],"replies":[{"embeddable":true,"href":"https:\/\/diarioregionaldigital.com.br\/index.php?rest_route=%2Fwp%2Fv2%2Fcomments&post=227734"}],"version-history":[{"count":1,"href":"https:\/\/diarioregionaldigital.com.br\/index.php?rest_route=\/wp\/v2\/posts\/227734\/revisions"}],"predecessor-version":[{"id":227736,"href":"https:\/\/diarioregionaldigital.com.br\/index.php?rest_route=\/wp\/v2\/posts\/227734\/revisions\/227736"}],"wp:featuredmedia":[{"embeddable":true,"href":"https:\/\/diarioregionaldigital.com.br\/index.php?rest_route=\/wp\/v2\/media\/227735"}],"wp:attachment":[{"href":"https:\/\/diarioregionaldigital.com.br\/index.php?rest_route=%2Fwp%2Fv2%2Fmedia&parent=227734"}],"wp:term":[{"taxonomy":"category","embeddable":true,"href":"https:\/\/diarioregionaldigital.com.br\/index.php?rest_route=%2Fwp%2Fv2%2Fcategories&post=227734"},{"taxonomy":"post_tag","embeddable":true,"href":"https:\/\/diarioregionaldigital.com.br\/index.php?rest_route=%2Fwp%2Fv2%2Ftags&post=227734"}],"curies":[{"name":"wp","href":"https:\/\/api.w.org\/{rel}","templated":true}]}}