{"id":227701,"date":"2025-04-10T18:53:29","date_gmt":"2025-04-10T21:53:29","guid":{"rendered":"https:\/\/diarioregionaldigital.com.br\/?p=227701"},"modified":"2025-04-10T18:53:29","modified_gmt":"2025-04-10T21:53:29","slug":"mercadante-guerra-tarifaria-traz-riscos-e-oportunidades-para-o-brasil","status":"publish","type":"post","link":"https:\/\/diarioregionaldigital.com.br\/?p=227701","title":{"rendered":"Mercadante: guerra tarif\u00e1ria traz riscos e oportunidades para o Brasil"},"content":{"rendered":"<p>O presidente do Banco Nacional de Desenvolvimento Econ\u00f4mico e Social (BNDES), Aloizio Mercadante,\u00a0afirmou nesta quinta-feira (10) que a guerra de tarifas comerciais desencadeada pelo presidente dos Estados Unidos (EUA), Donald Trump, traz \u201criscos e oportunidades\u201d para o Brasil.<img decoding=\"async\" src=\"https:\/\/agenciabrasil.ebc.com.br\/ebc.png?id=1638524&amp;o=node\" \/><img decoding=\"async\" src=\"https:\/\/agenciabrasil.ebc.com.br\/ebc.gif?id=1638524&amp;o=node\" \/><\/p>\n<p><strong>A agropecu\u00e1ria e a ind\u00fastria s\u00e3o setores que podem colher oportunidades provocadas pelas medidas protecionistas dos EUA<\/strong>, que\u00a0<a href=\"https:\/\/agenciabrasil.ebc.com.br\/economia\/noticia\/2025-04\/entenda-tarifaco-de-trump-e-capaz-de-reindustrializar-estados-unidos\" target=\"_blank\" rel=\"noopener\">taxaram a entrada de produtos importados no pa\u00eds<\/a>, como forma de &#8211; ao menos de acordo com o governo americano &#8211; proteger a maior economia do mundo.<\/p>\n<p>Trump\u00a0<a href=\"https:\/\/agenciabrasil.ebc.com.br\/internacional\/noticia\/2025-04\/trump-eleva-taxacao-da-china-para-125-e-reduz-de-75-paises-para-10\" target=\"_blank\" rel=\"noopener\">suspendeu por 90 dias<\/a>\u00a0a cobran\u00e7a adicional para a maior parte dos pa\u00edses, mas manteve a sobretaxa\u00e7\u00e3o de produtos chineses em mais de 100%.<\/p>\n<p>Mercadante conversou com jornalistas nesta quinta-feira, na sa\u00edda de um\u00a0<a href=\"https:\/\/agenciabrasil.ebc.com.br\/economia\/noticia\/2025-04\/bndes-faz-parceria-para-atender-mais-cooperativas-com-creditos\" target=\"_blank\" rel=\"noopener\">semin\u00e1rio sobre cooperativismo<\/a>, na sede do banco p\u00fablico de fomento, no Rio de Janeiro.<\/p>\n<p>Na vis\u00e3o dele, a economia precisa de previsibilidade e o\u00a0<strong>tarifa\u00e7o, como est\u00e3o sendo chamadas as decis\u00f5es de Trump, foi unilateral e sem negocia\u00e7\u00e3o pr\u00e9via ou\u00a0considera\u00e7\u00e3o das institui\u00e7\u00f5es multilaterais de com\u00e9rcio.\u00a0<\/strong>\u201cEnt\u00e3o gerou uma grande instabilidade econ\u00f4mica e financeira\u201d, apontou.<\/p>\n<blockquote><p>\u201c\u00c9\u00a0seguro que esse processo vai trazer alguma press\u00e3o inflacion\u00e1ria para todos os pa\u00edses, um choque externo global e vai atrasar investimentos\u201d, destacou\u00a0Mercadante.<\/p><\/blockquote>\n<p><strong>Na vis\u00e3o do presidente do BNDES, a guerra comercial vai trazer \u201cmuitas sequelas\u201d para Estados Unidos e China, as duas maiores economias do mundo.<\/strong>\u00a0\u201cA Am\u00e9rica Latina foi relativamente preservada nesse primeiro momento. Vamos ver como \u00e9 que essas coisas evoluem\u201d, disse.<\/p>\n<blockquote><p>\u201cEsse cen\u00e1rio de instabilidade traz riscos, n\u00f3s temos que estar muito atentos, mas traz tamb\u00e9m oportunidades\u201d, completou, citando a agricultura e a pecu\u00e1ria.<\/p><\/blockquote>\n<p>O presidente do BNDES observa que os Estados Unidos s\u00e3o um concorrente nesse segmento que alguns mercados ir\u00e3o se abrir para o Brasil.\u00a0&#8220;J\u00e1 vinham se abrindo e v\u00e3o se abrir com muito mais velocidade\u201d, avalia.<\/p>\n<p><a href=\"https:\/\/agenciabrasil.ebc.com.br\/tags\/aloizio-mercadante\" target=\"_blank\" rel=\"noopener\">Mercadante<\/a>\u00a0diz acreditar tamb\u00e9m que o fato de o Brasil ser um pa\u00eds de paz, com boa rela\u00e7\u00e3o com todos os integrantes da Organiza\u00e7\u00e3o das Na\u00e7\u00f5es Unidas (ONU), pode ser um ponto a favor para atrair investimentos externos.<\/p>\n<p>\u201cVai ter mais diversifica\u00e7\u00e3o e h\u00e1 uma grande demanda por seguran\u00e7a alimentar no mundo. O Brasil \u00e9 uma solu\u00e7\u00e3o para esse problema. Ent\u00e3o h\u00e1 muito interesse em investir nesse segmento em novas formas de parceria\u201d, declarou, lembrando da proje\u00e7\u00e3o de\u00a0<a href=\"https:\/\/agenciabrasil.ebc.com.br\/economia\/noticia\/2025-04\/apos-primeiras-colheitas-conab-confirma-estimativa-de-safra-recorde\" target=\"_blank\" rel=\"noopener\">supersafra no pa\u00eds<\/a>.<\/p>\n<p>Ao falar da ind\u00fastria, o economista relembrou o feito de o Brasil retomar \u00e0\u00a0<a href=\"https:\/\/agenciabrasil.ebc.com.br\/economia\/noticia\/2025-04\/brasil-sobe-no-ranking-de-desempenho-industrial-comemora-mercadante\" target=\"_blank\" rel=\"noopener\">25\u00aa posi\u00e7\u00e3o em\u00a0ranking<\/a>\u00a0internacional de desempenho industrial. \u201cA ind\u00fastria de alto valor agregado, por exemplo, avi\u00f5es, ve\u00edculos, carros h\u00edbridos, muitos centros de P&amp;D [pesquisa e desenvolvimento] vindo para c\u00e1\u201d.<\/p>\n<h2>Mercado local<\/h2>\n<p>Mercadante apontou a import\u00e2ncia tamb\u00e9m do poderio do mercado interno. \u201cTemos um mercado interno muito forte, que \u00e9 o principal fator de crescimento.\u00a0Isso tamb\u00e9m \u00e9 um diferencial nesse mundo em que o protecionismo vai crescer e que os mercados internos v\u00e3o ter mecanismos de defesa comercial\u201d, assinalou.<\/p>\n<p><strong>Ao refor\u00e7ar que o Brasil precisa explorar oportunidades, Mercadante citou aproxima\u00e7\u00e3o de parceiros que tamb\u00e9m est\u00e3o sofrendo impactos protecionistas americanos, como M\u00e9xico e Canad\u00e1.<\/strong><\/p>\n<blockquote><p>\u201cN\u00f3s temos que nos aproximar. A Uni\u00e3o Europeia vai se aproximar do Sul Global, dos Brics\u201d, pontuou.<\/p><\/blockquote>\n<p>O Sul Global \u00e9 um grupo te\u00f3rico formado, principalmente, por pa\u00edses pobres e emergentes. O Brasil tem se posicionado no cen\u00e1rio internacional como um dos l\u00edderes do grupo, formado por Brasil, R\u00fassia, \u00cdndia, China, \u00c1frica do Sul, Ar\u00e1bia Saudita, Egito, Emirados \u00c1rabes Unidos, Eti\u00f3pia, Indon\u00e9sia, Ir\u00e3.<\/p>\n<p>Em 2025, o encontro anual dos Brics\u00a0ser\u00e1 nos dias 6 e 7 de julho no Rio de Janeiro.<\/p>\n<p>Fonte: Ag\u00eancia Brasil<\/p>\n","protected":false},"excerpt":{"rendered":"<p>O presidente do Banco Nacional de Desenvolvimento Econ\u00f4mico e Social (BNDES), Aloizio Mercadante,\u00a0afirmou nesta quinta-feira (10) que a guerra de tarifas comerciais desencadeada pelo presidente dos Estados Unidos (EUA), Donald Trump, traz \u201criscos e oportunidades\u201d para o Brasil. A agropecu\u00e1ria e a ind\u00fastria s\u00e3o setores que podem colher oportunidades provocadas pelas medidas protecionistas dos EUA, [&hellip;]<\/p>\n","protected":false},"author":246,"featured_media":227702,"comment_status":"closed","ping_status":"closed","sticky":false,"template":"","format":"standard","meta":{"footnotes":""},"categories":[436,440,261,254,439],"tags":[],"class_list":["post-227701","post","type-post","status-publish","format-standard","has-post-thumbnail","hentry","category-destaque-da-semana","category-destaques-do-dia","category-economia","category-politica","category-ultima-hora"],"_links":{"self":[{"href":"https:\/\/diarioregionaldigital.com.br\/index.php?rest_route=\/wp\/v2\/posts\/227701","targetHints":{"allow":["GET"]}}],"collection":[{"href":"https:\/\/diarioregionaldigital.com.br\/index.php?rest_route=\/wp\/v2\/posts"}],"about":[{"href":"https:\/\/diarioregionaldigital.com.br\/index.php?rest_route=\/wp\/v2\/types\/post"}],"author":[{"embeddable":true,"href":"https:\/\/diarioregionaldigital.com.br\/index.php?rest_route=\/wp\/v2\/users\/246"}],"replies":[{"embeddable":true,"href":"https:\/\/diarioregionaldigital.com.br\/index.php?rest_route=%2Fwp%2Fv2%2Fcomments&post=227701"}],"version-history":[{"count":1,"href":"https:\/\/diarioregionaldigital.com.br\/index.php?rest_route=\/wp\/v2\/posts\/227701\/revisions"}],"predecessor-version":[{"id":227703,"href":"https:\/\/diarioregionaldigital.com.br\/index.php?rest_route=\/wp\/v2\/posts\/227701\/revisions\/227703"}],"wp:featuredmedia":[{"embeddable":true,"href":"https:\/\/diarioregionaldigital.com.br\/index.php?rest_route=\/wp\/v2\/media\/227702"}],"wp:attachment":[{"href":"https:\/\/diarioregionaldigital.com.br\/index.php?rest_route=%2Fwp%2Fv2%2Fmedia&parent=227701"}],"wp:term":[{"taxonomy":"category","embeddable":true,"href":"https:\/\/diarioregionaldigital.com.br\/index.php?rest_route=%2Fwp%2Fv2%2Fcategories&post=227701"},{"taxonomy":"post_tag","embeddable":true,"href":"https:\/\/diarioregionaldigital.com.br\/index.php?rest_route=%2Fwp%2Fv2%2Ftags&post=227701"}],"curies":[{"name":"wp","href":"https:\/\/api.w.org\/{rel}","templated":true}]}}