{"id":227698,"date":"2025-04-09T17:18:48","date_gmt":"2025-04-09T20:18:48","guid":{"rendered":"https:\/\/diarioregionaldigital.com.br\/?p=227698"},"modified":"2025-04-09T17:18:48","modified_gmt":"2025-04-09T20:18:48","slug":"trilhas-da-liberdade-painel-artistico-que-celebra-memoria-e-democracia-e-instalado-na-camara-municipal","status":"publish","type":"post","link":"https:\/\/diarioregionaldigital.com.br\/?p=227698","title":{"rendered":"Trilhas da Liberdade &#8211; painel art\u00edstico que celebra mem\u00f3ria e democracia \u00e9 instalado na C\u00e2mara Municipal"},"content":{"rendered":"<p>Segundo informa\u00e7\u00f5es do site da Prefeitura de Juiz de Fora (PJF), o\u00a0anivers\u00e1rio de 172 anos da C\u00e2mara Municipal de Juiz de Fora, foi marcado pela instala\u00e7\u00e3o do 4\u00ba painel do projeto \u201cTrilhas da Liberdade \u2013 Murais cer\u00e2micos celebram a democracia nos 61 anos do golpe militar\u201d. A sede do Pal\u00e1cio Barbosa Lima recebeu na manh\u00e3 desta quarta-feira, 9, o painel art\u00edstico \u00a0&#8220;Liberdade ainda que tardia&#8221; de V\u00edt\u00f3ria Bicalho.\u00a0\u00a0A iniciativa \u00e9 uma parceria entre a Prefeitura de Juiz de Fora (PJF), por meio da Secretaria Especial de Direitos Humanos (SEDH) com a Universidade Federal de Juiz de Fora (UFJF) e a Funda\u00e7\u00e3o de Apoio e Desenvolvimento ao Ensino, Pesquisa e Extens\u00e3o (Fadepe), atrav\u00e9s de emenda parlamentar da vereadora Laiz Perrut, com o apoio na organiza\u00e7\u00e3o do &#8220;Grupo de Trabalho &#8211; 61 Anos do Golpe&#8221; integrado pela UFJF, Ordem dos Advogados do Brasil (OAB)\/JF, Comiss\u00e3o Municipal da Verdade, Fam\u00edlia Riani, al\u00e9m da PJF.<\/p>\n<p>A solenidade contou com a presen\u00e7a de ex-vereadores da Casa. Tamb\u00e9m foram homenageados Peralva de Miranda Delgado, Nery de Mendon\u00e7a, Francisco Afonso Pinheiro e Jair Reihn que foram eleitos democraticamente pelo povo e cassados pela ditadura, al\u00e9m de Lindolfo Hill que teve o mandato cassado ap\u00f3s o Governo Eurico Gaspar Dutra determinar o encerramento das atividades do \u201cPartid\u00e3o\u201d.<\/p>\n<p>A prefeita Margarida Salom\u00e3o destacou que a cidade deve se orgulhar de ter restitu\u00eddo o mandato dos vereadores cassados e enfatizou a import\u00e2ncia do Estado de Direito. &#8220;O Parlamento \u00e9 a sede da liberdade, que n\u00e3o pode, em nenhum momento, ser invadido. Quem o desrespeita, na verdade, desrespeita as condi\u00e7\u00f5es prim\u00e1rias de viv\u00eancia. A democracia quando nos falta \u00e9 como se o ar tamb\u00e9m nos faltasse. Todos os avan\u00e7os sociais, como por exemplo a conquista do tempo de repouso dos trabalhadores, uma dura luta que se travou e que foi vencida no in\u00edcio do s\u00e9culo XX, quando foram criadas as 44 horas de trabalho com direito \u00e0 folga semanal, deve-se ao Estado Democr\u00e1tico. Por isso, todos n\u00f3s que temos mandato pol\u00edtico ou j\u00e1 tivemos, precisamos ter como compromisso priorit\u00e1rio a defesa da Constitui\u00e7\u00e3o e do Estado de lei, para que n\u00f3s possamos, como sociedade, evoluir em dire\u00e7\u00e3o a um futuro mais pac\u00edfico, mais justo e mais pr\u00f3ximo&#8221;.<\/p>\n<p>O secret\u00e1rio especial de Direitos Humanos, Biel Rocha, lembrou dos outros pain\u00e9is instalados na Pra\u00e7a Ant\u00f4nio Carlos (em frente a antiga auditoria militar), no Conservat\u00f3rio Estadual de M\u00fasica Haide\u00e9 Fran\u00e7a Americano (Rua Batista de Oliveira, 377, Centro) e no pr\u00e9dio do antigo DCE (Avenida Get\u00falio Vargas esquina com Rua Floriano Peixoto). Ele ainda refor\u00e7ou que o ato \u00e9 mais que uma homenagem. &#8220;\u00c9 uma repara\u00e7\u00e3o em forma de arte de que a liberdade mesmo que tardia, vence. Agora, nesta parede, com esta arte, sussurramos ao futuro que nenhum golpe apaga o povo e nenhum sil\u00eancio dura para sempre. Viva a democracia&#8221;.<\/p>\n<p>O presidente da C\u00e2mara Municipal, Jos\u00e9 M\u00e1rcio-Garotinho, tamb\u00e9m enfatizou que o primeiro compromisso de uma Casa Legislativa \u00e9 com a democracia. &#8220;Reafirmamos o compromisso com a liberdade, a justi\u00e7a e na constru\u00e7\u00e3o de uma cidade mais consciente e participativa&#8221;.<\/p>\n<p>Ap\u00f3s a instala\u00e7\u00e3o do painel no sagu\u00e3o do Pal\u00e1cio Barbosa Lima, o presidente do Legislativo, anunciou o avan\u00e7o pela preserva\u00e7\u00e3o da mem\u00f3ria com a digitaliza\u00e7\u00e3o das atas das Reuni\u00f5es Ordin\u00e1rias e Extraordin\u00e1rias de janeiro de 1950 a dezembro de 2002.<\/p>\n<p>S\u00e3o mais de 21 mil p\u00e1ginas manuscritas que agora est\u00e3o preservadas e com acesso ao p\u00fablico.\u00a0 Al\u00e9m disso, o acervo de livros reeditados e digitalizados pela C\u00e2mara ser\u00e1 ampliado com a inclus\u00e3o de mais t\u00edtulos. &#8220;As reedi\u00e7\u00f5es de Juiz de Fora imperial&#8221;, &#8220;Arquitetura ecl\u00e9tica&#8221;, &#8220;Arquitetura moderna e Arquitetura art d\u00e9co&#8221;, os quatro de Ant\u00f4nio Carlos Duarte; &#8220;Ruas de Juiz de Fora&#8221;, editado pela Funalfa; &#8220;Aspectos da Vida Rural de JF&#8221;, de Jos\u00e9 Proc\u00f3pio Filho; &#8220;Posturas da C\u00e2mara Municipal da Villa de Santo Antonio do Parahybuna&#8221;, de 1853; Munic\u00edpio de Juiz de Fora &#8211; Sinopse Estat\u00edstica, do IBGE s\u00e3o os novos volumes. A obra Hist\u00f3ria de Juiz de Fora, de Paulino Oliveira, tamb\u00e9m foi atualizada.<\/p>\n","protected":false},"excerpt":{"rendered":"<p>Segundo informa\u00e7\u00f5es do site da Prefeitura de Juiz de Fora (PJF), o\u00a0anivers\u00e1rio de 172 anos da C\u00e2mara Municipal de Juiz de Fora, foi marcado pela instala\u00e7\u00e3o do 4\u00ba painel do projeto \u201cTrilhas da Liberdade \u2013 Murais cer\u00e2micos celebram a democracia nos 61 anos do golpe militar\u201d. A sede do Pal\u00e1cio Barbosa Lima recebeu na manh\u00e3 [&hellip;]<\/p>\n","protected":false},"author":246,"featured_media":227699,"comment_status":"closed","ping_status":"closed","sticky":false,"template":"","format":"standard","meta":{"footnotes":""},"categories":[253,436,439],"tags":[],"class_list":["post-227698","post","type-post","status-publish","format-standard","has-post-thumbnail","hentry","category-cidade","category-destaque-da-semana","category-ultima-hora"],"_links":{"self":[{"href":"https:\/\/diarioregionaldigital.com.br\/index.php?rest_route=\/wp\/v2\/posts\/227698","targetHints":{"allow":["GET"]}}],"collection":[{"href":"https:\/\/diarioregionaldigital.com.br\/index.php?rest_route=\/wp\/v2\/posts"}],"about":[{"href":"https:\/\/diarioregionaldigital.com.br\/index.php?rest_route=\/wp\/v2\/types\/post"}],"author":[{"embeddable":true,"href":"https:\/\/diarioregionaldigital.com.br\/index.php?rest_route=\/wp\/v2\/users\/246"}],"replies":[{"embeddable":true,"href":"https:\/\/diarioregionaldigital.com.br\/index.php?rest_route=%2Fwp%2Fv2%2Fcomments&post=227698"}],"version-history":[{"count":1,"href":"https:\/\/diarioregionaldigital.com.br\/index.php?rest_route=\/wp\/v2\/posts\/227698\/revisions"}],"predecessor-version":[{"id":227700,"href":"https:\/\/diarioregionaldigital.com.br\/index.php?rest_route=\/wp\/v2\/posts\/227698\/revisions\/227700"}],"wp:featuredmedia":[{"embeddable":true,"href":"https:\/\/diarioregionaldigital.com.br\/index.php?rest_route=\/wp\/v2\/media\/227699"}],"wp:attachment":[{"href":"https:\/\/diarioregionaldigital.com.br\/index.php?rest_route=%2Fwp%2Fv2%2Fmedia&parent=227698"}],"wp:term":[{"taxonomy":"category","embeddable":true,"href":"https:\/\/diarioregionaldigital.com.br\/index.php?rest_route=%2Fwp%2Fv2%2Fcategories&post=227698"},{"taxonomy":"post_tag","embeddable":true,"href":"https:\/\/diarioregionaldigital.com.br\/index.php?rest_route=%2Fwp%2Fv2%2Ftags&post=227698"}],"curies":[{"name":"wp","href":"https:\/\/api.w.org\/{rel}","templated":true}]}}