{"id":227686,"date":"2025-04-09T17:13:55","date_gmt":"2025-04-09T20:13:55","guid":{"rendered":"https:\/\/diarioregionaldigital.com.br\/?p=227686"},"modified":"2025-04-09T17:13:55","modified_gmt":"2025-04-09T20:13:55","slug":"oge-na-midia-fala-minas-estreia-na-rede-minas-com-foco-no-dialogo-com-o-cidadao","status":"publish","type":"post","link":"https:\/\/diarioregionaldigital.com.br\/?p=227686","title":{"rendered":"OGE na M\u00eddia: \u201cFala Minas\u201d estreia na Rede Minas com foco no di\u00e1logo com o cidad\u00e3o"},"content":{"rendered":"<p>A\u00a0<a href=\"https:\/\/www.ouvidoriageral.mg.gov.br\/\" target=\"_blank\" rel=\"noopener\">Ouvidoria-Geral do Estado de Minas Gerais (OGE\/MG)<\/a>\u00a0estreou no dia 1\/4\u00a0o quadro \u201cFala Minas\u201d, exibido semanalmente, sempre \u00e0s ter\u00e7as-feiras, na\u00a0<a href=\"https:\/\/redeminas.tv\/\" target=\"_blank\" rel=\"noopener\">Rede Minas<\/a>, dentro do Jornal Minas \u2013 2\u00aa edi\u00e7\u00e3o (JM2), \u00e0s 18h30. A iniciativa marca um novo passo na comunica\u00e7\u00e3o entre o Estado e os mineiros, levando informa\u00e7\u00e3o de interesse p\u00fablico para os lares de mais de 600 munic\u00edpios mineiros alcan\u00e7ados pela emissora, atrav\u00e9s da TV aberta, canal 9.<\/p>\n<p>Com a proposta de aproximar ainda mais o cidad\u00e3o da administra\u00e7\u00e3o p\u00fablica, o quadro \u00e9 apresentado pela jornalista Aline Scarponi e recebe, a cada semana, ouvidores da OGE\/MG para abordar temas relevantes e esclarecer o papel da Ouvidoria como ponte entre a popula\u00e7\u00e3o e os servi\u00e7os p\u00fablicos estaduais.<\/p>\n<p>Na estreia, a Ouvidora-Geral do Estado, Gabriela Siqueira, destacou a campanha de combate aos golpes no IPVA, que surgiu a partir de den\u00fancias e manifesta\u00e7\u00f5es recebidas pelos canais da Ouvidoria. A participa\u00e7\u00e3o da popula\u00e7\u00e3o, segundo ela, \u00e9 fundamental para identificar problemas e fortalecer pol\u00edticas p\u00fablicas mais eficazes.<\/p>\n<p>J\u00e1 no segundo epis\u00f3dio, exibido em 8\/4, o ouvidor de Desenvolvimento Econ\u00f4mico, Infraestrutura e Desenvolvimento Social, Maur\u00edcio Fernando, falou sobre mobilidade urbana e explicou como o trabalho da OGE contribui para a melhoria dos servi\u00e7os p\u00fablicos. Ele tamb\u00e9m refor\u00e7ou os canais de atendimento dispon\u00edveis ao cidad\u00e3o e a import\u00e2ncia de cada manifesta\u00e7\u00e3o recebida.<\/p>\n<p>Com o \u201cFala Minas\u201d, a OGE refor\u00e7a seu compromisso com a escuta ativa, a transpar\u00eancia e a promo\u00e7\u00e3o de uma gest\u00e3o p\u00fablica<\/p>\n<p>Fonte: Ag\u00eancia Minas<\/p>\n","protected":false},"excerpt":{"rendered":"<p>A\u00a0Ouvidoria-Geral do Estado de Minas Gerais (OGE\/MG)\u00a0estreou no dia 1\/4\u00a0o quadro \u201cFala Minas\u201d, exibido semanalmente, sempre \u00e0s ter\u00e7as-feiras, na\u00a0Rede Minas, dentro do Jornal Minas \u2013 2\u00aa edi\u00e7\u00e3o (JM2), \u00e0s 18h30. A iniciativa marca um novo passo na comunica\u00e7\u00e3o entre o Estado e os mineiros, levando informa\u00e7\u00e3o de interesse p\u00fablico para os lares de mais de [&hellip;]<\/p>\n","protected":false},"author":246,"featured_media":227687,"comment_status":"closed","ping_status":"closed","sticky":false,"template":"","format":"standard","meta":{"footnotes":""},"categories":[436,261,254,439],"tags":[],"class_list":["post-227686","post","type-post","status-publish","format-standard","has-post-thumbnail","hentry","category-destaque-da-semana","category-economia","category-politica","category-ultima-hora"],"_links":{"self":[{"href":"https:\/\/diarioregionaldigital.com.br\/index.php?rest_route=\/wp\/v2\/posts\/227686","targetHints":{"allow":["GET"]}}],"collection":[{"href":"https:\/\/diarioregionaldigital.com.br\/index.php?rest_route=\/wp\/v2\/posts"}],"about":[{"href":"https:\/\/diarioregionaldigital.com.br\/index.php?rest_route=\/wp\/v2\/types\/post"}],"author":[{"embeddable":true,"href":"https:\/\/diarioregionaldigital.com.br\/index.php?rest_route=\/wp\/v2\/users\/246"}],"replies":[{"embeddable":true,"href":"https:\/\/diarioregionaldigital.com.br\/index.php?rest_route=%2Fwp%2Fv2%2Fcomments&post=227686"}],"version-history":[{"count":1,"href":"https:\/\/diarioregionaldigital.com.br\/index.php?rest_route=\/wp\/v2\/posts\/227686\/revisions"}],"predecessor-version":[{"id":227688,"href":"https:\/\/diarioregionaldigital.com.br\/index.php?rest_route=\/wp\/v2\/posts\/227686\/revisions\/227688"}],"wp:featuredmedia":[{"embeddable":true,"href":"https:\/\/diarioregionaldigital.com.br\/index.php?rest_route=\/wp\/v2\/media\/227687"}],"wp:attachment":[{"href":"https:\/\/diarioregionaldigital.com.br\/index.php?rest_route=%2Fwp%2Fv2%2Fmedia&parent=227686"}],"wp:term":[{"taxonomy":"category","embeddable":true,"href":"https:\/\/diarioregionaldigital.com.br\/index.php?rest_route=%2Fwp%2Fv2%2Fcategories&post=227686"},{"taxonomy":"post_tag","embeddable":true,"href":"https:\/\/diarioregionaldigital.com.br\/index.php?rest_route=%2Fwp%2Fv2%2Ftags&post=227686"}],"curies":[{"name":"wp","href":"https:\/\/api.w.org\/{rel}","templated":true}]}}