{"id":227683,"date":"2025-04-09T17:12:58","date_gmt":"2025-04-09T20:12:58","guid":{"rendered":"https:\/\/diarioregionaldigital.com.br\/?p=227683"},"modified":"2025-04-09T17:12:58","modified_gmt":"2025-04-09T20:12:58","slug":"governador-convida-o-presidente-da-camara-dos-deputados-para-ser-homenageado-com-o-grande-colar-da-inconfidencia","status":"publish","type":"post","link":"https:\/\/diarioregionaldigital.com.br\/?p=227683","title":{"rendered":"Governador convida o presidente da C\u00e2mara dos Deputados para ser homenageado com o Grande Colar da Inconfid\u00eancia"},"content":{"rendered":"<p>O governador Romeu Zema convidou, nesta quarta-feira (9\/4), o presidente da C\u00e2mara dos Deputados, Hugo Motta, para ser o homenageado com o Grande Colar da Inconfid\u00eancia de 2025,\u00a0na solenidade\u00a0que acontece no dia 21\/4, em Ouro Preto. O convite ao chefe da Casa Legislativa foi feito durante encontro realizado em Bras\u00edlia.<\/p>\n<p>O Grande Colar \u00e9 a maior honraria entregue pelo Estado de Minas Gerais e \u00e9 destinada, exclusivamente, aos chefes de Estado e de outros poderes. Ela foi criada em 1952 pelo governador Juscelino Kubitscheck e \u00e9 entregue, tradicionalmente, no dia 21\/4, Dia de Tiradentes, em alus\u00e3o a Joaquim Jos\u00e9 da Silva Xavier, m\u00e1rtir da Inconfid\u00eancia Mineira, movimento de independ\u00eancia que teve como epicentro a cidade de Ouro Preto, no s\u00e9culo 18.<\/p>\n<p>Fonte: Ag\u00eancia Minas<\/p>\n","protected":false},"excerpt":{"rendered":"<p>O governador Romeu Zema convidou, nesta quarta-feira (9\/4), o presidente da C\u00e2mara dos Deputados, Hugo Motta, para ser o homenageado com o Grande Colar da Inconfid\u00eancia de 2025,\u00a0na solenidade\u00a0que acontece no dia 21\/4, em Ouro Preto. O convite ao chefe da Casa Legislativa foi feito durante encontro realizado em Bras\u00edlia. O Grande Colar \u00e9 a [&hellip;]<\/p>\n","protected":false},"author":246,"featured_media":227684,"comment_status":"closed","ping_status":"closed","sticky":false,"template":"","format":"standard","meta":{"footnotes":""},"categories":[436,440,261,254,439],"tags":[],"class_list":["post-227683","post","type-post","status-publish","format-standard","has-post-thumbnail","hentry","category-destaque-da-semana","category-destaques-do-dia","category-economia","category-politica","category-ultima-hora"],"_links":{"self":[{"href":"https:\/\/diarioregionaldigital.com.br\/index.php?rest_route=\/wp\/v2\/posts\/227683","targetHints":{"allow":["GET"]}}],"collection":[{"href":"https:\/\/diarioregionaldigital.com.br\/index.php?rest_route=\/wp\/v2\/posts"}],"about":[{"href":"https:\/\/diarioregionaldigital.com.br\/index.php?rest_route=\/wp\/v2\/types\/post"}],"author":[{"embeddable":true,"href":"https:\/\/diarioregionaldigital.com.br\/index.php?rest_route=\/wp\/v2\/users\/246"}],"replies":[{"embeddable":true,"href":"https:\/\/diarioregionaldigital.com.br\/index.php?rest_route=%2Fwp%2Fv2%2Fcomments&post=227683"}],"version-history":[{"count":1,"href":"https:\/\/diarioregionaldigital.com.br\/index.php?rest_route=\/wp\/v2\/posts\/227683\/revisions"}],"predecessor-version":[{"id":227685,"href":"https:\/\/diarioregionaldigital.com.br\/index.php?rest_route=\/wp\/v2\/posts\/227683\/revisions\/227685"}],"wp:featuredmedia":[{"embeddable":true,"href":"https:\/\/diarioregionaldigital.com.br\/index.php?rest_route=\/wp\/v2\/media\/227684"}],"wp:attachment":[{"href":"https:\/\/diarioregionaldigital.com.br\/index.php?rest_route=%2Fwp%2Fv2%2Fmedia&parent=227683"}],"wp:term":[{"taxonomy":"category","embeddable":true,"href":"https:\/\/diarioregionaldigital.com.br\/index.php?rest_route=%2Fwp%2Fv2%2Fcategories&post=227683"},{"taxonomy":"post_tag","embeddable":true,"href":"https:\/\/diarioregionaldigital.com.br\/index.php?rest_route=%2Fwp%2Fv2%2Ftags&post=227683"}],"curies":[{"name":"wp","href":"https:\/\/api.w.org\/{rel}","templated":true}]}}