{"id":227680,"date":"2025-04-09T17:12:02","date_gmt":"2025-04-09T20:12:02","guid":{"rendered":"https:\/\/diarioregionaldigital.com.br\/?p=227680"},"modified":"2025-04-09T17:12:02","modified_gmt":"2025-04-09T20:12:02","slug":"familia-no-norte-de-minas-triplica-renda-com-uso-da-hidroponia","status":"publish","type":"post","link":"https:\/\/diarioregionaldigital.com.br\/?p=227680","title":{"rendered":"Fam\u00edlia no Norte de Minas triplica renda com uso da hidroponia"},"content":{"rendered":"<p>Alface, coentro e cebolinha s\u00e3o as hortali\u00e7as produzidas no sistema hidrop\u00f4nico por Maria da Gl\u00f3ria de Jesus Silva, o marido e os tr\u00eas filhos, no s\u00edtio Hortali\u00e7as da Gl\u00f3ria, em \u00c1guas Vermelhas, no Norte de Minas. A agricultora conta que h\u00e1 mais de 20 anos cultiva hortali\u00e7as no modo de produ\u00e7\u00e3o tradicional, mas a quantidade e a qualidade n\u00e3o atendiam \u00e0 demanda.<\/p>\n<p>\u201cA quantidade que est\u00e1vamos produzindo n\u00e3o abastecia o mercado consumidor, tinha muita gente procurando hortali\u00e7as hidrop\u00f4nicas e tamb\u00e9m quer\u00edamos fornecer para o Programa Nacional de Alimenta\u00e7\u00e3o Escolar (Pnae), assim decidimos come\u00e7ar o cultivo hidrop\u00f4nico\u201d, explica.<\/p>\n<p>Durante os dois anos na nova atividade, a fam\u00edlia cita como vantagens a triplica\u00e7\u00e3o da renda e o menor esfor\u00e7o f\u00edsico demandado, pois parte do processo \u00e9 automatizado.<\/p>\n<p>O extensionista da\u00a0<a href=\"https:\/\/www.emater.mg.gov.br\/\" target=\"_blank\" rel=\"noopener\">Empresa de Assist\u00eancia T\u00e9cnica e Extens\u00e3o Rural de Minas Gerais (Emater-MG)<\/a>\u00a0que presta assist\u00eancia \u00e0 fam\u00edlia, Lean C\u00e1ssio Figueiredo e Sousa, explica que o r\u00e1pido retorno econ\u00f4mico \u00e9 consequ\u00eancia da maior produtividade, da baixa perda das hortali\u00e7as e da alta demanda pelos produtos.<\/p>\n<p><strong>Implanta\u00e7\u00e3o e mercado<\/strong><\/p>\n<p>A maior dificuldade enfrentada foi em rela\u00e7\u00e3o \u00e0 montagem das estruturas das bancadas e das estufas. \u201cForam processos longos que demandaram t\u00e9cnicas espec\u00edficas e a m\u00e3o de obra de v\u00e1rias pessoas. Precisamos de um alto investimento, para isso recorremos ao cr\u00e9dito rural\u201d, relata a agricultora.<\/p>\n<p>Segundo o extensionista, a implanta\u00e7\u00e3o do sistema exige um alto investimento financeiro e a aduba\u00e7\u00e3o tamb\u00e9m \u00e9 mais complexa e cara, se comparada ao m\u00e9todo tradicional. Ele ainda ressalta que o agricultor precisa estar atento em rela\u00e7\u00e3o \u00e0\u00a0qualidade da \u00e1gua para evitar a prolifera\u00e7\u00e3o de bact\u00e9rias e mofos que atacam as plantas.<\/p>\n<p>No entanto, o crescimento do mercado compensa o investimento. \u00a0\u201cO cultivo n\u00e3o faz uso de agrot\u00f3xicos, ideal para agradar consumidores preocupados com a qualidade de vida, esse p\u00fablico tem crescido. O plantio dura o ano todo.\u00a0 O processo \u00e9 um divisor de \u00e1guas na vida de produtores. Essa fam\u00edlia, por exemplo, viu sua renda triplicar em pouco tempo\u201d, comenta Lean Sousa.<\/p>\n<p>Algumas verduras, como a couve, n\u00e3o se adaptaram \u00e0 hidroponia, desta forma, decidiram manter o sistema tradicional. Os 500 p\u00e9s de hortali\u00e7as que s\u00e3o produzidos mensalmente, s\u00e3o vendidos no s\u00edtio, em feiras, lanchonetes e para o Pnae.<\/p>\n<p>A fam\u00edlia ainda comercializa produtos minimamente processados, frutas e temperos artesanais. Para o futuro, a expectativa \u00e9 ampliar a atividade, aumentando ainda mais a renda.<\/p>\n<p>Fonte: Ag\u00eancia Minas<\/p>\n","protected":false},"excerpt":{"rendered":"<p>Alface, coentro e cebolinha s\u00e3o as hortali\u00e7as produzidas no sistema hidrop\u00f4nico por Maria da Gl\u00f3ria de Jesus Silva, o marido e os tr\u00eas filhos, no s\u00edtio Hortali\u00e7as da Gl\u00f3ria, em \u00c1guas Vermelhas, no Norte de Minas. A agricultora conta que h\u00e1 mais de 20 anos cultiva hortali\u00e7as no modo de produ\u00e7\u00e3o tradicional, mas a quantidade [&hellip;]<\/p>\n","protected":false},"author":246,"featured_media":227681,"comment_status":"closed","ping_status":"closed","sticky":false,"template":"","format":"standard","meta":{"footnotes":""},"categories":[436,440,261,254,439],"tags":[],"class_list":["post-227680","post","type-post","status-publish","format-standard","has-post-thumbnail","hentry","category-destaque-da-semana","category-destaques-do-dia","category-economia","category-politica","category-ultima-hora"],"_links":{"self":[{"href":"https:\/\/diarioregionaldigital.com.br\/index.php?rest_route=\/wp\/v2\/posts\/227680","targetHints":{"allow":["GET"]}}],"collection":[{"href":"https:\/\/diarioregionaldigital.com.br\/index.php?rest_route=\/wp\/v2\/posts"}],"about":[{"href":"https:\/\/diarioregionaldigital.com.br\/index.php?rest_route=\/wp\/v2\/types\/post"}],"author":[{"embeddable":true,"href":"https:\/\/diarioregionaldigital.com.br\/index.php?rest_route=\/wp\/v2\/users\/246"}],"replies":[{"embeddable":true,"href":"https:\/\/diarioregionaldigital.com.br\/index.php?rest_route=%2Fwp%2Fv2%2Fcomments&post=227680"}],"version-history":[{"count":1,"href":"https:\/\/diarioregionaldigital.com.br\/index.php?rest_route=\/wp\/v2\/posts\/227680\/revisions"}],"predecessor-version":[{"id":227682,"href":"https:\/\/diarioregionaldigital.com.br\/index.php?rest_route=\/wp\/v2\/posts\/227680\/revisions\/227682"}],"wp:featuredmedia":[{"embeddable":true,"href":"https:\/\/diarioregionaldigital.com.br\/index.php?rest_route=\/wp\/v2\/media\/227681"}],"wp:attachment":[{"href":"https:\/\/diarioregionaldigital.com.br\/index.php?rest_route=%2Fwp%2Fv2%2Fmedia&parent=227680"}],"wp:term":[{"taxonomy":"category","embeddable":true,"href":"https:\/\/diarioregionaldigital.com.br\/index.php?rest_route=%2Fwp%2Fv2%2Fcategories&post=227680"},{"taxonomy":"post_tag","embeddable":true,"href":"https:\/\/diarioregionaldigital.com.br\/index.php?rest_route=%2Fwp%2Fv2%2Ftags&post=227680"}],"curies":[{"name":"wp","href":"https:\/\/api.w.org\/{rel}","templated":true}]}}