{"id":227671,"date":"2025-04-08T20:38:53","date_gmt":"2025-04-08T23:38:53","guid":{"rendered":"https:\/\/diarioregionaldigital.com.br\/?p=227671"},"modified":"2025-04-08T20:38:53","modified_gmt":"2025-04-08T23:38:53","slug":"morre-ex-goleiro-manga-idolo-de-botafogo-e-inter-aos-87-anos","status":"publish","type":"post","link":"https:\/\/diarioregionaldigital.com.br\/?p=227671","title":{"rendered":"Morre ex-goleiro Manga, \u00eddolo de Botafogo e Inter, aos 87 anos"},"content":{"rendered":"<p>Titular da sele\u00e7\u00e3o brasileira na Copa do Mundo de 1966,\u00a0o\u00a0<strong>ex-goleiro Ha\u00edlton Corr\u00eaa de Arruda, mais conhecido como Manga, morreu aos 87 anos nesta ter\u00e7a-feira (8), no Rio de Janeiro, v\u00edtima de um c\u00e2ncer de pr\u00f3stata<\/strong>.<img decoding=\"async\" src=\"https:\/\/agenciabrasil.ebc.com.br\/ebc.png?id=1637951&amp;o=node\" \/><img decoding=\"async\" src=\"https:\/\/agenciabrasil.ebc.com.br\/ebc.gif?id=1637951&amp;o=node\" \/><\/p>\n<p>\u00cddolo do Botafogo e Internacional \u2013 foi bicampe\u00e3o estadual pelo Alvinegro carioca e foi duas vezes campe\u00e3o brasileiro pelo Colorado \u2013,\u00a0<strong>Manga foi reconhecido como um dos maiores goleiros do futebol mundial<\/strong>. Com a amarelinha, em 1966, ele jogou ao lado de outros \u00edcones do futebol nacional: Garrincha, Zagallo, Nilton Santos, Didi, G\u00e9rson e Jairzinho. No Uruguai, Manga tamb\u00e9m \u00e9 idolatrado pela torcida do Nacional, pelo qual conquistou quatro t\u00edtulos nacionais e a Copa Libertadores de 1971.<\/p>\n<p><strong>O ex-jogador estava prestes a completar 88 anos em 26 de abril, data eternizada como \u201cDia do Goleiro\u201d, criado em sua homenagem<\/strong>. Ele nasceu em Pernambuco, onde iniciou sua carreira no Sport, e tamb\u00e9m teve passagens pelo Oper\u00e1rio-MS, Coritiba, Gr\u00eamio e Barcelona de Guayaquil (Equador).<\/p>\n<p>As homenagens a Manga se espalharam nas redes sociais. O Botafogo lamentou a morte do \u201cinesquec\u00edvel ex-goleiro\u201d e ofereceu o sal\u00e3o nobre da sede de General Severiano, na zona sul do Rio de Janeiro, para a realiza\u00e7\u00e3o do vel\u00f3rio do seu \u00eddolo. No Glorioso, Manga atuou entre os anos de 1959 e 1968, conquistando o t\u00edtulo carioca em 1961\/62 e 1967\/68. Ele \u00e9 o quarto atleta com mais jogos na hist\u00f3ria do clube: 442 partidas disputadas.<\/p>\n<p>Pelo Inter, al\u00e9m do bicampeonato brasileiro (1975 e 1976), Manga conquistou\u00a0tr\u00eas t\u00edtulos seguidos do Gauch\u00e3o (1974, 1975 e 1976). O clube tamb\u00e9m prestou \u201cimenso pesar\u201d pela morte do ex-goleiro, ressaltou a coragem e entrega de Manga na final do Brasileir\u00e3o de 1975, em que jogou mesmo com dois dedos da m\u00e3o quebrados.<\/p>\n<p>O presidente da CBF, Ednaldo Rodrigues, lamentou a morte do ex-goleiro e decretou um minuto de sil\u00eancio em todas as partidas das s\u00e9ries A e B do Campeonato Brasileiro.<\/p>\n<p>Fonte: Ag\u00eancia Minas<\/p>\n","protected":false},"excerpt":{"rendered":"<p>Titular da sele\u00e7\u00e3o brasileira na Copa do Mundo de 1966,\u00a0o\u00a0ex-goleiro Ha\u00edlton Corr\u00eaa de Arruda, mais conhecido como Manga, morreu aos 87 anos nesta ter\u00e7a-feira (8), no Rio de Janeiro, v\u00edtima de um c\u00e2ncer de pr\u00f3stata. \u00cddolo do Botafogo e Internacional \u2013 foi bicampe\u00e3o estadual pelo Alvinegro carioca e foi duas vezes campe\u00e3o brasileiro pelo Colorado [&hellip;]<\/p>\n","protected":false},"author":246,"featured_media":227672,"comment_status":"closed","ping_status":"closed","sticky":false,"template":"","format":"standard","meta":{"footnotes":""},"categories":[436,440,257,439],"tags":[],"class_list":["post-227671","post","type-post","status-publish","format-standard","has-post-thumbnail","hentry","category-destaque-da-semana","category-destaques-do-dia","category-esporte","category-ultima-hora"],"_links":{"self":[{"href":"https:\/\/diarioregionaldigital.com.br\/index.php?rest_route=\/wp\/v2\/posts\/227671","targetHints":{"allow":["GET"]}}],"collection":[{"href":"https:\/\/diarioregionaldigital.com.br\/index.php?rest_route=\/wp\/v2\/posts"}],"about":[{"href":"https:\/\/diarioregionaldigital.com.br\/index.php?rest_route=\/wp\/v2\/types\/post"}],"author":[{"embeddable":true,"href":"https:\/\/diarioregionaldigital.com.br\/index.php?rest_route=\/wp\/v2\/users\/246"}],"replies":[{"embeddable":true,"href":"https:\/\/diarioregionaldigital.com.br\/index.php?rest_route=%2Fwp%2Fv2%2Fcomments&post=227671"}],"version-history":[{"count":1,"href":"https:\/\/diarioregionaldigital.com.br\/index.php?rest_route=\/wp\/v2\/posts\/227671\/revisions"}],"predecessor-version":[{"id":227673,"href":"https:\/\/diarioregionaldigital.com.br\/index.php?rest_route=\/wp\/v2\/posts\/227671\/revisions\/227673"}],"wp:featuredmedia":[{"embeddable":true,"href":"https:\/\/diarioregionaldigital.com.br\/index.php?rest_route=\/wp\/v2\/media\/227672"}],"wp:attachment":[{"href":"https:\/\/diarioregionaldigital.com.br\/index.php?rest_route=%2Fwp%2Fv2%2Fmedia&parent=227671"}],"wp:term":[{"taxonomy":"category","embeddable":true,"href":"https:\/\/diarioregionaldigital.com.br\/index.php?rest_route=%2Fwp%2Fv2%2Fcategories&post=227671"},{"taxonomy":"post_tag","embeddable":true,"href":"https:\/\/diarioregionaldigital.com.br\/index.php?rest_route=%2Fwp%2Fv2%2Ftags&post=227671"}],"curies":[{"name":"wp","href":"https:\/\/api.w.org\/{rel}","templated":true}]}}