{"id":227650,"date":"2025-04-07T13:44:34","date_gmt":"2025-04-07T16:44:34","guid":{"rendered":"https:\/\/diarioregionaldigital.com.br\/?p=227650"},"modified":"2025-04-07T13:44:34","modified_gmt":"2025-04-07T16:44:34","slug":"campanha-de-vacinacao-contra-gripe-comeca-nesta-segunda-7-veja-as-orientacoes","status":"publish","type":"post","link":"https:\/\/diarioregionaldigital.com.br\/?p=227650","title":{"rendered":"Campanha de vacina\u00e7\u00e3o contra Gripe come\u00e7a nesta segunda (7), veja as orienta\u00e7\u00f5es"},"content":{"rendered":"<p>Segundo informa\u00e7\u00f5es do site da Prefeitura de Juiz de Fora (PJF), a PJF iniciou nesta segunda-feira, 7, a Campanha de Vacina\u00e7\u00e3o contra a Influenza para o p\u00fablicos-alvo preconizados no in\u00edcio da campanha. A aplica\u00e7\u00e3o acontece durante a semana nas Unidades B\u00e1sicas de Sa\u00fade (UBS) do munic\u00edpio, a partir das 9h, e aos s\u00e1bados, das 8h \u00e0s 11h.<\/p>\n<p><strong>Veja os p\u00fablicos-alvo eleg\u00edveis para a campanha:<\/strong><\/p>\n<p>&#8211; crian\u00e7as de seis meses a menores de seis anos (5 anos, 11 meses e 29 dias);<br \/>\n&#8211; pessoas com 60 anos ou mais; as gestantes e pu\u00e9rperas (at\u00e9 45 dias p\u00f3s-parto);<br \/>\n&#8211; trabalhadores da sa\u00fade com 18 anos ou mais;<br \/>\n&#8211; trabalhadores dos Correios;<br \/>\n&#8211; os professores e professoras;<br \/>\n&#8211; pessoas em situa\u00e7\u00e3o de rua;<br \/>\n&#8211; profissionais das for\u00e7as de seguran\u00e7a, salvamento e das For\u00e7as Armadas;<br \/>\n&#8211; pessoas com doen\u00e7as cr\u00f4nicas n\u00e3o transmiss\u00edveis e outras condi\u00e7\u00f5es cl\u00ednicas especiais independentemente da idade;<br \/>\n&#8211; pessoas com defici\u00eancia permanente;<br \/>\n&#8211; caminhoneiros; trabalhadores de transporte coletivo rodovi\u00e1rio para passageiros urbanos e de longo curso;<br \/>\n&#8211; popula\u00e7\u00e3o privada de liberdade e funcion\u00e1rios do sistema de priva\u00e7\u00e3o de liberdade, adolescentes e jovens de 12 a 21 anos de idade sob medidas socioeducativas.<\/p>\n<p><strong>Sobre a vacina<\/strong><\/p>\n<p>A vacina\u00e7\u00e3o contra o v\u00edrus da gripe possibilita a preven\u00e7\u00e3o e o surgimento de complica\u00e7\u00f5es decorrentes da doen\u00e7a, \u00f3bitos e suas consequ\u00eancias sobre os servi\u00e7os de sa\u00fade, al\u00e9m de minimizar a carga da doen\u00e7a, reduzindo os sintomas, que podem ser confundidos com os da Covid-19.<\/p>\n<p>A vacina contra a Influenza pode ser recebida conjuntamente com os imunizantes contra a Covid-19 e outras vacinas sem qualquer tipo de problema.<\/p>\n<p><strong>Documenta\u00e7\u00e3o\u00a0<\/strong><\/p>\n<p>\u00c9 necess\u00e1rio apresentar documento de identifica\u00e7\u00e3o com foto, cart\u00e3o SUS ou Certid\u00e3o de Nascimento, al\u00e9m da caderneta de vacina\u00e7\u00e3o, para que seja avaliada tamb\u00e9m a necessidade da aplica\u00e7\u00e3o de outras vacinas.<\/p>\n<p>S\u00e3o considerados trabalhadores da sa\u00fade aqueles que atuam em espa\u00e7os e estabelecimentos de assist\u00eancia e vigil\u00e2ncia \u00e0 sa\u00fade, sejam eles hospitais, cl\u00ednicas, ambulat\u00f3rios, laborat\u00f3rios e outros locais.<\/p>\n<p>Assim, compreende tanto os profissionais da sa\u00fade, como m\u00e9dicos, enfermeiros, nutricionistas, fisioterapeutas, terapeutas ocupacionais, bi\u00f3logos, biom\u00e9dicos, farmac\u00eauticos, odontologistas, fonoaudi\u00f3logos, psic\u00f3logos, assistentes sociais, profissionais de educa\u00e7\u00e3o f\u00edsica, m\u00e9dicos veterin\u00e1rios e seus respectivos t\u00e9cnicos e auxiliares; quanto os trabalhadores de apoio, como recepcionistas, seguran\u00e7as, pessoal da limpeza, cozinheiros e auxiliares, motoristas de ambul\u00e2ncias e outros, ou seja, aqueles que trabalham nos servi\u00e7os de sa\u00fade, mas que n\u00e3o est\u00e3o prestando servi\u00e7os diretos de assist\u00eancia \u00e0 sa\u00fade das pessoas.<\/p>\n<p>Incluem-se, ainda, aqueles profissionais que atuam em cuidados domiciliares, como os cuidadores de idosos e doulas\/parteiras. A vacina tamb\u00e9m ser\u00e1 ofertada aos estudantes da \u00e1rea da sa\u00fade que estiverem prestando atendimento na assist\u00eancia dos servi\u00e7os de sa\u00fade.<\/p>\n<p>Para fins de comprova\u00e7\u00e3o, os trabalhadores de sa\u00fade devem levar documenta\u00e7\u00e3o que comprove o v\u00ednculo ativo. Os profissionais do transporte e caminhoneiros, assim como os de seguran\u00e7a e salvamento e das For\u00e7as Armadas tamb\u00e9m precisam apresentar documento que comprove o exerc\u00edcio efetivo da fun\u00e7\u00e3o.<\/p>\n<p>No caso dos professores, dever\u00e3o receber a vacina influenza mediante apresenta\u00e7\u00e3o de documento que comprove sua vincula\u00e7\u00e3o ativa como professor. Todos os professores das escolas do ensino b\u00e1sico (creche, pr\u00e9-escolas, ensino fundamental, ensino m\u00e9dio, profissionalizantes e EJA) e superior, de car\u00e1ter p\u00fablico e privado.<\/p>\n","protected":false},"excerpt":{"rendered":"<p>Segundo informa\u00e7\u00f5es do site da Prefeitura de Juiz de Fora (PJF), a PJF iniciou nesta segunda-feira, 7, a Campanha de Vacina\u00e7\u00e3o contra a Influenza para o p\u00fablicos-alvo preconizados no in\u00edcio da campanha. A aplica\u00e7\u00e3o acontece durante a semana nas Unidades B\u00e1sicas de Sa\u00fade (UBS) do munic\u00edpio, a partir das 9h, e aos s\u00e1bados, das 8h [&hellip;]<\/p>\n","protected":false},"author":246,"featured_media":227651,"comment_status":"closed","ping_status":"closed","sticky":false,"template":"","format":"standard","meta":{"footnotes":""},"categories":[253,436,439],"tags":[],"class_list":["post-227650","post","type-post","status-publish","format-standard","has-post-thumbnail","hentry","category-cidade","category-destaque-da-semana","category-ultima-hora"],"_links":{"self":[{"href":"https:\/\/diarioregionaldigital.com.br\/index.php?rest_route=\/wp\/v2\/posts\/227650","targetHints":{"allow":["GET"]}}],"collection":[{"href":"https:\/\/diarioregionaldigital.com.br\/index.php?rest_route=\/wp\/v2\/posts"}],"about":[{"href":"https:\/\/diarioregionaldigital.com.br\/index.php?rest_route=\/wp\/v2\/types\/post"}],"author":[{"embeddable":true,"href":"https:\/\/diarioregionaldigital.com.br\/index.php?rest_route=\/wp\/v2\/users\/246"}],"replies":[{"embeddable":true,"href":"https:\/\/diarioregionaldigital.com.br\/index.php?rest_route=%2Fwp%2Fv2%2Fcomments&post=227650"}],"version-history":[{"count":1,"href":"https:\/\/diarioregionaldigital.com.br\/index.php?rest_route=\/wp\/v2\/posts\/227650\/revisions"}],"predecessor-version":[{"id":227652,"href":"https:\/\/diarioregionaldigital.com.br\/index.php?rest_route=\/wp\/v2\/posts\/227650\/revisions\/227652"}],"wp:featuredmedia":[{"embeddable":true,"href":"https:\/\/diarioregionaldigital.com.br\/index.php?rest_route=\/wp\/v2\/media\/227651"}],"wp:attachment":[{"href":"https:\/\/diarioregionaldigital.com.br\/index.php?rest_route=%2Fwp%2Fv2%2Fmedia&parent=227650"}],"wp:term":[{"taxonomy":"category","embeddable":true,"href":"https:\/\/diarioregionaldigital.com.br\/index.php?rest_route=%2Fwp%2Fv2%2Fcategories&post=227650"},{"taxonomy":"post_tag","embeddable":true,"href":"https:\/\/diarioregionaldigital.com.br\/index.php?rest_route=%2Fwp%2Fv2%2Ftags&post=227650"}],"curies":[{"name":"wp","href":"https:\/\/api.w.org\/{rel}","templated":true}]}}