{"id":227606,"date":"2025-04-04T19:49:08","date_gmt":"2025-04-04T22:49:08","guid":{"rendered":"https:\/\/diarioregionaldigital.com.br\/?p=227606"},"modified":"2025-04-04T19:49:08","modified_gmt":"2025-04-04T22:49:08","slug":"prefeitura-de-juiz-de-fora-regulamenta-jornada-de-30-horas-semanais-para-servidores","status":"publish","type":"post","link":"https:\/\/diarioregionaldigital.com.br\/?p=227606","title":{"rendered":"Prefeitura de Juiz de Fora regulamenta jornada de 30 horas semanais para servidores"},"content":{"rendered":"<p>Segundo informa\u00e7\u00f5es do site da Prefeitura de Juiz de Fora (PJF), a\u00a0partir da pr\u00f3xima segunda-feira, 7, os servidores efetivos que n\u00e3o exercem cargos de dire\u00e7\u00e3o, chefia, assessoramento ou fun\u00e7\u00f5es gratificadas, poder\u00e3o fazer a jornada de 30 horas de trabalho por semana na Prefeitura de Juiz de Fora (PJF). A pol\u00edtica inicia-se com as secret\u00e1rias e secret\u00e1rios escolares e funcion\u00e1rios administrativos. Eles agora cumprem turno \u00fanico, de seis horas di\u00e1rias, entre 7h e 19h, nos dias \u00fateis. As jornadas est\u00e3o sendo estabelecidas pelas respectivas secretarias, assegurando que nenhum departamento ou gabinete fique desassistido durante o hor\u00e1rio de expediente. Ajustes para situa\u00e7\u00f5es espec\u00edficas, como plant\u00f5es, ser\u00e3o informadas, posteriormente, por secretaria.<\/p>\n<p>\u201c\u00c9 mais uma conquista hist\u00f3rica para os trabalhadores da prefeitura, uma grande not\u00edcia. N\u00f3s vamos garantir o direito aos trabalhadores e trabalhadoras ao devido descanso, sem desassistir a nossa popula\u00e7\u00e3o. Por isso, estamos implementando essa pol\u00edtica de modo gradual, de forma a atender a 100% dos trabalhadores e trabalhadoras ainda no primeiro semestre\u201d, destacou o Secret\u00e1rio de Recursos Humanos (SRH), Matheus Jacometti.<\/p>\n<p>Num segundo momento, a partir do dia 1\u00ba de maio, dia do trabalho, t\u00eam redu\u00e7\u00e3o na escala sem redu\u00e7\u00e3o salarial, os trabalhadores das equipes operacionais, tais como: motoristas, agentes de tr\u00e2nsito, guardas municipais, fiscais de posturas, empregados da Empresa Municipal de Pavimenta\u00e7\u00e3o e Urbanidades (EMPAV), empregados e servidores do Departamento Municipal de Limpeza Urbana (DEMLURB), motoristas, e Secretaria de Obras.<\/p>\n<p>J\u00e1 no dia 1\u00ba de junho, servidores e empregados da Secretaria de Sa\u00fade da Aten\u00e7\u00e3o Prim\u00e1ria \u00e0 Sa\u00fade (APS), da Aten\u00e7\u00e3o Secund\u00e1ria e de outros setores da Rede de Urg\u00eancia e Emerg\u00eancia (RUE) e do Hospital de Pronto Socorro (HPS) passam a integrar a jornada de escala de 30h semanais.<\/p>\n<p>Confira o\u00a0<a href=\"https:\/\/www.instagram.com\/p\/DICfXHNOFxY\/\">v\u00eddeo<\/a><\/p>\n<p>&nbsp;<\/p>\n","protected":false},"excerpt":{"rendered":"<p>Segundo informa\u00e7\u00f5es do site da Prefeitura de Juiz de Fora (PJF), a\u00a0partir da pr\u00f3xima segunda-feira, 7, os servidores efetivos que n\u00e3o exercem cargos de dire\u00e7\u00e3o, chefia, assessoramento ou fun\u00e7\u00f5es gratificadas, poder\u00e3o fazer a jornada de 30 horas de trabalho por semana na Prefeitura de Juiz de Fora (PJF). A pol\u00edtica inicia-se com as secret\u00e1rias e [&hellip;]<\/p>\n","protected":false},"author":246,"featured_media":227607,"comment_status":"closed","ping_status":"closed","sticky":false,"template":"","format":"standard","meta":{"footnotes":""},"categories":[253,436,440,439],"tags":[],"class_list":["post-227606","post","type-post","status-publish","format-standard","has-post-thumbnail","hentry","category-cidade","category-destaque-da-semana","category-destaques-do-dia","category-ultima-hora"],"_links":{"self":[{"href":"https:\/\/diarioregionaldigital.com.br\/index.php?rest_route=\/wp\/v2\/posts\/227606","targetHints":{"allow":["GET"]}}],"collection":[{"href":"https:\/\/diarioregionaldigital.com.br\/index.php?rest_route=\/wp\/v2\/posts"}],"about":[{"href":"https:\/\/diarioregionaldigital.com.br\/index.php?rest_route=\/wp\/v2\/types\/post"}],"author":[{"embeddable":true,"href":"https:\/\/diarioregionaldigital.com.br\/index.php?rest_route=\/wp\/v2\/users\/246"}],"replies":[{"embeddable":true,"href":"https:\/\/diarioregionaldigital.com.br\/index.php?rest_route=%2Fwp%2Fv2%2Fcomments&post=227606"}],"version-history":[{"count":1,"href":"https:\/\/diarioregionaldigital.com.br\/index.php?rest_route=\/wp\/v2\/posts\/227606\/revisions"}],"predecessor-version":[{"id":227608,"href":"https:\/\/diarioregionaldigital.com.br\/index.php?rest_route=\/wp\/v2\/posts\/227606\/revisions\/227608"}],"wp:featuredmedia":[{"embeddable":true,"href":"https:\/\/diarioregionaldigital.com.br\/index.php?rest_route=\/wp\/v2\/media\/227607"}],"wp:attachment":[{"href":"https:\/\/diarioregionaldigital.com.br\/index.php?rest_route=%2Fwp%2Fv2%2Fmedia&parent=227606"}],"wp:term":[{"taxonomy":"category","embeddable":true,"href":"https:\/\/diarioregionaldigital.com.br\/index.php?rest_route=%2Fwp%2Fv2%2Fcategories&post=227606"},{"taxonomy":"post_tag","embeddable":true,"href":"https:\/\/diarioregionaldigital.com.br\/index.php?rest_route=%2Fwp%2Fv2%2Ftags&post=227606"}],"curies":[{"name":"wp","href":"https:\/\/api.w.org\/{rel}","templated":true}]}}