{"id":227603,"date":"2025-04-04T19:44:48","date_gmt":"2025-04-04T22:44:48","guid":{"rendered":"https:\/\/diarioregionaldigital.com.br\/?p=227603"},"modified":"2025-04-04T19:44:48","modified_gmt":"2025-04-04T22:44:48","slug":"goalball-selecao-bate-montenegro-e-alemanha-em-estreia-na-nations-cup","status":"publish","type":"post","link":"https:\/\/diarioregionaldigital.com.br\/?p=227603","title":{"rendered":"Goalball: sele\u00e7\u00e3o bate Montenegro e Alemanha em estreia na Nations Cup"},"content":{"rendered":"<p>A sele\u00e7\u00e3o brasileira masculina de goalball emplacou duas vit\u00f3rias nesta sexta-feira (4), primeiro dia competi\u00e7\u00f5es da Nations Cup (Copa das Na\u00e7\u00f5es), em Berlim (Alemanha). Atuais campe\u00f5es, os brasileiros aplicaram 11 a 1 no jogo de estreia contra Montenegro e, na sequ\u00eancia, derrotaram a anfitri\u00e3 Alemanha, por 11 a 9, ap\u00f3s um embate acirrado. Neste s\u00e1bado (5), \u00e0s 6h15 (hor\u00e1rio de Bras\u00edlia), a sele\u00e7\u00e3o, bronze paral\u00edmpico nos Jogos de Paris, encara a Pol\u00f4nia na \u00faltima partida da fase de grupos. O torneio tem\u00a0<a href=\"https:\/\/www.gbnc-berlin.de\/livestream\"><strong>transmiss\u00e3o ao vivo<\/strong><\/a>\u00a0na internet.<img decoding=\"async\" src=\"https:\/\/agenciabrasil.ebc.com.br\/ebc.png?id=1637627&amp;o=node\" \/><img decoding=\"async\" src=\"https:\/\/agenciabrasil.ebc.com.br\/ebc.gif?id=1637627&amp;o=node\" \/><\/p>\n<p>A Nations Cup re\u00fane 16 sele\u00e7\u00f5es, entre elas est\u00e3o as medalhistas paral\u00edmpicas em Paris \u2013 al\u00e9m do Brasil, o Jap\u00e3o (ouro) e a Ucr\u00e2nia (prata). As equipes est\u00e3o divididas em quatro chaves: Grupo A (Ucr\u00e2nia Coreia do Sul, Israel e Dinamarca); Grupo B (Estados Unidos, Su\u00e9cia, Gr\u00e3-Bretanha e Espanha); Grupo C (Brasil, Alemanha, Montenegro e Pol\u00f4nia) e Grupo D (Jap\u00e3o, Portugal, Austr\u00e1lia e Finl\u00e2ndia).<\/p>\n<p>Neste s\u00e1bado ocorrem as \u00faltimas partidas da fase de grupos (classificat\u00f3ria) e tamb\u00e9m os jogos das quartas de final. J\u00e1 as semifinais e a decis\u00e3o do t\u00edtulo ser\u00e3o no domingo (6).<\/p>\n<p>A sele\u00e7\u00e3o Alex &#8220;Labrador&#8221;, Denis,\u00a0Emerson, Leomon Moreno, Mizael e Sharlley.<\/p>\n<p>Fonte: Ag\u00eancia Brasil<\/p>\n","protected":false},"excerpt":{"rendered":"<p>A sele\u00e7\u00e3o brasileira masculina de goalball emplacou duas vit\u00f3rias nesta sexta-feira (4), primeiro dia competi\u00e7\u00f5es da Nations Cup (Copa das Na\u00e7\u00f5es), em Berlim (Alemanha). Atuais campe\u00f5es, os brasileiros aplicaram 11 a 1 no jogo de estreia contra Montenegro e, na sequ\u00eancia, derrotaram a anfitri\u00e3 Alemanha, por 11 a 9, ap\u00f3s um embate acirrado. Neste s\u00e1bado [&hellip;]<\/p>\n","protected":false},"author":246,"featured_media":227604,"comment_status":"closed","ping_status":"closed","sticky":false,"template":"","format":"standard","meta":{"footnotes":""},"categories":[436,440,257,439],"tags":[],"class_list":["post-227603","post","type-post","status-publish","format-standard","has-post-thumbnail","hentry","category-destaque-da-semana","category-destaques-do-dia","category-esporte","category-ultima-hora"],"_links":{"self":[{"href":"https:\/\/diarioregionaldigital.com.br\/index.php?rest_route=\/wp\/v2\/posts\/227603","targetHints":{"allow":["GET"]}}],"collection":[{"href":"https:\/\/diarioregionaldigital.com.br\/index.php?rest_route=\/wp\/v2\/posts"}],"about":[{"href":"https:\/\/diarioregionaldigital.com.br\/index.php?rest_route=\/wp\/v2\/types\/post"}],"author":[{"embeddable":true,"href":"https:\/\/diarioregionaldigital.com.br\/index.php?rest_route=\/wp\/v2\/users\/246"}],"replies":[{"embeddable":true,"href":"https:\/\/diarioregionaldigital.com.br\/index.php?rest_route=%2Fwp%2Fv2%2Fcomments&post=227603"}],"version-history":[{"count":1,"href":"https:\/\/diarioregionaldigital.com.br\/index.php?rest_route=\/wp\/v2\/posts\/227603\/revisions"}],"predecessor-version":[{"id":227605,"href":"https:\/\/diarioregionaldigital.com.br\/index.php?rest_route=\/wp\/v2\/posts\/227603\/revisions\/227605"}],"wp:featuredmedia":[{"embeddable":true,"href":"https:\/\/diarioregionaldigital.com.br\/index.php?rest_route=\/wp\/v2\/media\/227604"}],"wp:attachment":[{"href":"https:\/\/diarioregionaldigital.com.br\/index.php?rest_route=%2Fwp%2Fv2%2Fmedia&parent=227603"}],"wp:term":[{"taxonomy":"category","embeddable":true,"href":"https:\/\/diarioregionaldigital.com.br\/index.php?rest_route=%2Fwp%2Fv2%2Fcategories&post=227603"},{"taxonomy":"post_tag","embeddable":true,"href":"https:\/\/diarioregionaldigital.com.br\/index.php?rest_route=%2Fwp%2Fv2%2Ftags&post=227603"}],"curies":[{"name":"wp","href":"https:\/\/api.w.org\/{rel}","templated":true}]}}