{"id":227600,"date":"2025-04-04T19:41:31","date_gmt":"2025-04-04T22:41:31","guid":{"rendered":"https:\/\/diarioregionaldigital.com.br\/?p=227600"},"modified":"2025-04-04T19:41:31","modified_gmt":"2025-04-04T22:41:31","slug":"secretaria-de-saude-de-minas-realiza-seminario-de-vigilancia-sobre-regulamentacao-dos-servicos-de-estetica","status":"publish","type":"post","link":"https:\/\/diarioregionaldigital.com.br\/?p=227600","title":{"rendered":"Secretaria de Sa\u00fade de Minas realiza semin\u00e1rio de vigil\u00e2ncia sobre regulamenta\u00e7\u00e3o dos servi\u00e7os de est\u00e9tica"},"content":{"rendered":"<p>A\u00a0<a href=\"https:\/\/www.saude.mg.gov.br\/\" target=\"_blank\" rel=\"noopener\">Secretaria de Estado de Sa\u00fade de Minas Gerais (SES-MG)<\/a>\u00a0realizou, em parceria com o Conselho Regional de Farm\u00e1cia de Minas Gerais (CRF-MG), o Semin\u00e1rio de Vigil\u00e2ncia em Sa\u00fade sobre Servi\u00e7os em Est\u00e9tica, nesta sexta-feira (4\/4), em Belo Horizonte.<\/p>\n<p>O evento ocorreu no audit\u00f3rio da PUC Minas e contou com a participa\u00e7\u00e3o de profissionais dos conselhos regionais de Farm\u00e1cia, Biomedicina, Odontologia, Fisioterapia e Enfermagem, al\u00e9m de profissionais da vigil\u00e2ncia sanit\u00e1ria, estadual e de munic\u00edpios, e profissionais esteticistas interessados. O objetivo foi discutir a regulamenta\u00e7\u00e3o dos servi\u00e7os de est\u00e9tica, ap\u00f3s alguns desses conselhos profissionais autorizarem a realiza\u00e7\u00e3o de procedimentos desse tipo.<\/p>\n<p>A programa\u00e7\u00e3o teve a apresenta\u00e7\u00e3o dos requisitos sanit\u00e1rios necess\u00e1rios para o funcionamento dos servi\u00e7os de est\u00e9tica e a discuss\u00e3o, entre os conselhos de classe, dos campos de atua\u00e7\u00e3o de cada profissional (odontologistas, biom\u00e9dicos, farmac\u00eauticos e m\u00e9dicos).<\/p>\n<p>O superintendente de Vigil\u00e2ncia Sanit\u00e1ria da SES-MG, Filipe Laguardia, destacou a atualidade da discuss\u00e3o e anunciou outras iniciativas. \u201cEsse semin\u00e1rio \u00e9 muito importante, dado que v\u00e1rias classes profissionais t\u00eam realizado procedimentos est\u00e9ticos e \u00e9 essencial debatermos sobre isso\u201d.<\/p>\n<table border=\"0\" cellspacing=\"1\" cellpadding=\"1\" align=\"center\">\n<tbody>\n<tr>\n<td colspan=\"5\"><img decoding=\"async\" src=\"https:\/\/www.agenciaminas.mg.gov.br\/ckeditor_assets\/pictures\/20949\/content_2_olho_topo.jpg\" alt=\"\" \/><\/td>\n<\/tr>\n<tr>\n<td><\/td>\n<td colspan=\"3\" rowspan=\"3\">\n<h1><strong>&#8220;\u00c9 preciso que fiquem claros quais s\u00e3o os requisitos e ambientes que esses procedimentos podem acontecer e as boas pr\u00e1ticas que precisam ser seguidas&#8221;, afirmou Filipe Laguardia.<\/strong><\/h1>\n<\/td>\n<td><\/td>\n<\/tr>\n<tr>\n<td><\/td>\n<td><\/td>\n<\/tr>\n<tr>\n<td><\/td>\n<td><\/td>\n<\/tr>\n<tr>\n<td colspan=\"5\"><img decoding=\"async\" src=\"https:\/\/www.agenciaminas.mg.gov.br\/ckeditor_assets\/pictures\/20950\/content_2_olho_inferior.jpg\" alt=\"\" \/><\/td>\n<\/tr>\n<\/tbody>\n<\/table>\n<p>Ele complementou que, ao longo de 2025, j\u00e1 est\u00e1 prevista uma s\u00e9rie de eventos para qualificar, treinar e capacitar tanto profissionais dos conselhos de classe quanto da vigil\u00e2ncia sanit\u00e1ria. \u201cNosso objetivo \u00e9 promover, junto aos conselhos de classe, fiscais e profissionais de est\u00e9tica, uma fiscaliza\u00e7\u00e3o orientadora e humanit\u00e1ria para garantir a seguran\u00e7a desses servi\u00e7os\u201d, disse o superintendente de Vigil\u00e2ncia Sanit\u00e1ria da SES-MG.<\/p>\n<p>No semin\u00e1rio, houve apresenta\u00e7\u00f5es de servidores e refer\u00eancias t\u00e9cnicas da SES-MG sobre diversos temas, como a classifica\u00e7\u00e3o de risco e regulamenta\u00e7\u00e3o sanit\u00e1ria dos servi\u00e7os de est\u00e9tica no estado, avalia\u00e7\u00e3o de projetos arquitet\u00f4nicos desses servi\u00e7os, seguran\u00e7a do paciente aplicada aos servi\u00e7os de est\u00e9tica e regularidade de estabelecimentos e produtos sujeitos ao controle sanit\u00e1rio.<\/p>\n<p>Tamb\u00e9m foram abordados, ao longo do dia, as normas sanit\u00e1rias federais aplicadas aos servi\u00e7os de est\u00e9tica, a prescri\u00e7\u00e3o est\u00e9tica segura e eficaz e o papel do farmac\u00eautico magistral, al\u00e9m das boas pr\u00e1ticas nas cl\u00ednicas e os desafios e solu\u00e7\u00f5es na est\u00e9tica.<\/p>\n<p><strong>Trabalho conjunto<\/strong><\/p>\n<p>A presidente do CRF-MG, M\u00e1rcia Alfenas, ressaltou que a colabora\u00e7\u00e3o entre a Vigil\u00e2ncia Sanit\u00e1ria e os conselhos de classe \u00e9 fundamental para garantir a sa\u00fade e o bem estar da popula\u00e7\u00e3o. A parceria permite a troca de informa\u00e7\u00f5es e a elabora\u00e7\u00e3o de diretrizes conjuntas que favorecem a atua\u00e7\u00e3o respons\u00e1vel e segura, garantindo a seguran\u00e7a dos pacientes.<\/p>\n<p>\u201cDesde que firmamos esta colabora\u00e7\u00e3o, no \u00faltimo ano, v\u00e1rios eventos surgiram e esta parceria tem nos trazido muito orgulho, pois a qualifica\u00e7\u00e3o \u00e9 uma frente fundamental do Conselho de Farm\u00e1cia\u201d,\u00a0 destacou a presidente do CRF-MG.<\/p>\n<p>Fonte: Ag\u00eancia Minas<\/p>\n","protected":false},"excerpt":{"rendered":"<p>A\u00a0Secretaria de Estado de Sa\u00fade de Minas Gerais (SES-MG)\u00a0realizou, em parceria com o Conselho Regional de Farm\u00e1cia de Minas Gerais (CRF-MG), o Semin\u00e1rio de Vigil\u00e2ncia em Sa\u00fade sobre Servi\u00e7os em Est\u00e9tica, nesta sexta-feira (4\/4), em Belo Horizonte. O evento ocorreu no audit\u00f3rio da PUC Minas e contou com a participa\u00e7\u00e3o de profissionais dos conselhos regionais [&hellip;]<\/p>\n","protected":false},"author":246,"featured_media":227601,"comment_status":"closed","ping_status":"closed","sticky":false,"template":"","format":"standard","meta":{"footnotes":""},"categories":[436,261,254,439],"tags":[],"class_list":["post-227600","post","type-post","status-publish","format-standard","has-post-thumbnail","hentry","category-destaque-da-semana","category-economia","category-politica","category-ultima-hora"],"_links":{"self":[{"href":"https:\/\/diarioregionaldigital.com.br\/index.php?rest_route=\/wp\/v2\/posts\/227600","targetHints":{"allow":["GET"]}}],"collection":[{"href":"https:\/\/diarioregionaldigital.com.br\/index.php?rest_route=\/wp\/v2\/posts"}],"about":[{"href":"https:\/\/diarioregionaldigital.com.br\/index.php?rest_route=\/wp\/v2\/types\/post"}],"author":[{"embeddable":true,"href":"https:\/\/diarioregionaldigital.com.br\/index.php?rest_route=\/wp\/v2\/users\/246"}],"replies":[{"embeddable":true,"href":"https:\/\/diarioregionaldigital.com.br\/index.php?rest_route=%2Fwp%2Fv2%2Fcomments&post=227600"}],"version-history":[{"count":1,"href":"https:\/\/diarioregionaldigital.com.br\/index.php?rest_route=\/wp\/v2\/posts\/227600\/revisions"}],"predecessor-version":[{"id":227602,"href":"https:\/\/diarioregionaldigital.com.br\/index.php?rest_route=\/wp\/v2\/posts\/227600\/revisions\/227602"}],"wp:featuredmedia":[{"embeddable":true,"href":"https:\/\/diarioregionaldigital.com.br\/index.php?rest_route=\/wp\/v2\/media\/227601"}],"wp:attachment":[{"href":"https:\/\/diarioregionaldigital.com.br\/index.php?rest_route=%2Fwp%2Fv2%2Fmedia&parent=227600"}],"wp:term":[{"taxonomy":"category","embeddable":true,"href":"https:\/\/diarioregionaldigital.com.br\/index.php?rest_route=%2Fwp%2Fv2%2Fcategories&post=227600"},{"taxonomy":"post_tag","embeddable":true,"href":"https:\/\/diarioregionaldigital.com.br\/index.php?rest_route=%2Fwp%2Fv2%2Ftags&post=227600"}],"curies":[{"name":"wp","href":"https:\/\/api.w.org\/{rel}","templated":true}]}}