{"id":227596,"date":"2025-04-04T19:40:25","date_gmt":"2025-04-04T22:40:25","guid":{"rendered":"https:\/\/diarioregionaldigital.com.br\/?p=227596"},"modified":"2025-04-04T19:40:25","modified_gmt":"2025-04-04T22:40:25","slug":"governo-de-minas-anuncia-ferramenta-de-exercicios-inedita-para-estudantes-e-educadores-da-rede-publica-estadual-de-ensino","status":"publish","type":"post","link":"https:\/\/diarioregionaldigital.com.br\/?p=227596","title":{"rendered":"Governo de Minas anuncia ferramenta de exerc\u00edcios in\u00e9dita para estudantes e educadores da rede p\u00fablica estadual de ensino"},"content":{"rendered":"<p><main class=\"clear margin-md-bottom-3\"><\/p>\n<div class=\"clear \">\n<p>O vice-governador de Minas Gerais, Mateus Sim\u00f5es, participou, nesta sexta-feira (4\/4), do an\u00fancio da ferramenta\u00a0<a href=\"https:\/\/blog.google\/intl\/pt-br\/novidades\/educacao-personalizada-com-tecnologia-e-inteligencia-artificial\/\" target=\"_blank\" rel=\"noopener\">S\u00e9rie de Exerc\u00edcios<\/a>, recurso desenvolvido pelo Google em parceira com a\u00a0<a href=\"http:\/\/www.educacao.mg.gov.br\/\" target=\"_blank\" rel=\"noopener\">Secretaria de Estado de Educa\u00e7\u00e3o de Minas Gerais (SEE\/MG)<\/a>. O sistema \u00e9\u00a0customizado exclusivamente para atender \u00e0s necessidades da rede p\u00fablica estadual de ensino de Minas Gerais.<\/p>\n<p>Iniciativa pioneira no mundo, a plataforma disponibiliza aos estudantes um ambiente de aprendizagem interativo e adapt\u00e1vel \u00e0s necessidades de cada um. J\u00e1 os professores\u00a0ter\u00e3o acesso a ferramentas avan\u00e7adas para planejar aulas, monitorar o desempenho dos estudantes e desenvolver planos de ensino baseados nas dificuldades e desafios individuais.<\/p>\n<table border=\"0\" cellspacing=\"1\" cellpadding=\"1\" align=\"center\">\n<tbody>\n<tr>\n<td colspan=\"5\"><img decoding=\"async\" src=\"https:\/\/www.agenciaminas.mg.gov.br\/ckeditor_assets\/pictures\/20949\/content_2_olho_topo.jpg\" alt=\"\" \/><\/td>\n<\/tr>\n<tr>\n<td><\/td>\n<td colspan=\"3\" rowspan=\"3\">\n<h1><strong>&#8220;Esta parceria vai fortalecer o aprendizado do aluno. Quando ele tiver uma resposta errada, a plataforma avisa e fornece um material de estudo com base no erro. Isso faz com que ele aprenda quest\u00f5es na qual\u00a0tem dificuldade. Este \u00e9 um avan\u00e7o muito importante, pois muda muito a forma de prepara\u00e7\u00e3o de conte\u00fado e os professores conseguem detectar as disciplinas que cada estudante tem dificuldade&#8221;, destacou o vice-governador\u00a0Mateus Sim\u00f5es.<\/strong><\/h1>\n<\/td>\n<td><\/td>\n<\/tr>\n<tr>\n<td><\/td>\n<td><\/td>\n<\/tr>\n<tr>\n<td><\/td>\n<td><\/td>\n<\/tr>\n<tr>\n<td colspan=\"5\"><img decoding=\"async\" src=\"https:\/\/www.agenciaminas.mg.gov.br\/ckeditor_assets\/pictures\/20950\/content_2_olho_inferior.jpg\" alt=\"\" \/><\/td>\n<\/tr>\n<\/tbody>\n<\/table>\n<p>O secret\u00e1rio de Estado de Educa\u00e7\u00e3o, Igor de Alvarenga ressaltou que a\u00a0parceria com o\u00a0Google capacita os estudantes\u00a0e melhora a din\u00e2mica de trabalho dos professores.<\/p>\n<table border=\"0\" cellspacing=\"1\" cellpadding=\"1\" align=\"center\">\n<tbody>\n<tr>\n<td colspan=\"5\"><img decoding=\"async\" src=\"https:\/\/www.agenciaminas.mg.gov.br\/ckeditor_assets\/pictures\/20949\/content_2_olho_topo.jpg\" alt=\"\" \/><\/td>\n<\/tr>\n<tr>\n<td><\/td>\n<td colspan=\"3\" rowspan=\"3\">\n<h1><strong>&#8220;Esta \u00e9 uma parceria in\u00e9dita no mundo inteiro. \u00c9 uma tecnologia de ponta que traz modernidade para a nossa rede de ensino&#8221;, enfatizou o secret\u00e1rio\u00a0Igor de Alvarenga.<\/strong><\/h1>\n<\/td>\n<td><\/td>\n<\/tr>\n<tr>\n<td><\/td>\n<td><\/td>\n<\/tr>\n<tr>\n<td><\/td>\n<td><\/td>\n<\/tr>\n<tr>\n<td colspan=\"5\"><img decoding=\"async\" src=\"https:\/\/www.agenciaminas.mg.gov.br\/ckeditor_assets\/pictures\/20950\/content_2_olho_inferior.jpg\" alt=\"\" \/><\/td>\n<\/tr>\n<\/tbody>\n<\/table>\n<p><strong>Experi\u00eancia personalizada<\/strong><\/p>\n<p>A plataforma foi especialmente desenvolvida em alinhamento com o Curr\u00edculo Refer\u00eancia de Minas Gerais (CRMG), documento norteador do\u00a0<a href=\"http:\/\/www.mg.gov.br\/\" target=\"_blank\" rel=\"noopener\">Governo de Minas<\/a>. A personaliza\u00e7\u00e3o do S\u00e9rie de Exerc\u00edcios se destaca pela integra\u00e7\u00e3o digital com o banco de dados da SEE\/MG.<\/p>\n<p>O Estado investiu cerca de R$ 30,6 milh\u00f5es e a\u00a0ado\u00e7\u00e3o do S\u00e9rie de Exerc\u00edcios e demais ferramentas do\u00a0<em>Google Workspace for Education Plus<\/em>\u00a0beneficiar\u00e1 aproximadamente 245 mil servidores, al\u00e9m de 1,3 milh\u00e3o de alunos matriculados nos anos finais do ensino fundamental, ensino m\u00e9dio e na Educa\u00e7\u00e3o de Jovens e Adultos (EJA).<\/p>\n<p><strong>Moderniza\u00e7\u00e3o da educa\u00e7\u00e3o<\/strong><\/p>\n<p>Um dos principais avan\u00e7os da ferramenta\u00a0\u00e9 direcionar alunos para diferentes recursos de aprendizagem, conforme as\u00a0escolhas e desafios identificados durante o processo educativo. Al\u00e9m disso, o AI Tutor, uma intelig\u00eancia artificial presente na plataforma, reconhece as dificuldades enfrentadas pelos estudantes e sugere estrat\u00e9gias espec\u00edficas para otimizar o ensino, conforme cada experi\u00eancia.<\/p>\n<p>Outro diferencial da ferramenta \u00e9 a possibilidade de feedback instant\u00e2neo, permitindo que os alunos recebam orienta\u00e7\u00f5es imediatas sobre seu progresso e tenham \u00e0 disposi\u00e7\u00e3o diferentes recursos de aprendizagem. O mecanismo favorece um aprendizado mais significativo, ajudando a reduzir poss\u00edveis lacunas e dificuldades.<\/p>\n<p><strong>Tecnologia avan\u00e7ada<\/strong><\/p>\n<p>O S\u00e9rie de Exerc\u00edcios integra um conjunto de funcionalidades avan\u00e7adas do\u00a0<em>Google Workspace for Education Plus<\/em>. O pacote inclui an\u00e1lise de dados para acompanhamento detalhado do desempenho dos alunos, maior capacidade de armazenamento em nuvem para facilitar o acesso a materiais did\u00e1ticos, grava\u00e7\u00e3o e transcri\u00e7\u00e3o de reuni\u00f5es no Google Meet, cria\u00e7\u00e3o de enquetes para estimular a participa\u00e7\u00e3o ativa dos estudantes e a expans\u00e3o das salas de videoconfer\u00eancia para at\u00e9 500 participantes, com transmiss\u00e3o ao vivo para at\u00e9 100 mil pessoas.<\/p>\n<p>A plataforma tamb\u00e9m conta com uma biblioteca que disponibiliza relat\u00f3rios de pl\u00e1gio para auxiliar na avalia\u00e7\u00e3o acad\u00eamica, o Google Cloud Search para pesquisas personalizadas e o AppSheet, uma ferramenta no Code que permite a cria\u00e7\u00e3o de aplicativos educacionais por professores e estudantes.<\/p>\n<p>Ao trazer tecnologia avan\u00e7ada para a sala de aula, os professores do estado de Minas Gerais v\u00e3o ter ferramentas para desenvolver e acompanhar o aprendizado dos estudantes\u00a0de forma mais adaptativa e individualizada, permitindo potencializar e incrementar ainda mais\u00a0no aprendizado dos matriculados na rede.<\/p>\n<p>Fonte: Ag\u00eancia Minas<\/p>\n<\/div>\n<p><\/main><\/p>\n","protected":false},"excerpt":{"rendered":"<p>O vice-governador de Minas Gerais, Mateus Sim\u00f5es, participou, nesta sexta-feira (4\/4), do an\u00fancio da ferramenta\u00a0S\u00e9rie de Exerc\u00edcios, recurso desenvolvido pelo Google em parceira com a\u00a0Secretaria de Estado de Educa\u00e7\u00e3o de Minas Gerais (SEE\/MG). O sistema \u00e9\u00a0customizado exclusivamente para atender \u00e0s necessidades da rede p\u00fablica estadual de ensino de Minas Gerais. Iniciativa pioneira no mundo, a [&hellip;]<\/p>\n","protected":false},"author":246,"featured_media":227598,"comment_status":"closed","ping_status":"closed","sticky":false,"template":"","format":"standard","meta":{"footnotes":""},"categories":[436,261,254,439],"tags":[],"class_list":["post-227596","post","type-post","status-publish","format-standard","has-post-thumbnail","hentry","category-destaque-da-semana","category-economia","category-politica","category-ultima-hora"],"_links":{"self":[{"href":"https:\/\/diarioregionaldigital.com.br\/index.php?rest_route=\/wp\/v2\/posts\/227596","targetHints":{"allow":["GET"]}}],"collection":[{"href":"https:\/\/diarioregionaldigital.com.br\/index.php?rest_route=\/wp\/v2\/posts"}],"about":[{"href":"https:\/\/diarioregionaldigital.com.br\/index.php?rest_route=\/wp\/v2\/types\/post"}],"author":[{"embeddable":true,"href":"https:\/\/diarioregionaldigital.com.br\/index.php?rest_route=\/wp\/v2\/users\/246"}],"replies":[{"embeddable":true,"href":"https:\/\/diarioregionaldigital.com.br\/index.php?rest_route=%2Fwp%2Fv2%2Fcomments&post=227596"}],"version-history":[{"count":1,"href":"https:\/\/diarioregionaldigital.com.br\/index.php?rest_route=\/wp\/v2\/posts\/227596\/revisions"}],"predecessor-version":[{"id":227599,"href":"https:\/\/diarioregionaldigital.com.br\/index.php?rest_route=\/wp\/v2\/posts\/227596\/revisions\/227599"}],"wp:featuredmedia":[{"embeddable":true,"href":"https:\/\/diarioregionaldigital.com.br\/index.php?rest_route=\/wp\/v2\/media\/227598"}],"wp:attachment":[{"href":"https:\/\/diarioregionaldigital.com.br\/index.php?rest_route=%2Fwp%2Fv2%2Fmedia&parent=227596"}],"wp:term":[{"taxonomy":"category","embeddable":true,"href":"https:\/\/diarioregionaldigital.com.br\/index.php?rest_route=%2Fwp%2Fv2%2Fcategories&post=227596"},{"taxonomy":"post_tag","embeddable":true,"href":"https:\/\/diarioregionaldigital.com.br\/index.php?rest_route=%2Fwp%2Fv2%2Ftags&post=227596"}],"curies":[{"name":"wp","href":"https:\/\/api.w.org\/{rel}","templated":true}]}}