{"id":227569,"date":"2025-04-03T19:30:41","date_gmt":"2025-04-03T22:30:41","guid":{"rendered":"https:\/\/diarioregionaldigital.com.br\/?p=227569"},"modified":"2025-04-03T19:30:41","modified_gmt":"2025-04-03T22:30:41","slug":"governo-de-minas-inaugura-usina-fotovoltaica-no-hospital-nossa-senhora-dos-anjos-em-itambacuri","status":"publish","type":"post","link":"https:\/\/diarioregionaldigital.com.br\/?p=227569","title":{"rendered":"Governo de Minas inaugura usina fotovoltaica no Hospital Nossa Senhora dos Anjos, em Itambacuri"},"content":{"rendered":"<p><main class=\"clear margin-md-bottom-3\"><\/p>\n<div class=\"clear \">\n<p>O vice-governador de Minas Gerais, Mateus Sim\u00f5es, inaugurou oficialmente, nesta quinta-feira (3\/4), em Itambacuri, no Vale do Mucuri, a usina solar fotovoltaica do Hospital Nossa Senhora dos Anjo instalada pela\u00a0<a href=\"https:\/\/www.cemig.com.br\/\" target=\"_blank\" rel=\"noopener\">Companhia Energ\u00e9tica de Minas Gerais (Cemig)<\/a>.<\/p>\n<p>As melhorias fazem parte do projeto Cemig nos Hospitais, que est\u00e1 dentro do Programa de Efici\u00eancia Energ\u00e9tica (PEE) da empresa estatal.<\/p>\n<p>Em fevereiro deste ano, a institui\u00e7\u00e3o de sa\u00fade recebeu a instala\u00e7\u00e3o do equipamento, que j\u00e1 est\u00e1 em funcionamento e traz mais economia por meio da gera\u00e7\u00e3o pr\u00f3pria e limpa de energia do hospital com investimento de R$ 77 mil.<\/p>\n<p>&nbsp;<\/p>\n<table border=\"0\" cellspacing=\"1\" cellpadding=\"1\" align=\"center\">\n<tbody>\n<tr>\n<td colspan=\"5\"><img decoding=\"async\" src=\"https:\/\/www.agenciaminas.mg.gov.br\/ckeditor_assets\/pictures\/20949\/content_2_olho_topo.jpg\" alt=\"\" \/><\/td>\n<\/tr>\n<tr>\n<td><\/td>\n<td colspan=\"3\" rowspan=\"3\">\n<h1><strong>&#8220;Fazer essa entrega em Itambacuri \u00e9 mais um passo importante do Programa de Efici\u00eancia Energ\u00e9tica conduzido pela Cemig.\u00a0 A gente j\u00e1 tem aqui a autoclave entregue anteriormente e, hoje, inauguramos o sistema das placas fotovoltaicas. \u00a0\u00c9 o Governo do Estado assumindo esse compromisso de promover as a\u00e7\u00f5es necess\u00e1rias para que a gente possa continuar com o processo de transforma\u00e7\u00e3o da sa\u00fade de Minas Gerais&#8221;, enfatizou o vice-governador Mateus Sim\u00f5es.<\/strong><\/h1>\n<\/td>\n<td><\/td>\n<\/tr>\n<tr>\n<td><\/td>\n<td><\/td>\n<\/tr>\n<tr>\n<td><\/td>\n<td><\/td>\n<\/tr>\n<tr>\n<td colspan=\"5\"><img decoding=\"async\" src=\"https:\/\/www.agenciaminas.mg.gov.br\/ckeditor_assets\/pictures\/20950\/content_2_olho_inferior.jpg\" alt=\"\" \/><\/td>\n<\/tr>\n<\/tbody>\n<\/table>\n<p>A instala\u00e7\u00e3o tem capacidade de gera\u00e7\u00e3o de 23,34 MWh\/ano por mais de 15 anos. A Cemig investiu mais de R$ 525 mil no Hospital Nossa Senhora dos Anjos, contemplando ainda a substitui\u00e7\u00e3o de uma autoclave, que ocorreu em maio de 2024.<\/p>\n<p><strong>Cemig nos Hospitais<\/strong><\/p>\n<p>Na nova etapa do Cemig nos Hospitais, iniciada em outubro de 2024, ser\u00e3o investidos R$ 75 milh\u00f5es para beneficiar 4 mil institui\u00e7\u00f5es de sa\u00fade, incluindo hospitais p\u00fablicos e filantr\u00f3picos estaduais, al\u00e9m de unidades municipais de sa\u00fade. A conclus\u00e3o do projeto est\u00e1 prevista para dezembro de 2027.<\/p>\n<p>No per\u00edodo, ser\u00e3o realizadas a substitui\u00e7\u00e3o de mais de 290 mil l\u00e2mpadas por modelos de LED, que s\u00e3o mais econ\u00f4micas e dur\u00e1veis, a moderniza\u00e7\u00e3o de 110 autoclaves e a instala\u00e7\u00e3o de 60 usinas solares fotovoltaicas.<\/p>\n<p><strong>Cemig em Itambacuri<\/strong><\/p>\n<p>O objetivo do PEE, que \u00e9 regulado pela Ag\u00eancia Nacional de Energia El\u00e9trica (Aneel), \u00e9 conscientizar a popula\u00e7\u00e3o e os mais diversos setores da sociedade sobre a import\u00e2ncia da utiliza\u00e7\u00e3o correta e segura da energia el\u00e9trica.<\/p>\n<p>As substitui\u00e7\u00f5es de equipamentos e instala\u00e7\u00e3o de usinas solares fotovoltaicas representam um incentivo para que os hospitais alcancem mais rapidamente patamares de sustentabilidade.<\/p>\n<p>Entre 2021 e 2025, o PEE da Cemig investiu cerca de R$ 1 milh\u00e3o no munic\u00edpio de\u00a0 Itambacuri, em a\u00e7\u00f5es que incluem a substitui\u00e7\u00e3o da ilumina\u00e7\u00e3o dos hospitais Nossa Senhora dos Anjos e Trist\u00e3o da Cunha, este \u00faltimo tamb\u00e9m foi contemplado com\u00a0a troca da autoclave por um modelo mais moderno.<\/p>\n<table border=\"0\" cellspacing=\"1\" cellpadding=\"1\" align=\"center\">\n<tbody>\n<tr>\n<td colspan=\"5\"><img decoding=\"async\" src=\"https:\/\/www.agenciaminas.mg.gov.br\/ckeditor_assets\/pictures\/20949\/content_2_olho_topo.jpg\" alt=\"\" \/><\/td>\n<\/tr>\n<tr>\n<td><\/td>\n<td colspan=\"3\" rowspan=\"3\">\n<h1><strong>&#8220;O nosso trabalho no Hospital Nossa Senhora dos Anjos representa muitos benef\u00edcios a n\u00edvel de economia de recursos financeiros, uma vez que os novos equipamentos reduzem o desperd\u00edcio de energia e, no caso da usina, contribui para a gera\u00e7\u00e3o pr\u00f3pria, como tamb\u00e9m melhorias que beneficiar\u00e3o a popula\u00e7\u00e3o e os profissionais de sa\u00fade&#8221;, destacou o\u00a0presidente da Cemig, Reynaldo Passanezi Filho.<\/strong><\/h1>\n<\/td>\n<td><\/td>\n<\/tr>\n<tr>\n<td><\/td>\n<td><\/td>\n<\/tr>\n<tr>\n<td><\/td>\n<td><\/td>\n<\/tr>\n<tr>\n<td colspan=\"5\"><img decoding=\"async\" src=\"https:\/\/www.agenciaminas.mg.gov.br\/ckeditor_assets\/pictures\/20950\/content_2_olho_inferior.jpg\" alt=\"\" \/><\/td>\n<\/tr>\n<\/tbody>\n<\/table>\n<p>Em 2023, o munic\u00edpio recebeu o Minas LED, o maior projeto de moderniza\u00e7\u00e3o da ilumina\u00e7\u00e3o p\u00fablica do pa\u00eds. Nas vias da cidade, foram substitu\u00eddas 57 lumin\u00e1rias ineficientes, formadas, em sua maioria, por l\u00e2mpadas de vapor de s\u00f3dio ou merc\u00fario, materiais t\u00f3xicos, por novas de LED. Al\u00e9m disso, em 2021, sete escolas p\u00fablicas estaduais do munic\u00edpio tiveram a ilumina\u00e7\u00e3o modernizada.<\/p>\n<p><strong>Repasses estaduais<\/strong><\/p>\n<p>O Hospital Nossa Senhora dos Anjos \u00e9 uma entidade filantr\u00f3pica que possui 54 leitos, dos quais 50 s\u00e3o para atendimento do Sistema \u00danico de Sa\u00fade (SUS), e as especialidades que mais se destacam s\u00e3o vascular, otorrino, ortopedia e cardiologia.<\/p>\n<p>A unidade hospitalar j\u00e1 recebeu R$ 6,3 milh\u00f5es do Estado pelo Valora Minas, desde o in\u00edcio da pol\u00edtica da Secretaria de Estado de Sa\u00fade de Minas Gerais (SES-MG), em 2021, e tamb\u00e9m R$ 219 mil pelo OtimizaSUS, projeto acess\u00f3rio ao Valora Minas.<\/p>\n<p>O hospital tamb\u00e9m \u00e9 beneficiado pelo Opera Minas, que desde 2021 j\u00e1 destinou R$ 3,9 milh\u00f5es para o munic\u00edpio de Itambacuri, por meio do Fundo Municipal de Sa\u00fade.<\/p>\n<p>Fonte: Ag\u00eancia Minas<\/p>\n<\/div>\n<p><\/main><\/p>\n","protected":false},"excerpt":{"rendered":"<p>O vice-governador de Minas Gerais, Mateus Sim\u00f5es, inaugurou oficialmente, nesta quinta-feira (3\/4), em Itambacuri, no Vale do Mucuri, a usina solar fotovoltaica do Hospital Nossa Senhora dos Anjo instalada pela\u00a0Companhia Energ\u00e9tica de Minas Gerais (Cemig). As melhorias fazem parte do projeto Cemig nos Hospitais, que est\u00e1 dentro do Programa de Efici\u00eancia Energ\u00e9tica (PEE) da empresa [&hellip;]<\/p>\n","protected":false},"author":246,"featured_media":227570,"comment_status":"closed","ping_status":"closed","sticky":false,"template":"","format":"standard","meta":{"footnotes":""},"categories":[436,261,254,439],"tags":[],"class_list":["post-227569","post","type-post","status-publish","format-standard","has-post-thumbnail","hentry","category-destaque-da-semana","category-economia","category-politica","category-ultima-hora"],"_links":{"self":[{"href":"https:\/\/diarioregionaldigital.com.br\/index.php?rest_route=\/wp\/v2\/posts\/227569","targetHints":{"allow":["GET"]}}],"collection":[{"href":"https:\/\/diarioregionaldigital.com.br\/index.php?rest_route=\/wp\/v2\/posts"}],"about":[{"href":"https:\/\/diarioregionaldigital.com.br\/index.php?rest_route=\/wp\/v2\/types\/post"}],"author":[{"embeddable":true,"href":"https:\/\/diarioregionaldigital.com.br\/index.php?rest_route=\/wp\/v2\/users\/246"}],"replies":[{"embeddable":true,"href":"https:\/\/diarioregionaldigital.com.br\/index.php?rest_route=%2Fwp%2Fv2%2Fcomments&post=227569"}],"version-history":[{"count":1,"href":"https:\/\/diarioregionaldigital.com.br\/index.php?rest_route=\/wp\/v2\/posts\/227569\/revisions"}],"predecessor-version":[{"id":227571,"href":"https:\/\/diarioregionaldigital.com.br\/index.php?rest_route=\/wp\/v2\/posts\/227569\/revisions\/227571"}],"wp:featuredmedia":[{"embeddable":true,"href":"https:\/\/diarioregionaldigital.com.br\/index.php?rest_route=\/wp\/v2\/media\/227570"}],"wp:attachment":[{"href":"https:\/\/diarioregionaldigital.com.br\/index.php?rest_route=%2Fwp%2Fv2%2Fmedia&parent=227569"}],"wp:term":[{"taxonomy":"category","embeddable":true,"href":"https:\/\/diarioregionaldigital.com.br\/index.php?rest_route=%2Fwp%2Fv2%2Fcategories&post=227569"},{"taxonomy":"post_tag","embeddable":true,"href":"https:\/\/diarioregionaldigital.com.br\/index.php?rest_route=%2Fwp%2Fv2%2Ftags&post=227569"}],"curies":[{"name":"wp","href":"https:\/\/api.w.org\/{rel}","templated":true}]}}