{"id":227566,"date":"2025-04-03T19:29:22","date_gmt":"2025-04-03T22:29:22","guid":{"rendered":"https:\/\/diarioregionaldigital.com.br\/?p=227566"},"modified":"2025-04-03T19:29:22","modified_gmt":"2025-04-03T22:29:22","slug":"governo-de-minas-lanca-programa-leite-para-a-primeira-infancia-para-garantir-alimento-essencial-a-criancas-de-ate-6-anos","status":"publish","type":"post","link":"https:\/\/diarioregionaldigital.com.br\/?p=227566","title":{"rendered":"Governo de Minas lan\u00e7a programa Leite para a Primeira Inf\u00e2ncia para garantir alimento essencial a crian\u00e7as de at\u00e9 6 anos"},"content":{"rendered":"<p><main class=\"clear margin-md-bottom-3\"><\/p>\n<div class=\"clear \">\n<p>O\u00a0<a href=\"http:\/\/www.mg.gov.br\/\" target=\"_blank\" rel=\"noopener\">Governo de Minas<\/a>, por meio da\u00a0<a href=\"http:\/\/www.social.mg.gov.br\/\" target=\"_blank\" rel=\"noopener\">Secretaria de Estado de Desenvolvimento Social (Sedese)<\/a>\u00a0e do\u00a0<a href=\"http:\/\/www.idene.mg.gov.br\/\" target=\"_blank\" rel=\"noopener\">Instituto de Desenvolvimento do Norte e Nordeste de Minas Gerais (Idene)<\/a>, lan\u00e7ou, nesta quinta-feira (3\/4), em Te\u00f3filo Otoni, no Vale do Mucuri, o programa Leite para a Primeira Inf\u00e2ncia.<\/p>\n<p>A medida vai garantir que crian\u00e7as de 2 a 6 anos, em situa\u00e7\u00e3o de vulnerabilidade social, tenham acesso ao alimento, que \u00e9 considerado fundamental durante os primeiros anos de vida. Al\u00e9m disso, vai estimular a economia local, ao priorizar a aquisi\u00e7\u00e3o do leite diretamente das m\u00e3os de pequenos produtores rurais.<\/p>\n<p>A novidade, com suas diretrizes e impactos social e econ\u00f4mico, foi apresentada oficialmente pelo vice-governador de Minas Gerais Mateus Sim\u00f5es, que acompanha o projeto desde a sua idealiza\u00e7\u00e3o.<\/p>\n<p>\u201cAlegria enorme est\u00e1 em Te\u00f3filo Otoni para fazer o lan\u00e7amento oficial do Leite para a Primeira Inf\u00e2ncia, um programa que beneficia fam\u00edlias formadas por m\u00e3es solo na regi\u00e3o de menor desenvolvimento socioecon\u00f4mico do estado&#8221;, disse o vice-governador.<\/p>\n<table border=\"0\" cellspacing=\"1\" cellpadding=\"1\" align=\"center\">\n<tbody>\n<tr>\n<td colspan=\"5\"><img decoding=\"async\" src=\"https:\/\/www.agenciaminas.mg.gov.br\/ckeditor_assets\/pictures\/20949\/content_2_olho_topo.jpg\" alt=\"\" \/><\/td>\n<\/tr>\n<tr>\n<td><\/td>\n<td colspan=\"3\" rowspan=\"3\">\n<h1><strong>&#8220;Iniciamos hoje esta iniciativa com mais de 2 mil m\u00e3es recebendo\u00a0tr\u00eas litros por crian\u00e7a, por semana, para estar dentro exatamente do padr\u00e3o nutricional recomendado para crian\u00e7as de 2\u00a0a 6\u00a0anos&#8221;, ressaltou\u00a0Mateus Sim\u00f5es.<\/strong><\/h1>\n<\/td>\n<td><\/td>\n<\/tr>\n<tr>\n<td><\/td>\n<td><\/td>\n<\/tr>\n<tr>\n<td><\/td>\n<td><\/td>\n<\/tr>\n<tr>\n<td colspan=\"5\"><img decoding=\"async\" src=\"https:\/\/www.agenciaminas.mg.gov.br\/ckeditor_assets\/pictures\/20950\/content_2_olho_inferior.jpg\" alt=\"\" \/><\/td>\n<\/tr>\n<\/tbody>\n<\/table>\n<p><strong>Distribui\u00e7\u00e3o<\/strong><\/p>\n<p>A coordena\u00e7\u00e3o da distribui\u00e7\u00e3o do leite \u00e9 da Sedese, que em parceria com o Idene, vai garantir que os produtos cheguem \u00e0s fam\u00edlias cadastradas no Cadastro \u00danico (Cad\u00danico), especialmente aquelas em situa\u00e7\u00e3o de pobreza e extrema pobreza.<\/p>\n<p>&nbsp;<\/p>\n<table border=\"0\" cellspacing=\"1\" cellpadding=\"1\" align=\"center\">\n<tbody>\n<tr>\n<td colspan=\"5\"><img decoding=\"async\" src=\"https:\/\/www.agenciaminas.mg.gov.br\/ckeditor_assets\/pictures\/20949\/content_2_olho_topo.jpg\" alt=\"\" \/><\/td>\n<\/tr>\n<tr>\n<td><\/td>\n<td colspan=\"3\" rowspan=\"3\">\n<h1><strong>&#8220;O programa marca o compromisso do Governo de Minas com o desenvolvimento saud\u00e1vel do per\u00edodo da primeira inf\u00e2ncia. Esta entrega mostra a nossa preocupa\u00e7\u00e3o em alimentar de forma adequada e garantir o crescimento com dignidade para estas crian\u00e7as&#8221;, destacou a secret\u00e1ria de Desenvolvimento Social, Al\u00ea Portela.<\/strong><\/h1>\n<\/td>\n<td><\/td>\n<\/tr>\n<tr>\n<td><\/td>\n<td><\/td>\n<\/tr>\n<tr>\n<td><\/td>\n<td><\/td>\n<\/tr>\n<tr>\n<td colspan=\"5\"><img decoding=\"async\" src=\"https:\/\/www.agenciaminas.mg.gov.br\/ckeditor_assets\/pictures\/20950\/content_2_olho_inferior.jpg\" alt=\"\" \/><\/td>\n<\/tr>\n<\/tbody>\n<\/table>\n<figure class=\"image\"><img decoding=\"async\" src=\"https:\/\/www.agenciaminas.mg.gov.br\/ckeditor_assets\/pictures\/22718\/content_img_0810.jpg\" alt=\"\" \/><figcaption><sub><em>Gil Leonardi \/ Imprensa MG<\/em><\/sub><\/figcaption><\/figure>\n<p>Com um investimento de R$ 10 milh\u00f5es, a medida n\u00e3o apenas refor\u00e7a a seguran\u00e7a alimentar infantil, mas tamb\u00e9m impulsiona a economia rural, priorizando a aquisi\u00e7\u00e3o do leite de agricultores familiares credenciados pelo Idene.<\/p>\n<p><strong>Crit\u00e9rios de participa\u00e7\u00e3o e abrang\u00eancia<\/strong><\/p>\n<p>Podem ser beneficiadas pelo programa fam\u00edlias cadastradas no Cad\u00danico, em especial aquelas em que m\u00e3es solo s\u00e3o respons\u00e1veis pelo sustento dos seus filhos.<\/p>\n<p>Neste primeiro momento, ser\u00e3o atendidos munic\u00edpios das regi\u00f5es do Vale do Rio Doce, Vale do Jequitinhonha, Norte, Noroeste, Central e Vale do Mucuri, especialmente aqueles que ainda n\u00e3o s\u00e3o contemplados pelo Programa de Aquisi\u00e7\u00e3o de Alimentos (PAA Leite), Governo Federal, por\u00e9m a expectativa \u00e9 ampliar o programa para outras regi\u00f5es do estado. A implementa\u00e7\u00e3o em 55 munic\u00edpios vai benficiar cerca de 15 mil fam\u00edlias com a distribui\u00e7\u00e3o gratuita de 3 litros de leite para cada crian\u00e7a, por semana.<\/p>\n<table border=\"0\" cellspacing=\"1\" cellpadding=\"1\" align=\"center\">\n<tbody>\n<tr>\n<td colspan=\"5\"><img decoding=\"async\" src=\"https:\/\/www.agenciaminas.mg.gov.br\/ckeditor_assets\/pictures\/20949\/content_2_olho_topo.jpg\" alt=\"\" \/><\/td>\n<\/tr>\n<tr>\n<td><\/td>\n<td colspan=\"3\" rowspan=\"3\">\n<h1><strong>&#8220;A gente sabe que, nesta fase da vida, a nutri\u00e7\u00e3o \u00e9 muito importante para o desenvolvimento cognitivo da crian\u00e7a, para ela poder aprender melhor e, no futuro, conquistar melhores\u00a0oportunidades&#8221;, disse o diretor-geral do Idene, Henrique Carvalho.<\/strong><\/h1>\n<\/td>\n<td><\/td>\n<\/tr>\n<tr>\n<td><\/td>\n<td><\/td>\n<\/tr>\n<tr>\n<td><\/td>\n<td><\/td>\n<\/tr>\n<tr>\n<td colspan=\"5\"><img decoding=\"async\" src=\"https:\/\/www.agenciaminas.mg.gov.br\/ckeditor_assets\/pictures\/20950\/content_2_olho_inferior.jpg\" alt=\"\" \/><\/td>\n<\/tr>\n<\/tbody>\n<\/table>\n<p>A cerim\u00f4nia de lan\u00e7amento do programa tamb\u00e9m contou com a presen\u00e7a da primeira dama de Minas Gerais e presidente do\u00a0<a href=\"http:\/\/www.servas.org.br\/\" target=\"_blank\" rel=\"noopener\">Servas<\/a>, Christiana Renault, do prefeito de Te\u00f3filo Otoni, Fabinho Marinho, al\u00e9m de parlamentares e gestores municipais.<\/p>\n<p align=\"center\"><img decoding=\"async\" src=\"https:\/\/www.agenciaminas.mg.gov.br\/ckeditor_assets\/pictures\/22715\/content_img_0902.jpg\" alt=\"\" \/><br \/>\n<sub><em>A auxiliar de cozinha Sara Lopes tem tr\u00eas filhos dentro da faixa et\u00e1ria do programa (Gil Leonardi \/ Imprensa MG)<\/em><\/sub><\/p>\n<p><strong>Impacto social<\/strong><\/p>\n<p>Integrado ao programa estadual Minas de Oportunidades, o Leite para a Primeira Inf\u00e2ncia faz parte de um conjunto de a\u00e7\u00f5es voltadas ao desenvolvimento integral das crian\u00e7as mineiras. Ao fornecer o leite, o Governo de Minas auxilia na complementa\u00e7\u00e3o da alimenta\u00e7\u00e3o infantil, contribuindo para um crescimento saud\u00e1vel.<\/p>\n<p>Para as fam\u00edlias atendidas, o programa chega como um suporte essencial.<\/p>\n<p>A\u00a0auxiliar de cozinha\u00a0Sara Lopes\u00a0celebrou a oportunidade de ter semanalmente leite garantido para seus tr\u00eas filhos que se enquadram na faixa et\u00e1ria atendida.<\/p>\n<p>\u201cPara a gente que \u00e9 m\u00e3e &#8211; e muitas das que est\u00e3o aqui s\u00e3o m\u00e3es solteiras &#8211;\u00a0vai ajudar muito, porque j\u00e1 \u00e9 uma economia, n\u00e9? Ainda mais que tudo est\u00e1 caro!\u00a0Vai ajudar bastante\u201d, avaliou.<\/p>\n<p>Outra contemplada, a\u00a0manicure Luzinete Ferreira de Souza \u00e9 m\u00e3e solo das g\u00eameas Ester e Helena, de cinco anos. Benefici\u00e1ria do programa, ela comemorou a iniciativa.<\/p>\n<p>\u201cMuito bacana este programa, principalmente pra essa regi\u00e3o mais pobre. Ent\u00e3o, \u00e9 muito importante esta entrega do leite para a pessoas que necessitam, pois ajuda no desenvolvimento das crian\u00e7as\u201d, disse.<br \/>\n<img decoding=\"async\" src=\"https:\/\/www.agenciaminas.mg.gov.br\/ckeditor_assets\/pictures\/22716\/content_img_0979.jpg\" alt=\"\" \/><br \/>\n<sub><em>A manicure Luzinete Ferreira, m\u00e3e solo de g\u00eameas, tamb\u00e9m \u00e9 benifici\u00e1ria do Leite para Primeira Inf\u00e2ncia (Gil Leonardi \/ Imprensa MG)<\/em><\/sub><\/p>\n<p><strong>Impacto ao pequeno produtor<\/strong><\/p>\n<p>Al\u00e9m dos 55 munic\u00edpios atendidos na fase inicial, a expectativa \u00e9 alcan\u00e7ar at\u00e9 108 munic\u00edpios. Com essa amplia\u00e7\u00e3o, o programa poder\u00e1 alcan\u00e7ar um p\u00fablico ainda maior, promovendo n\u00e3o apenas a seguran\u00e7a alimentar das crian\u00e7as, mas tamb\u00e9m o desenvolvimento sustent\u00e1vel da economia local.<\/p>\n<p>O programa \u00e9 voltado para a primeira inf\u00e2ncia, com foco na oferta de alimenta\u00e7\u00e3o complementar e no fortalecimento da cadeia leiteira em Minas Gerais. A iniciativa tamb\u00e9m promove o desenvolvimento rural por meio da aquisi\u00e7\u00e3o de leite de latic\u00ednios credenciados pelo Idene, que compram exclusivamente de produtores familiares, fortalecendo a produ\u00e7\u00e3o local e estimulando a agricultura familiar.<\/p>\n<p>Fonte: Ag\u00eancia Minas<\/p>\n<\/div>\n<p><\/main><\/p>\n","protected":false},"excerpt":{"rendered":"<p>O\u00a0Governo de Minas, por meio da\u00a0Secretaria de Estado de Desenvolvimento Social (Sedese)\u00a0e do\u00a0Instituto de Desenvolvimento do Norte e Nordeste de Minas Gerais (Idene), lan\u00e7ou, nesta quinta-feira (3\/4), em Te\u00f3filo Otoni, no Vale do Mucuri, o programa Leite para a Primeira Inf\u00e2ncia. A medida vai garantir que crian\u00e7as de 2 a 6 anos, em situa\u00e7\u00e3o de [&hellip;]<\/p>\n","protected":false},"author":246,"featured_media":227567,"comment_status":"closed","ping_status":"closed","sticky":false,"template":"","format":"standard","meta":{"footnotes":""},"categories":[436,440,261,254,252,439],"tags":[],"class_list":["post-227566","post","type-post","status-publish","format-standard","has-post-thumbnail","hentry","category-destaque-da-semana","category-destaques-do-dia","category-economia","category-politica","category-regiao","category-ultima-hora"],"_links":{"self":[{"href":"https:\/\/diarioregionaldigital.com.br\/index.php?rest_route=\/wp\/v2\/posts\/227566","targetHints":{"allow":["GET"]}}],"collection":[{"href":"https:\/\/diarioregionaldigital.com.br\/index.php?rest_route=\/wp\/v2\/posts"}],"about":[{"href":"https:\/\/diarioregionaldigital.com.br\/index.php?rest_route=\/wp\/v2\/types\/post"}],"author":[{"embeddable":true,"href":"https:\/\/diarioregionaldigital.com.br\/index.php?rest_route=\/wp\/v2\/users\/246"}],"replies":[{"embeddable":true,"href":"https:\/\/diarioregionaldigital.com.br\/index.php?rest_route=%2Fwp%2Fv2%2Fcomments&post=227566"}],"version-history":[{"count":1,"href":"https:\/\/diarioregionaldigital.com.br\/index.php?rest_route=\/wp\/v2\/posts\/227566\/revisions"}],"predecessor-version":[{"id":227568,"href":"https:\/\/diarioregionaldigital.com.br\/index.php?rest_route=\/wp\/v2\/posts\/227566\/revisions\/227568"}],"wp:featuredmedia":[{"embeddable":true,"href":"https:\/\/diarioregionaldigital.com.br\/index.php?rest_route=\/wp\/v2\/media\/227567"}],"wp:attachment":[{"href":"https:\/\/diarioregionaldigital.com.br\/index.php?rest_route=%2Fwp%2Fv2%2Fmedia&parent=227566"}],"wp:term":[{"taxonomy":"category","embeddable":true,"href":"https:\/\/diarioregionaldigital.com.br\/index.php?rest_route=%2Fwp%2Fv2%2Fcategories&post=227566"},{"taxonomy":"post_tag","embeddable":true,"href":"https:\/\/diarioregionaldigital.com.br\/index.php?rest_route=%2Fwp%2Fv2%2Ftags&post=227566"}],"curies":[{"name":"wp","href":"https:\/\/api.w.org\/{rel}","templated":true}]}}