{"id":227563,"date":"2025-04-03T19:26:17","date_gmt":"2025-04-03T22:26:17","guid":{"rendered":"https:\/\/diarioregionaldigital.com.br\/?p=227563"},"modified":"2025-04-03T19:26:17","modified_gmt":"2025-04-03T22:26:17","slug":"governo-de-minas-estreita-parcerias-na-educacao-com-os-municipios-durante-cafe-com-prosa-2025","status":"publish","type":"post","link":"https:\/\/diarioregionaldigital.com.br\/?p=227563","title":{"rendered":"Governo de Minas estreita parcerias na Educa\u00e7\u00e3o com os munic\u00edpios durante Caf\u00e9 com Prosa 2025"},"content":{"rendered":"<p>Gestores, educadores e especialistas se reuniram na edi\u00e7\u00e3o comemorativa do Caf\u00e9 com Prosa, evento promovido pela Uni\u00e3o Nacional dos Dirigentes Municipais de Educa\u00e7\u00e3o de Minas Gerais (Undime\/MG) em parceria com a\u00a0<a href=\"https:\/\/www.educacao.mg.gov.br\/\" target=\"_blank\" rel=\"noopener\">Secretaria de Estado de Educa\u00e7\u00e3o de Minas Gerais (SEE\/MG)<\/a>.O evento aconteceu em Belo Horizonte, na quarta-feira (2\/4), \u00a0com o objetivo discutir pautas de impacto para a educa\u00e7\u00e3o no estado.<\/p>\n<p>A SEE\/MG destacou a relev\u00e2ncia do di\u00e1logo cont\u00ednuo entre o Estado e os munic\u00edpios para a formula\u00e7\u00e3o de pol\u00edticas p\u00fablicas educacionais eficazes.<\/p>\n<p>&nbsp;<\/p>\n<table border=\"0\" cellspacing=\"1\" cellpadding=\"1\" align=\"center\">\n<tbody>\n<tr>\n<td colspan=\"5\"><img decoding=\"async\" src=\"https:\/\/www.agenciaminas.mg.gov.br\/ckeditor_assets\/pictures\/20949\/content_2_olho_topo.jpg\" alt=\"\" \/><\/td>\n<\/tr>\n<tr>\n<td><\/td>\n<td colspan=\"3\" rowspan=\"3\">\n<h1><strong>&#8220;Em Minas, estamos construindo um regime de colabora\u00e7\u00e3o gradativo, que privilegia o crescimento tanto do estado quanto dos munic\u00edpios&#8221;, ressaltou o secret\u00e1rio de Estado de Educa\u00e7\u00e3o, Igor de Alvarenga.\u00a0<\/strong><\/h1>\n<\/td>\n<td><\/td>\n<\/tr>\n<tr>\n<td><\/td>\n<td><\/td>\n<\/tr>\n<tr>\n<td><\/td>\n<td><\/td>\n<\/tr>\n<tr>\n<td colspan=\"5\"><img decoding=\"async\" src=\"https:\/\/www.agenciaminas.mg.gov.br\/ckeditor_assets\/pictures\/20950\/content_2_olho_inferior.jpg\" alt=\"\" \/><\/td>\n<\/tr>\n<\/tbody>\n<\/table>\n<p>&nbsp;<\/p>\n<p>Durante a abertura, a SEE\/MG apresentou o caderno\u00a0<a href=\"https:\/\/www.educacao.mg.gov.br\/wp-content\/uploads\/2025\/04\/Parceria-em-Acao-As-Iniciativas-de-Minas-Gerais-em-Colaboracao-com-os-Municipios-1-1.pdf\" target=\"_blank\" rel=\"noopener\">\u201cParceria em A\u00e7\u00e3o: Iniciativas de Minas Gerais em Colabora\u00e7\u00e3o com os Munic\u00edpios\u201d<\/a>, novo documento orientador aos gestores municipais.<\/p>\n<figure class=\"image\"><img decoding=\"async\" src=\"https:\/\/www.agenciaminas.mg.gov.br\/ckeditor_assets\/pictures\/22699\/content_02-04-2025-_cafe_com_prosa_1.jpeg\" alt=\"\" \/><figcaption><sub><em>SEE-MG \/ Divulga\u00e7\u00e3o<\/em><\/sub><\/figcaption><\/figure>\n<p>O material detalha todas as parcerias que podem ser estabelecidas entre o Estado e as prefeituras. Entre eles o projeto M\u00e3os Dadas, o Pacto Mineiro pela Alfabetiza\u00e7\u00e3o, o Sistema \u00danico de Cadastro e Encaminhamento para Matr\u00edcula (Sucem), o Programa Estadual de Transporte Escolar de Minas Gerais (PTE\/MG); o Programa Miguilim, dentre outros.<\/p>\n<p>O documento de orienta\u00e7\u00e3o \u00e9 uma forma de deixar a parceria ainda mais transparente e efetiva, fazendo com que a rede p\u00fablica seja integralmente beneficiada.<\/p>\n<p><strong>Regime de colabora\u00e7\u00e3o<\/strong><\/p>\n<p>A colabora\u00e7\u00e3o entre a Undime\/MG e a SEE\/MG tem sido essencial para a melhoria da educa\u00e7\u00e3o p\u00fablica em Minas Gerais. O alinhamento de pol\u00edticas educacionais, o suporte t\u00e9cnico e formativo aos munic\u00edpios e a troca de boas pr\u00e1ticas t\u00eam permitido avan\u00e7os significativos na gest\u00e3o educacional.<\/p>\n<p>O fortalecimento desse regime de colabora\u00e7\u00e3o previsto na Constitui\u00e7\u00e3o Federal refor\u00e7a a corresponsabilidade entre os entes federativos, promovendo equidade e qualidade na educa\u00e7\u00e3o em todo o estado.<\/p>\n<p><strong>Principais palestras<\/strong><\/p>\n<p>O Caf\u00e9 com Prosa 2025 conta com uma programa\u00e7\u00e3o diversificada e palestrantes renomados que abordam diferentes aspectos da gest\u00e3o e inova\u00e7\u00e3o na educa\u00e7\u00e3o.<\/p>\n<p>Entre os temas discutidos est\u00e3o pr\u00e1ticas pedag\u00f3gicas, pol\u00edticas p\u00fablicas, novas tecnologias, al\u00e9m dos desafios e avan\u00e7os na administra\u00e7\u00e3o educacional.<\/p>\n<p>Fonte: Ag\u00eancia Minas<\/p>\n","protected":false},"excerpt":{"rendered":"<p>Gestores, educadores e especialistas se reuniram na edi\u00e7\u00e3o comemorativa do Caf\u00e9 com Prosa, evento promovido pela Uni\u00e3o Nacional dos Dirigentes Municipais de Educa\u00e7\u00e3o de Minas Gerais (Undime\/MG) em parceria com a\u00a0Secretaria de Estado de Educa\u00e7\u00e3o de Minas Gerais (SEE\/MG).O evento aconteceu em Belo Horizonte, na quarta-feira (2\/4), \u00a0com o objetivo discutir pautas de impacto para [&hellip;]<\/p>\n","protected":false},"author":246,"featured_media":227564,"comment_status":"closed","ping_status":"closed","sticky":false,"template":"","format":"standard","meta":{"footnotes":""},"categories":[436,440,261,254,439],"tags":[],"class_list":["post-227563","post","type-post","status-publish","format-standard","has-post-thumbnail","hentry","category-destaque-da-semana","category-destaques-do-dia","category-economia","category-politica","category-ultima-hora"],"_links":{"self":[{"href":"https:\/\/diarioregionaldigital.com.br\/index.php?rest_route=\/wp\/v2\/posts\/227563","targetHints":{"allow":["GET"]}}],"collection":[{"href":"https:\/\/diarioregionaldigital.com.br\/index.php?rest_route=\/wp\/v2\/posts"}],"about":[{"href":"https:\/\/diarioregionaldigital.com.br\/index.php?rest_route=\/wp\/v2\/types\/post"}],"author":[{"embeddable":true,"href":"https:\/\/diarioregionaldigital.com.br\/index.php?rest_route=\/wp\/v2\/users\/246"}],"replies":[{"embeddable":true,"href":"https:\/\/diarioregionaldigital.com.br\/index.php?rest_route=%2Fwp%2Fv2%2Fcomments&post=227563"}],"version-history":[{"count":1,"href":"https:\/\/diarioregionaldigital.com.br\/index.php?rest_route=\/wp\/v2\/posts\/227563\/revisions"}],"predecessor-version":[{"id":227565,"href":"https:\/\/diarioregionaldigital.com.br\/index.php?rest_route=\/wp\/v2\/posts\/227563\/revisions\/227565"}],"wp:featuredmedia":[{"embeddable":true,"href":"https:\/\/diarioregionaldigital.com.br\/index.php?rest_route=\/wp\/v2\/media\/227564"}],"wp:attachment":[{"href":"https:\/\/diarioregionaldigital.com.br\/index.php?rest_route=%2Fwp%2Fv2%2Fmedia&parent=227563"}],"wp:term":[{"taxonomy":"category","embeddable":true,"href":"https:\/\/diarioregionaldigital.com.br\/index.php?rest_route=%2Fwp%2Fv2%2Fcategories&post=227563"},{"taxonomy":"post_tag","embeddable":true,"href":"https:\/\/diarioregionaldigital.com.br\/index.php?rest_route=%2Fwp%2Fv2%2Ftags&post=227563"}],"curies":[{"name":"wp","href":"https:\/\/api.w.org\/{rel}","templated":true}]}}