{"id":227541,"date":"2025-04-02T20:02:07","date_gmt":"2025-04-02T23:02:07","guid":{"rendered":"https:\/\/diarioregionaldigital.com.br\/?p=227541"},"modified":"2025-04-02T20:02:07","modified_gmt":"2025-04-02T23:02:07","slug":"governo-lanca-consulta-publica-para-atualizar-a-legislacao-do-mercado-livre-de-gas-natural-canalizado-no-estado","status":"publish","type":"post","link":"https:\/\/diarioregionaldigital.com.br\/?p=227541","title":{"rendered":"Governo lan\u00e7a Consulta P\u00fablica para atualizar a legisla\u00e7\u00e3o do Mercado Livre de G\u00e1s Natural Canalizado no estado"},"content":{"rendered":"<p>O\u00a0<a id=\"OWAd9cf3e76-36b4-c62f-c090-945741a10f9b\" title=\"https:\/\/www.mg.gov.br\/\" href=\"https:\/\/www.mg.gov.br\/\" target=\"_blank\" rel=\"noopener noreferrer\" data-auth=\"NotApplicable\" data-linkindex=\"1\">Governo de Minas<\/a>, por meio da\u00a0<a id=\"OWAbb0d44cf-d1cd-b299-0b76-8e6c5d628798\" title=\"https:\/\/desenvolvimento.mg.gov.br\/\" href=\"https:\/\/desenvolvimento.mg.gov.br\/\" target=\"_blank\" rel=\"noopener noreferrer\" data-auth=\"NotApplicable\" data-linkindex=\"2\">Secretaria de Estado de Desenvolvimento Econ\u00f4mico (Sede-MG)<\/a>, abre nesta quarta-feira (2\/4), a Consulta P\u00fablica n\u00ba 49, para atualizar o marco regulat\u00f3rio do Mercado Livre de G\u00e1s Natural Canalizado no estado.<\/p>\n<p>As altera\u00e7\u00f5es buscam ampliar o acesso de mais consumidores ao mercado, por meio de contratos livres, negociados diretamente com comercializadores, alinhando o mercado mineiro \u00e0 Nova Lei do G\u00e1s (Lei Federal n\u00ba 14.134\/2021) e garantindo maior coer\u00eancia regulat\u00f3ria.<\/p>\n<p>Dispon\u00edvel at\u00e9 \u00e0s 23h do dia 16\/5, o servi\u00e7o possibilita a coleta de contribui\u00e7\u00f5es de toda a sociedade, a serem realizadas virtualmente no portal\u00a0<a id=\"OWAb0bfe472-5fde-c2cb-b02e-a1905da16084\" title=\"https:\/\/www.consultapublica.mg.gov.br\/\" href=\"https:\/\/www.consultapublica.mg.gov.br\/\" target=\"_blank\" rel=\"noopener noreferrer\" data-auth=\"NotApplicable\" data-linkindex=\"3\">Consulta P\u00fablica<\/a>. A participa\u00e7\u00e3o \u00e9 fundamental para incorporar as necessidades do mercado, possibilitando que o setor de g\u00e1s natural seja mais competitivo e sustent\u00e1vel.<\/p>\n<p>\u201cO objetivo \u00e9 promover a cadeia produtiva do g\u00e1s natural em Minas Gerais por interm\u00e9dio do mercado livre, com foco em elevar a competitividade da nossa ind\u00fastria e garantir um ambiente regulat\u00f3rio condizente para a atra\u00e7\u00e3o de investimentos nesse setor\u201d, afirma o superintendente de Pol\u00edtica Miner\u00e1ria, Energ\u00e9tica e Log\u00edstica da Sede-MG, Pedro Sena.<\/p>\n<p>\u201cA moderniza\u00e7\u00e3o da legisla\u00e7\u00e3o mineira possibilitar\u00e1 que o Estado garanta a manuten\u00e7\u00e3o da atividade negocial mais atrativa entre consumidores e supridores, proporcionando economia e flexibilidade contratual\u201d, complementa Sena.<\/p>\n<p>As mudan\u00e7as propostas no novo processo consideram a inser\u00e7\u00e3o do biometano, a atualiza\u00e7\u00e3o do processo de migra\u00e7\u00e3o, evolu\u00e7\u00e3o do modelo de contrato para o mercado livre e a implementa\u00e7\u00e3o de regras da Ag\u00eancia Nacional de Petr\u00f3leo, G\u00e1s e Biocombust\u00edveis (ANP), relacionadas aos requisitos da transi\u00e7\u00e3o energ\u00e9tica, de acordo com o Plano de A\u00e7\u00e3o Clim\u00e1tica (PLAC-MG).<\/p>\n<p><strong>Como participar<\/strong><\/p>\n<p>Para participar da Consulta P\u00fablica os interessados devem acessar o\u00a0<a id=\"OWA45513bca-2f73-bae2-b1be-920240468387\" title=\"https:\/\/www.consultapublica.mg.gov.br\/\" href=\"https:\/\/www.consultapublica.mg.gov.br\/\" target=\"_blank\" rel=\"noopener noreferrer\" data-auth=\"NotApplicable\" data-linkindex=\"4\">portal oficial<\/a>, clicar em \u201cCadastre-se para contribuir\u201d, preencher os dados requeridos em \u201cPessoa F\u00edsica\u201d ou \u201cInstitui\u00e7\u00e3o\u201d e finalizar o cadastro. O acesso estar\u00e1 dispon\u00edvel ap\u00f3s o usu\u00e1rio confirmar a ativa\u00e7\u00e3o de cadastro enviada no endere\u00e7o de e-mail informado.<\/p>\n<p>No primeiro acesso, os interessados podem identificar a \u201cConsulta P\u00fablica para Revis\u00e3o da Legisla\u00e7\u00e3o do Mercado Livre de G\u00e1s Natural em Minas Gerais\u201d no campo de \u201cResultados\u201d, ou buscar no campo \u201cPesquisa\u201d pelo t\u00edtulo informado.<\/p>\n<p>Na consulta, al\u00e9m de realizar suas contribui\u00e7\u00f5es, o usu\u00e1rio pode acessar a legisla\u00e7\u00e3o.<\/p>\n<p><strong>Hist\u00f3rico da legisla\u00e7\u00e3o no setor<\/strong><\/p>\n<p>O marco regulat\u00f3rio foi criado em 2014 e estabelece as regras para a opera\u00e7\u00e3o do segmento no estado, definindo as condi\u00e7\u00f5es de acesso ao servi\u00e7o de distribui\u00e7\u00e3o para consumidores livres, autoimportadores e autoprodutores, al\u00e9m de permitir que comercializadores exer\u00e7am suas fun\u00e7\u00f5es no territ\u00f3rio mineiro.<\/p>\n<p>A edi\u00e7\u00e3o anterior do processo de Consulta P\u00fablica foi realizada em 2020 e resultou na redu\u00e7\u00e3o do volume m\u00ednimo para ingresso no mercado livre, de 10.000 m\u00b3\/dia para 5.000 m\u00b3\/dia, promovendo maior competitividade e acesso ao g\u00e1s natural.<\/p>\n<p>Fonte: Ag\u00eancia Minas<\/p>\n","protected":false},"excerpt":{"rendered":"<p>O\u00a0Governo de Minas, por meio da\u00a0Secretaria de Estado de Desenvolvimento Econ\u00f4mico (Sede-MG), abre nesta quarta-feira (2\/4), a Consulta P\u00fablica n\u00ba 49, para atualizar o marco regulat\u00f3rio do Mercado Livre de G\u00e1s Natural Canalizado no estado. As altera\u00e7\u00f5es buscam ampliar o acesso de mais consumidores ao mercado, por meio de contratos livres, negociados diretamente com comercializadores, [&hellip;]<\/p>\n","protected":false},"author":246,"featured_media":227542,"comment_status":"closed","ping_status":"closed","sticky":false,"template":"","format":"standard","meta":{"footnotes":""},"categories":[436,440,261,254,439],"tags":[],"class_list":["post-227541","post","type-post","status-publish","format-standard","has-post-thumbnail","hentry","category-destaque-da-semana","category-destaques-do-dia","category-economia","category-politica","category-ultima-hora"],"_links":{"self":[{"href":"https:\/\/diarioregionaldigital.com.br\/index.php?rest_route=\/wp\/v2\/posts\/227541","targetHints":{"allow":["GET"]}}],"collection":[{"href":"https:\/\/diarioregionaldigital.com.br\/index.php?rest_route=\/wp\/v2\/posts"}],"about":[{"href":"https:\/\/diarioregionaldigital.com.br\/index.php?rest_route=\/wp\/v2\/types\/post"}],"author":[{"embeddable":true,"href":"https:\/\/diarioregionaldigital.com.br\/index.php?rest_route=\/wp\/v2\/users\/246"}],"replies":[{"embeddable":true,"href":"https:\/\/diarioregionaldigital.com.br\/index.php?rest_route=%2Fwp%2Fv2%2Fcomments&post=227541"}],"version-history":[{"count":1,"href":"https:\/\/diarioregionaldigital.com.br\/index.php?rest_route=\/wp\/v2\/posts\/227541\/revisions"}],"predecessor-version":[{"id":227543,"href":"https:\/\/diarioregionaldigital.com.br\/index.php?rest_route=\/wp\/v2\/posts\/227541\/revisions\/227543"}],"wp:featuredmedia":[{"embeddable":true,"href":"https:\/\/diarioregionaldigital.com.br\/index.php?rest_route=\/wp\/v2\/media\/227542"}],"wp:attachment":[{"href":"https:\/\/diarioregionaldigital.com.br\/index.php?rest_route=%2Fwp%2Fv2%2Fmedia&parent=227541"}],"wp:term":[{"taxonomy":"category","embeddable":true,"href":"https:\/\/diarioregionaldigital.com.br\/index.php?rest_route=%2Fwp%2Fv2%2Fcategories&post=227541"},{"taxonomy":"post_tag","embeddable":true,"href":"https:\/\/diarioregionaldigital.com.br\/index.php?rest_route=%2Fwp%2Fv2%2Ftags&post=227541"}],"curies":[{"name":"wp","href":"https:\/\/api.w.org\/{rel}","templated":true}]}}