{"id":227529,"date":"2025-04-01T20:18:16","date_gmt":"2025-04-01T23:18:16","guid":{"rendered":"https:\/\/diarioregionaldigital.com.br\/?p=227529"},"modified":"2025-04-01T20:18:16","modified_gmt":"2025-04-01T23:18:16","slug":"respeito-as-diferencas-e-foco-de-atividade-com-criancas","status":"publish","type":"post","link":"https:\/\/diarioregionaldigital.com.br\/?p=227529","title":{"rendered":"Respeito \u00e0s diferen\u00e7as \u00e9 foco de atividade com crian\u00e7as"},"content":{"rendered":"<p>Segundo informa\u00e7\u00f5es do site da Prefeitura de Juiz de Fora (PJF), cerca <span style=\"color: #333333; font-size: 16px;\">de 70 crian\u00e7as, com idades entre oito e dez anos, acompanharam atentamente a hist\u00f3ria da pe\u00e7a \u201cSe ningu\u00e9m \u00e9 igual, ser diferente \u00e9 normal\u201d, apresentada pelo projeto Guardas no Apoio e Preven\u00e7\u00e3o nas Escolas (Gape). A atividade envolveu os alunos do projeto &#8220;Criar&#8221; do Servi\u00e7o Social do Com\u00e9rcio (Sesc), propondo a reflex\u00e3o sobre as diferen\u00e7as e a import\u00e2ncia do respeito para conviv\u00eancia mais harmoniosa no ambiente escolar.<\/span><\/p>\n<div id=\"box_texto_noticia\">\nA encena\u00e7\u00e3o faz parte do trabalho de constru\u00e7\u00e3o de uma cultura de paz levado pelo Gape \u00e0s escolas do munic\u00edpio. A sensibiliza\u00e7\u00e3o busca combater a pr\u00e1tica do bullying,<br \/>\nmostrando que ser diferente torna cada um \u00fanico, da mesma forma que enriquece as\u00a0experi\u00eancias em grupo, n\u00e3o sendo raz\u00e3o para ofensas e agress\u00f5es.\u00a0Com a colabora\u00e7\u00e3o de estagi\u00e1rios e servidores da Secretaria de Seguran\u00e7a Urbana e Cidadania (Sesuc), a pe\u00e7a retrata o dia a dia de uma garotinha na mesma faixa et\u00e1ria do p\u00fablico-alvo, que vive situa\u00e7\u00e3o de bullying na escola e deixa de ter interesse em frequentar as aulas.<\/p>\n<p>O Gape \u00e9 um dos projetos preventivos desenvolvidos pela <a href=\"https:\/\/www.pjf.mg.gov.br\/secretarias\/sesuc\/projetos_de_prevencao\/index.php\">Secretaria de Seguran\u00e7a Urbana e Cidadania (Sesuc)<\/a>, com o\u00a0objetivo de contribuir para a melhoria das rela\u00e7\u00f5es no ambiente escolar. A iniciativa prop\u00f5e a sensibiliza\u00e7\u00e3o de alunos e professores por meio de realiza\u00e7\u00e3o de rodas de conversa, din\u00e2micas e atividades l\u00fadicas. Em 2024, mais de 2 mil alunos participaram do trabalho do Gape. O projeto \u00e9 uma\u00a0das estrat\u00e9gias de fortalecimento da cultura de paz nas escolas mantidas pela Sesuc e\u00a0pela Guarda Municipal, que tem servido de modelo para o Minist\u00e9rio da Justi\u00e7a e Seguran\u00e7a P\u00fablica (MJSP) como efetiva\u00e7\u00e3o da seguran\u00e7a comunit\u00e1ria cidad\u00e3.<\/div>\n<p>&nbsp;<\/p>\n","protected":false},"excerpt":{"rendered":"<p>Segundo informa\u00e7\u00f5es do site da Prefeitura de Juiz de Fora (PJF), cerca de 70 crian\u00e7as, com idades entre oito e dez anos, acompanharam atentamente a hist\u00f3ria da pe\u00e7a \u201cSe ningu\u00e9m \u00e9 igual, ser diferente \u00e9 normal\u201d, apresentada pelo projeto Guardas no Apoio e Preven\u00e7\u00e3o nas Escolas (Gape). A atividade envolveu os alunos do projeto &#8220;Criar&#8221; [&hellip;]<\/p>\n","protected":false},"author":246,"featured_media":227530,"comment_status":"closed","ping_status":"closed","sticky":false,"template":"","format":"standard","meta":{"footnotes":""},"categories":[253,436,440,439],"tags":[],"class_list":["post-227529","post","type-post","status-publish","format-standard","has-post-thumbnail","hentry","category-cidade","category-destaque-da-semana","category-destaques-do-dia","category-ultima-hora"],"_links":{"self":[{"href":"https:\/\/diarioregionaldigital.com.br\/index.php?rest_route=\/wp\/v2\/posts\/227529","targetHints":{"allow":["GET"]}}],"collection":[{"href":"https:\/\/diarioregionaldigital.com.br\/index.php?rest_route=\/wp\/v2\/posts"}],"about":[{"href":"https:\/\/diarioregionaldigital.com.br\/index.php?rest_route=\/wp\/v2\/types\/post"}],"author":[{"embeddable":true,"href":"https:\/\/diarioregionaldigital.com.br\/index.php?rest_route=\/wp\/v2\/users\/246"}],"replies":[{"embeddable":true,"href":"https:\/\/diarioregionaldigital.com.br\/index.php?rest_route=%2Fwp%2Fv2%2Fcomments&post=227529"}],"version-history":[{"count":1,"href":"https:\/\/diarioregionaldigital.com.br\/index.php?rest_route=\/wp\/v2\/posts\/227529\/revisions"}],"predecessor-version":[{"id":227531,"href":"https:\/\/diarioregionaldigital.com.br\/index.php?rest_route=\/wp\/v2\/posts\/227529\/revisions\/227531"}],"wp:featuredmedia":[{"embeddable":true,"href":"https:\/\/diarioregionaldigital.com.br\/index.php?rest_route=\/wp\/v2\/media\/227530"}],"wp:attachment":[{"href":"https:\/\/diarioregionaldigital.com.br\/index.php?rest_route=%2Fwp%2Fv2%2Fmedia&parent=227529"}],"wp:term":[{"taxonomy":"category","embeddable":true,"href":"https:\/\/diarioregionaldigital.com.br\/index.php?rest_route=%2Fwp%2Fv2%2Fcategories&post=227529"},{"taxonomy":"post_tag","embeddable":true,"href":"https:\/\/diarioregionaldigital.com.br\/index.php?rest_route=%2Fwp%2Fv2%2Ftags&post=227529"}],"curies":[{"name":"wp","href":"https:\/\/api.w.org\/{rel}","templated":true}]}}