{"id":227520,"date":"2025-04-01T19:47:24","date_gmt":"2025-04-01T22:47:24","guid":{"rendered":"https:\/\/diarioregionaldigital.com.br\/?p=227520"},"modified":"2025-04-01T19:47:24","modified_gmt":"2025-04-01T22:47:24","slug":"governo-de-minas-bate-recorde-e-ultrapassa-r-475-bilhoes-de-investimentos-privados-atraidos-para-o-estado","status":"publish","type":"post","link":"https:\/\/diarioregionaldigital.com.br\/?p=227520","title":{"rendered":"Governo de Minas bate recorde e ultrapassa R$ 475 bilh\u00f5es de investimentos privados atra\u00eddos para o estado"},"content":{"rendered":"<p>O <a href=\"https:\/\/www.mg.gov.br\/\" target=\"_blank\" rel=\"noopener\">Governo de Minas<\/a> atingiu mais um recorde ao ultrapassar a marca de R$ 475 bilh\u00f5es em investimentos privados atra\u00eddos para o estado desde 2019. O resultado refor\u00e7a o ambiente favor\u00e1vel aos neg\u00f3cios e impulsiona o desenvolvimento econ\u00f4mico, gerando emprego e renda para os mineiros.<\/p>\n<p>Ao todo, s\u00e3o 947 projetos foram atra\u00eddos pela <a href=\"https:\/\/desenvolvimento.mg.gov.br\/\" target=\"_blank\" rel=\"noopener\">Secretaria de Estado de Desenvolvimento Econ\u00f4mico (Sede-MG)<\/a> e sua ag\u00eancia <a href=\"https:\/\/investminas.mg.gov.br\/\" target=\"_blank\" rel=\"noopener\">Invest Minas<\/a>. A expectativa \u00e9 de que os projetos possam gerar mais de 249 mil empregos diretos em 302 munic\u00edpios mineiros.<\/p>\n<p>O valor \u00e9 um marco hist\u00f3rico e aproxima o estado da meta de R$ 500 bilh\u00f5es, ou seja, meio trilh\u00e3o de reais, atra\u00eddos. Al\u00e9m da marca de um milh\u00e3o de carteiras assinadas.<\/p>\n<p>A confian\u00e7a de empresas nacionais e internacionais reflete o compromisso do governo com a responsabilidade fiscal, contas equilibradas e um ambiente prop\u00edcio para neg\u00f3cios.<\/p>\n<p>&#8220;Este \u00e9 um valor que vem crescendo desde 2019, quando eu e o governador Romeu Zema decidimos arrumar a casa e viajar por todo o estado e pelo exterior para consolidar neg\u00f3cios pioneiros&#8221;, afirma o vice-governador Mateus Sim\u00f5es.<\/p>\n<table border=\"0\" cellspacing=\"1\" cellpadding=\"1\" align=\"center\">\n<tbody>\n<tr>\n<td colspan=\"5\"><img decoding=\"async\" src=\"https:\/\/www.agenciaminas.mg.gov.br\/ckeditor_assets\/pictures\/20949\/content_2_olho_topo.jpg\" alt=\"\" \/><\/td>\n<\/tr>\n<tr>\n<td><\/td>\n<td colspan=\"3\" rowspan=\"3\">\n<h1><strong>&#8220;Hoje, cada vez mais empresas do Brasil e do mundo querem estar em Minas. Ter mais neg\u00f3cios no estado significa\u00a0ter mais emprego e renda para os mineiros. E \u00e9 isso que garante a comida na mesa das fam\u00edlias e a abertura de novas perspectivas para todos&#8221;, destaca\u00a0Mateus Sim\u00f5es.<\/strong><\/h1>\n<\/td>\n<td><\/td>\n<\/tr>\n<tr>\n<td><\/td>\n<td><\/td>\n<\/tr>\n<tr>\n<td><\/td>\n<td><\/td>\n<\/tr>\n<tr>\n<td colspan=\"5\"><img decoding=\"async\" src=\"https:\/\/www.agenciaminas.mg.gov.br\/ckeditor_assets\/pictures\/20950\/content_2_olho_inferior.jpg\" alt=\"\" \/><\/td>\n<\/tr>\n<\/tbody>\n<\/table>\n<p><strong>Setores impulsionados<\/strong><\/p>\n<p>Os investimentos atra\u00eddos abrangem diversos setores estrat\u00e9gicos. No segmento de energia solar, empresas como Solatio e Atlas j\u00e1 aportaram mais de R$ 23 bilh\u00f5es em Minas Gerais. No setor automobil\u00edstico, a Stellantis investiu R$ 14 bilh\u00f5es, consolidando o estado como um polo industrial de destaque.<\/p>\n<p>&#8220;Aliado a uma forte pol\u00edtica industrial, o estado tem riquezas naturais, mas tamb\u00e9m riquezas intelectuais. Os centros de inova\u00e7\u00e3o, centros de desenvolvimento e a forma\u00e7\u00e3o de uma m\u00e3o de obra especializada s\u00e3o atributos que t\u00eam colocado Minas Gerais em uma posi\u00e7\u00e3o de vanguarda no setor automotivo&#8221;, declara o vice-presidente Jur\u00eddico e de Rela\u00e7\u00f5es Institucionais da Stellantis Am\u00e9rica do Sul, M\u00e1rcio de Lima.<\/p>\n<p>A ind\u00fastria tamb\u00e9m segue em expans\u00e3o com aportes de grandes companhias como Heineken, Ambev e Bem Brasil. No campo da tecnologia, a gigante Amazon fortaleceu sua presen\u00e7a no e-commerce mineiro, demonstrando o potencial do estado no setor digital.<\/p>\n<p>Destaque na gera\u00e7\u00e3o de oportunidades, o munic\u00edpio de Pouso Alegre, no Sul de Minas, tem garantido um ambiente de neg\u00f3cios atrativo para as grandes empresas.<\/p>\n<p>Em dezembro de 2024, a chinesa Midea inaugurou uma f\u00e1brica de eletrodom\u00e9sticos na cidade, sendo a primeira planta 100% pr\u00f3pria da empresa no Brasil. Foram R$ 630 milh\u00f5es investidos e a previs\u00e3o \u00e9 de que a unidade alcance mil empregos at\u00e9 o fim de 2025.<\/p>\n<p>&#8220;Minas Gerais \u00e9 um polo de investimentos pela sua localiza\u00e7\u00e3o estrat\u00e9gica, infraestrutura em constante desenvolvimento e ambiente de neg\u00f3cios favor\u00e1vel. O estado oferece acesso privilegiado a importantes mercados, al\u00e9m de contar com uma malha log\u00edstica robusta, que inclui rodovias, ferrovias e aeroportos\u201d, afirma o gerente financeiro da Midea de Pouso Alegre, Marcelo Alevato.<\/p>\n<p>\u201cOutro fator essencial \u00e9 a disponibilidade de m\u00e3o de obra qualificada, impulsionada por a\u00e7\u00f5es governamentais voltadas para a capacita\u00e7\u00e3o profissional&#8221;, completa.<\/p>\n<p><strong>Atra\u00e7\u00e3o de investimentos<\/strong><\/p>\n<p>De 2019 a 2025, o Governo de Minas alavancou a atra\u00e7\u00e3o de investimentos no estado. Dentre os dez maiores setores em atra\u00e7\u00e3o e gera\u00e7\u00e3o de empregos diretos, est\u00e3o:<br \/>\n\u2022\u00a0\u00a0\u00a0\u00a0\u00a0\u00a0\u00a0\u00a0\u00a0 Minera\u00e7\u00e3o com R$ 113,3 bilh\u00f5es de investimentos no estado, gerando mais de 46 mil empregos;<\/p>\n<p>\u2022\u00a0\u00a0\u00a0\u00a0\u00a0\u00a0\u00a0\u00a0\u00a0 Infraestrutura com 85,8 bilh\u00f5es e mais de 25 mil postos de trabalho;<\/p>\n<p>\u2022\u00a0\u00a0\u00a0\u00a0\u00a0\u00a0\u00a0\u00a0\u00a0 Energia solar (R$ 81 bilh\u00f5es e 6,9 mil);<\/p>\n<p>\u2022\u00a0\u00a0\u00a0\u00a0\u00a0\u00a0\u00a0\u00a0\u00a0 Automotivo e autope\u00e7as (R$ 41,1 bilh\u00f5es e 19,5 mil);<\/p>\n<p>\u2022\u00a0\u00a0\u00a0\u00a0\u00a0\u00a0\u00a0\u00a0\u00a0 Ferrovi\u00e1rio (R$ 33,9 bilh\u00f5es e 1,9 mil);<\/p>\n<p>\u2022\u00a0\u00a0\u00a0\u00a0\u00a0\u00a0\u00a0\u00a0\u00a0 Sucroenerg\u00e9tico (R$ 16,8 bilh\u00f5es e 3,5 mil);<\/p>\n<p>\u2022\u00a0\u00a0\u00a0\u00a0\u00a0\u00a0\u00a0\u00a0\u00a0 Siderurgia R$ 12,7 bilh\u00f5es e 2,2 mil;<\/p>\n<p>\u2022\u00a0\u00a0\u00a0\u00a0\u00a0\u00a0\u00a0\u00a0\u00a0 Minerais cr\u00edticos (R$ 10,4 bilh\u00f5es e 5,1 mil);<\/p>\n<p>\u2022\u00a0\u00a0\u00a0\u00a0\u00a0\u00a0\u00a0\u00a0\u00a0 Ind\u00fastria qu\u00edmica (R$ 9,1 bilh\u00f5es e 1,2 mil)<\/p>\n<p>\u2022\u00a0\u00a0\u00a0\u00a0\u00a0\u00a0\u00a0\u00a0\u00a0 Embalagens (R$ 8,9 bilh\u00f5es e 10,5 mil).<\/p>\n<p><strong>Expectativas para 2025<\/strong><\/p>\n<p>Com uma pol\u00edtica baseada na responsabilidade fiscal e na atra\u00e7\u00e3o de novos neg\u00f3cios, o Governo de Minas Gerais segue comprometido em ampliar os investimentos e consolidar o estado como refer\u00eancia para grandes empresas do Brasil e do mundo.<\/p>\n<table border=\"0\" cellspacing=\"1\" cellpadding=\"1\" align=\"center\">\n<tbody>\n<tr>\n<td colspan=\"5\"><img decoding=\"async\" src=\"https:\/\/www.agenciaminas.mg.gov.br\/ckeditor_assets\/pictures\/20949\/content_2_olho_topo.jpg\" alt=\"\" \/><\/td>\n<\/tr>\n<tr>\n<td><\/td>\n<td colspan=\"3\" rowspan=\"3\">\n<h1><strong>&#8220;Acreditamos que o melhor programa social \u00e9 a gera\u00e7\u00e3o de emprego e renda. N\u00e3o por acaso, estamos muito perto de bater 1 milh\u00e3o de novas vagas de carteira assinada criadas&#8221;, ressalta o governador Romeu Zema.<\/strong><\/h1>\n<\/td>\n<td><\/td>\n<\/tr>\n<tr>\n<td><\/td>\n<td><\/td>\n<\/tr>\n<tr>\n<td><\/td>\n<td><\/td>\n<\/tr>\n<tr>\n<td colspan=\"5\"><img decoding=\"async\" src=\"https:\/\/www.agenciaminas.mg.gov.br\/ckeditor_assets\/pictures\/20950\/content_2_olho_inferior.jpg\" alt=\"\" \/><\/td>\n<\/tr>\n<\/tbody>\n<\/table>\n<p>Somente em 2025, o Governo de Minas j\u00e1 atraiu mais de R$ 16 bilh\u00f5es em novos investimentos no estado, contemplando 34 projetos, em 24 munic\u00edpios mineiros, que devem gerar mais de 10 mil empregos diretos.<\/p>\n<p>O setor miner\u00e1rio lidera os aportes com R$ 10,4 bilh\u00f5es, seguido pela siderurgia, que destinar\u00e1 R$ 2,6 bilh\u00f5es em projetos de instala\u00e7\u00e3o e expans\u00e3o. Esses n\u00fameros refor\u00e7am a confian\u00e7a do setor produtivo no potencial de Minas Gerais e na continuidade do desenvolvimento econ\u00f4mico.<\/p>\n<p>Fonte: Ag\u00eancia Minas<\/p>\n","protected":false},"excerpt":{"rendered":"<p>O Governo de Minas atingiu mais um recorde ao ultrapassar a marca de R$ 475 bilh\u00f5es em investimentos privados atra\u00eddos para o estado desde 2019. O resultado refor\u00e7a o ambiente favor\u00e1vel aos neg\u00f3cios e impulsiona o desenvolvimento econ\u00f4mico, gerando emprego e renda para os mineiros. Ao todo, s\u00e3o 947 projetos foram atra\u00eddos pela Secretaria de [&hellip;]<\/p>\n","protected":false},"author":246,"featured_media":227521,"comment_status":"closed","ping_status":"closed","sticky":false,"template":"","format":"standard","meta":{"footnotes":""},"categories":[436,440,261,254,439],"tags":[],"class_list":["post-227520","post","type-post","status-publish","format-standard","has-post-thumbnail","hentry","category-destaque-da-semana","category-destaques-do-dia","category-economia","category-politica","category-ultima-hora"],"_links":{"self":[{"href":"https:\/\/diarioregionaldigital.com.br\/index.php?rest_route=\/wp\/v2\/posts\/227520","targetHints":{"allow":["GET"]}}],"collection":[{"href":"https:\/\/diarioregionaldigital.com.br\/index.php?rest_route=\/wp\/v2\/posts"}],"about":[{"href":"https:\/\/diarioregionaldigital.com.br\/index.php?rest_route=\/wp\/v2\/types\/post"}],"author":[{"embeddable":true,"href":"https:\/\/diarioregionaldigital.com.br\/index.php?rest_route=\/wp\/v2\/users\/246"}],"replies":[{"embeddable":true,"href":"https:\/\/diarioregionaldigital.com.br\/index.php?rest_route=%2Fwp%2Fv2%2Fcomments&post=227520"}],"version-history":[{"count":1,"href":"https:\/\/diarioregionaldigital.com.br\/index.php?rest_route=\/wp\/v2\/posts\/227520\/revisions"}],"predecessor-version":[{"id":227522,"href":"https:\/\/diarioregionaldigital.com.br\/index.php?rest_route=\/wp\/v2\/posts\/227520\/revisions\/227522"}],"wp:featuredmedia":[{"embeddable":true,"href":"https:\/\/diarioregionaldigital.com.br\/index.php?rest_route=\/wp\/v2\/media\/227521"}],"wp:attachment":[{"href":"https:\/\/diarioregionaldigital.com.br\/index.php?rest_route=%2Fwp%2Fv2%2Fmedia&parent=227520"}],"wp:term":[{"taxonomy":"category","embeddable":true,"href":"https:\/\/diarioregionaldigital.com.br\/index.php?rest_route=%2Fwp%2Fv2%2Fcategories&post=227520"},{"taxonomy":"post_tag","embeddable":true,"href":"https:\/\/diarioregionaldigital.com.br\/index.php?rest_route=%2Fwp%2Fv2%2Ftags&post=227520"}],"curies":[{"name":"wp","href":"https:\/\/api.w.org\/{rel}","templated":true}]}}