{"id":227517,"date":"2025-03-31T19:44:33","date_gmt":"2025-03-31T22:44:33","guid":{"rendered":"https:\/\/diarioregionaldigital.com.br\/?p=227517"},"modified":"2025-03-31T19:44:33","modified_gmt":"2025-03-31T22:44:33","slug":"oito-pets-foram-adotados-e-38-foram-microchipados-em-evento-do-canil-municipal","status":"publish","type":"post","link":"https:\/\/diarioregionaldigital.com.br\/?p=227517","title":{"rendered":"Oito pets foram adotados e 38 foram microchipados em evento do Canil Municipal"},"content":{"rendered":"<p>Segundo informa\u00e7\u00f5es do site da Prefeitura de Juiz de Fora (PJF), o Canil Municipal da Secretaria do Bem-Estar Animal (Sebeal) da Prefeitura de Juiz de Fora\u00a0(PJF) promoveu mais um evento de ado\u00e7\u00e3o respons\u00e1vel no \u00faltimo s\u00e1bado (29). A a\u00e7\u00e3o ocorreu de 9h \u00e0s 13h em uma cl\u00ednica veterin\u00e1ria localizada na Avenida dos Andradas, 508,\u00a0no Centro. No total, oito pets foram adotados, sendo um c\u00e3o adulto, um filhotes, tr\u00eas gatos adultos e tr\u00eas filhotes. Al\u00e9m disso, 38 animais foram vacinados contra a raiva e 39 animais foram microchipados. O pr\u00f3ximo evento de ado\u00e7\u00e3o est\u00e1 marcado para o dia 5 de abril, no Parque Halfeld.<\/p>\n<p><strong>Me adota a\u00ed!<\/strong><\/p>\n<p>A campanha \u201cMe Adota A\u00ed!\u201d foi lan\u00e7ada pela atual gest\u00e3o municipal com o objetivo de\u00a0garantir um lar para os animais que est\u00e3o no Canil Municipal. Os interessados em adotar<br \/>\num amigo ou amiga podem visitar o canil das 9h \u00e0s 10h30 e das 13h \u00e0s 15h30, de segunda\u00a0a sexta ou mediante agendamento, para outros dias, pelo telefone <a href=\"tel:(32) 3225-9933\">(32) 3225-9933<\/a>. O<br \/>\nendere\u00e7o \u00e9 Rua Bartolomeu dos Santos 680, bairro S\u00e3o Dami\u00e3o.<\/p>\n","protected":false},"excerpt":{"rendered":"<p>Segundo informa\u00e7\u00f5es do site da Prefeitura de Juiz de Fora (PJF), o Canil Municipal da Secretaria do Bem-Estar Animal (Sebeal) da Prefeitura de Juiz de Fora\u00a0(PJF) promoveu mais um evento de ado\u00e7\u00e3o respons\u00e1vel no \u00faltimo s\u00e1bado (29). A a\u00e7\u00e3o ocorreu de 9h \u00e0s 13h em uma cl\u00ednica veterin\u00e1ria localizada na Avenida dos Andradas, 508,\u00a0no Centro. [&hellip;]<\/p>\n","protected":false},"author":246,"featured_media":227518,"comment_status":"closed","ping_status":"closed","sticky":false,"template":"","format":"standard","meta":{"footnotes":""},"categories":[253,436,440,439],"tags":[],"class_list":["post-227517","post","type-post","status-publish","format-standard","has-post-thumbnail","hentry","category-cidade","category-destaque-da-semana","category-destaques-do-dia","category-ultima-hora"],"_links":{"self":[{"href":"https:\/\/diarioregionaldigital.com.br\/index.php?rest_route=\/wp\/v2\/posts\/227517","targetHints":{"allow":["GET"]}}],"collection":[{"href":"https:\/\/diarioregionaldigital.com.br\/index.php?rest_route=\/wp\/v2\/posts"}],"about":[{"href":"https:\/\/diarioregionaldigital.com.br\/index.php?rest_route=\/wp\/v2\/types\/post"}],"author":[{"embeddable":true,"href":"https:\/\/diarioregionaldigital.com.br\/index.php?rest_route=\/wp\/v2\/users\/246"}],"replies":[{"embeddable":true,"href":"https:\/\/diarioregionaldigital.com.br\/index.php?rest_route=%2Fwp%2Fv2%2Fcomments&post=227517"}],"version-history":[{"count":1,"href":"https:\/\/diarioregionaldigital.com.br\/index.php?rest_route=\/wp\/v2\/posts\/227517\/revisions"}],"predecessor-version":[{"id":227519,"href":"https:\/\/diarioregionaldigital.com.br\/index.php?rest_route=\/wp\/v2\/posts\/227517\/revisions\/227519"}],"wp:featuredmedia":[{"embeddable":true,"href":"https:\/\/diarioregionaldigital.com.br\/index.php?rest_route=\/wp\/v2\/media\/227518"}],"wp:attachment":[{"href":"https:\/\/diarioregionaldigital.com.br\/index.php?rest_route=%2Fwp%2Fv2%2Fmedia&parent=227517"}],"wp:term":[{"taxonomy":"category","embeddable":true,"href":"https:\/\/diarioregionaldigital.com.br\/index.php?rest_route=%2Fwp%2Fv2%2Fcategories&post=227517"},{"taxonomy":"post_tag","embeddable":true,"href":"https:\/\/diarioregionaldigital.com.br\/index.php?rest_route=%2Fwp%2Fv2%2Ftags&post=227517"}],"curies":[{"name":"wp","href":"https:\/\/api.w.org\/{rel}","templated":true}]}}