{"id":227510,"date":"2025-03-31T19:25:05","date_gmt":"2025-03-31T22:25:05","guid":{"rendered":"https:\/\/diarioregionaldigital.com.br\/?p=227510"},"modified":"2025-03-31T19:36:56","modified_gmt":"2025-03-31T22:36:56","slug":"governo-de-minas-e-policia-militar-anunciam-novo-modelo-de-policiamento-rural-na-maior-feira-do-agro-do-estado","status":"publish","type":"post","link":"https:\/\/diarioregionaldigital.com.br\/?p=227510","title":{"rendered":"Governo de Minas e Pol\u00edcia Militar anunciam novo modelo de policiamento rural na maior feira do agro do Estado"},"content":{"rendered":"<p>&nbsp;<\/p>\n<div class=\"clear \">\n<p>O governador Romeu Zema e o chefe do Estado Maior da <a href=\"https:\/\/www.policiamilitar.mg.gov.br\/\" target=\"_blank\" rel=\"noopener\">Pol\u00edcia Militar de Minas Gerais (PMMG)<\/a>, coronel Maur\u00edcio Jos\u00e9 de Oliveira, apresentaram um novo modelo de policiamento no campo baseado no calend\u00e1rio agr\u00edcola, nesta segunda-feira (31\/3). O an\u00fancio foi feito em primeira m\u00e3o para produtores rurais dos mais diversos segmentos, na Feira do Agroneg\u00f3cio Mineiro (Femec) 2025, em Uberl\u00e2ndia, no Tri\u00e2ngulo Mineiro, maior evento do setor no estado.<\/p>\n<p>A metodologia lan\u00e7ada pelo <a href=\"https:\/\/www.mg.gov.br\/\" target=\"_blank\" rel=\"noopener\">Governo de Minas<\/a> e pela Pol\u00edcia Militar tem o objetivo de prevenir delitos sazonais e espec\u00edficos de cada localidade e garantir a seguran\u00e7a em todas as etapas da produ\u00e7\u00e3o. O modelo prev\u00ea, inclusive, a desarticula\u00e7\u00e3o de quadrilhas especializadas em roubo de cargas, tr\u00e1fico de drogas e crimes ambientais.<\/p>\n<table border=\"0\" cellspacing=\"1\" cellpadding=\"1\" align=\"center\">\n<tbody>\n<tr>\n<td colspan=\"5\"><img decoding=\"async\" src=\"https:\/\/www.agenciaminas.mg.gov.br\/ckeditor_assets\/pictures\/20949\/content_2_olho_topo.jpg\" alt=\"\" \/><\/td>\n<\/tr>\n<tr>\n<td><\/td>\n<td colspan=\"3\" rowspan=\"3\">\n<h1><strong>&#8220;N\u00f3s queremos dar seguran\u00e7a a quem trabalha, a quem produz no campo, a quem alimenta os brasileiros e o mundo. Estaremos de prontid\u00e3o com as nossas for\u00e7as de seguran\u00e7a para que o homem do campo possa ter paz e tranquilidade para produzir&#8221;, garantiu o governador Romeu Zema.<\/strong><\/h1>\n<\/td>\n<td><\/td>\n<\/tr>\n<tr>\n<td><\/td>\n<td><\/td>\n<\/tr>\n<tr>\n<td><\/td>\n<td><\/td>\n<\/tr>\n<tr>\n<td colspan=\"5\"><img decoding=\"async\" src=\"https:\/\/www.agenciaminas.mg.gov.br\/ckeditor_assets\/pictures\/20950\/content_2_olho_inferior.jpg\" alt=\"\" \/><\/td>\n<\/tr>\n<\/tbody>\n<\/table>\n<p>\u201cA nossa Pol\u00edcia Militar tem se especializado cada vez mais para dar essa seguran\u00e7a, que varia conforme a regi\u00e3o e o per\u00edodo do ano\u201d, concluiu o governador de Minas. Outro destaque da iniciativa \u00e9 que ser\u00e1 poss\u00edvel customizar a atua\u00e7\u00e3o preventiva de acordo com as caracter\u00edsticas de produ\u00e7\u00e3o agr\u00edcola de cada munic\u00edpio mineiro, levando em conta os ciclos de produ\u00e7\u00e3o: preparo do solo, plantio, tratos culturais, colheita e vazio sanit\u00e1rio.<\/p>\n<p><strong>Combate ao crime organizado<\/strong><\/p>\n<p>Dentro do novo modelo de planejamento da PMMG est\u00e1 a realiza\u00e7\u00e3o da opera\u00e7\u00e3o \u201cPMMG 250 Anos Agrogerais Segura\u201d. Est\u00e3o previstas, por exemplo, abordagens a ve\u00edculos e pessoas, al\u00e9m de fiscaliza\u00e7\u00f5es de infra\u00e7\u00f5es ambientais, e orienta\u00e7\u00f5es aos produtores rurais sobre medidas preventivas de seguran\u00e7a.<\/p>\n<p>Al\u00e9m das a\u00e7\u00f5es desenvolvidas pelo policiamento rural, que mant\u00e9m uma presen\u00e7a constante no campo com rondas preventivas nas propriedades, estradas vicinais e \u00e1reas de dif\u00edcil acesso, com intera\u00e7\u00e3o direta com os moradores destas localidades, a opera\u00e7\u00e3o contar\u00e1 ainda com alguns refor\u00e7os.<\/p>\n<p>Destaque para o apoio de militares dos Batalh\u00f5es de Pol\u00edcia Militar Rodovi\u00e1ria (BPMRv) e Meio Ambiente (BPMMAmb), do servi\u00e7o de intelig\u00eancia da corpora\u00e7\u00e3o, que atuar\u00e1 no mapeamento e identifica\u00e7\u00e3o de atividades criminosas, e de aeronaves das PMMG, que apoiar\u00e3o o servi\u00e7o policial em solo. Tamb\u00e9m est\u00e3o previstas a\u00e7\u00f5es conjuntas com outros \u00f3rg\u00e3os.<\/p>\n<p>A Pol\u00edcia Militar tamb\u00e9m utiliza tecnologias, como drones, com possibilidade de uso do reconhecimento facial, e refor\u00e7o do treinamento de todos os militares que atuam no Patrulha Rural para uso do aplicativo \u201cQApp &#8211; m\u00f3dulo Policiamento Rural\u201d. A ferramenta permite o levantamento de estradas rurais via GPS, do georreferenciamento das comunidades e cadastro de propriedade rural.<\/p>\n<p>A PMMG est\u00e1 presente nos 853 munic\u00edpios de Minas e, desde 2001, mant\u00e9m ativo o servi\u00e7o de Patrulha Rural em 283 munic\u00edpios, com foco em pol\u00edcia ostensiva, preven\u00e7\u00e3o criminal e intera\u00e7\u00e3o comunit\u00e1ria. O policiamento \u00e9 executado por militares que atuam em ve\u00edculos de quatro rodas com armamentos e equipamentos adequados para preven\u00e7\u00e3o pronta resposta \u00e0s ocorr\u00eancias.<\/p>\n<p><strong>N\u00fameros<\/strong><\/p>\n<p>Houve redu\u00e7\u00e3o de 3,5% nos crimes de roubo e de 14,7% nos crimes de furto nas zonas rurais de Minas, na compara\u00e7\u00e3o entre os anos de 2023 e 2024. Em 2024, foram presas 1.070 pessoas, por meio de cumprimento de mandados de pris\u00e3o, 1.162 por tr\u00e1fico il\u00edcito de drogas, 1.175 foragidos da Justi\u00e7a recapturados, e mais de 1,4 mil por porte ou posse ilegal de arma de fogo\/restrito.<\/p>\n<p><strong>Seguran\u00e7a no campo<\/strong><\/p>\n<p>Neste m\u00eas de mar\u00e7o, o Governo de Minas \u2013 por meio da PMMG, da <a href=\"https:\/\/www.policiacivil.mg.gov.br\/\" target=\"_blank\" rel=\"noopener\">Pol\u00edcia Civil (PCMG)<\/a> e da <a href=\"https:\/\/www.mg.gov.br\/agricultura\" target=\"_blank\" rel=\"noopener\">Secretaria de Estado de Agricultura, Pecu\u00e1ria e Abastecimento (Seapa)<\/a> \u2013 e o Sistema Faemg anunciaram a \u201cAgenda Positiva para Seguran\u00e7a no Campo\u201d.<\/p>\n<p>As medidas t\u00eam o objetivo de resguardar os produtores e suas propriedades n\u00e3o s\u00f3 no momento da colheita, mas durante o ano todo. Al\u00e9m das estrat\u00e9gias de opera\u00e7\u00f5es e da intera\u00e7\u00e3o comunit\u00e1ria da PMMG, a iniciativa tamb\u00e9m conta com a\u00e7\u00f5es como o projeto &#8220;Campo Seguro&#8221;, da Pol\u00edcia Civil, que prop\u00f5e um modelo de atua\u00e7\u00e3o integrada, baseado na troca de informa\u00e7\u00f5es e no alinhamento de protocolos entre as delegacias envolvidas nas investiga\u00e7\u00f5es.<\/p>\n<p>A PCMG tem 11 delegacias especializadas de Repress\u00e3o a Crimes Rurais no estado, instaladas nas cidades de Uberaba, Uberl\u00e2ndia, Frutal, S\u00e3o Sebasti\u00e3o do Para\u00edso, Arax\u00e1, Passos, Guaxup\u00e9, Patroc\u00ednio, Alfenas, Po\u00e7os de Caldas e Belo Horizonte.<\/p>\n<p>Em parceria com o Sistema Faemg, um curso obrigat\u00f3rio tamb\u00e9m est\u00e1 sendo preparado para 100% do efetivo da PCMG, como forma de aprimorar as investiga\u00e7\u00f5es no campo, partindo de uma aproxima\u00e7\u00e3o ainda maior da realidade e as especificidades das \u00e1reas rurais.<\/p>\n<figure class=\"image\"><img decoding=\"async\" src=\"https:\/\/www.agenciaminas.mg.gov.br\/ckeditor_assets\/pictures\/22677\/content_mg_8196.jpg\" alt=\"\" \/><figcaption><sub><em>Cristiano Machado \/ Imprensa MG<\/em><\/sub><\/figcaption><\/figure>\n<p><strong>Conv\u00eanio para atendimentos a\u00e9reos<\/strong><\/p>\n<p>Ainda em Uberl\u00e2ndia o governador Romeu Zema anunciou o aumento da \u00e1rea de cobertura, no estado, para atendimentos emergenciais de sa\u00fade feitos com aeronaves oficiais do Governo de Minas.\u00a0 Por meio de conv\u00eanio firmado entre governo e prefeitura, helic\u00f3pteros Pegasus do Comando de Avia\u00e7\u00e3o do Estado (Comave), da PMMG, passam a ser utilizados para servi\u00e7os a\u00e9reos de urg\u00eancia e emerg\u00eancia.<\/p>\n<p>As aeronaves para acionamento ficam na Base Regional da Avia\u00e7\u00e3o do Estado (2\u00aa Brave), na cidade. Conforme termo assinado, as demandas podem ser atendidas tanto em miss\u00f5es dentro de MG, como tamb\u00e9m em outros estados brasileiros.<\/p>\n<p>A utiliza\u00e7\u00e3o dos helic\u00f3pteros da PMMG vai contribuir, efetivamente, para salvar mais vidas. Isto porque n\u00e3o apenas reduz significativamente o tempo de transfer\u00eancias inter-hospitalares, como tamb\u00e9m d\u00e1 mais agilidade na resposta a situa\u00e7\u00f5es como acidentes graves de tr\u00e2nsito, traumas ocorridos nas zonas rurais, quadros cl\u00ednicos agudos, entre outros casos.<\/p>\n<p>\u201cEsse helic\u00f3ptero, que at\u00e9 ent\u00e3o seria utilizado exclusivamente para a finalidade de seguran\u00e7a p\u00fablica, tamb\u00e9m ser\u00e1 utilizado para atendimento aerom\u00e9dico. E\u00a0n\u00f3s sabemos que, em muitas situa\u00e7\u00f5es, cada minuto a menos no atendimento\u00a0faz\u00a0toda a diferen\u00e7a. Em uma regi\u00e3o como essa, que tem uma \u00e1rea rural t\u00e3o din\u00e2mica, t\u00e3o grande, com tantas pessoas trabalhando, esse tipo de atendimento, de transporte\u00a0se torna ainda mais importante\u201d, refor\u00e7ou Zema.<\/p>\n<p>Vale ressaltar que o termo firmado com a administra\u00e7\u00e3o municipal \u00e9 um incremento nos servi\u00e7os j\u00e1 dispon\u00edveis, em coopera\u00e7\u00e3o para melhoria no atendimento local. Neste conv\u00eanio, a prefeitura assume o custeio da capacidade operacional dos helic\u00f3pteros em voos emergenciais. O valor estimado \u00e9 de R$ 2,17 milh\u00f5es.<\/p>\n<p>Fonte: Ag\u00eancia Minas<\/p>\n<\/div>\n<p>&nbsp;<\/p>\n","protected":false},"excerpt":{"rendered":"<p>&nbsp; O governador Romeu Zema e o chefe do Estado Maior da Pol\u00edcia Militar de Minas Gerais (PMMG), coronel Maur\u00edcio Jos\u00e9 de Oliveira, apresentaram um novo modelo de policiamento no campo baseado no calend\u00e1rio agr\u00edcola, nesta segunda-feira (31\/3). O an\u00fancio foi feito em primeira m\u00e3o para produtores rurais dos mais diversos segmentos, na Feira do [&hellip;]<\/p>\n","protected":false},"author":246,"featured_media":227511,"comment_status":"closed","ping_status":"closed","sticky":false,"template":"","format":"standard","meta":{"footnotes":""},"categories":[301,436,440,261,254,439],"tags":[],"class_list":["post-227510","post","type-post","status-publish","format-standard","has-post-thumbnail","hentry","category-artigos-policiais","category-destaque-da-semana","category-destaques-do-dia","category-economia","category-politica","category-ultima-hora"],"_links":{"self":[{"href":"https:\/\/diarioregionaldigital.com.br\/index.php?rest_route=\/wp\/v2\/posts\/227510","targetHints":{"allow":["GET"]}}],"collection":[{"href":"https:\/\/diarioregionaldigital.com.br\/index.php?rest_route=\/wp\/v2\/posts"}],"about":[{"href":"https:\/\/diarioregionaldigital.com.br\/index.php?rest_route=\/wp\/v2\/types\/post"}],"author":[{"embeddable":true,"href":"https:\/\/diarioregionaldigital.com.br\/index.php?rest_route=\/wp\/v2\/users\/246"}],"replies":[{"embeddable":true,"href":"https:\/\/diarioregionaldigital.com.br\/index.php?rest_route=%2Fwp%2Fv2%2Fcomments&post=227510"}],"version-history":[{"count":2,"href":"https:\/\/diarioregionaldigital.com.br\/index.php?rest_route=\/wp\/v2\/posts\/227510\/revisions"}],"predecessor-version":[{"id":227513,"href":"https:\/\/diarioregionaldigital.com.br\/index.php?rest_route=\/wp\/v2\/posts\/227510\/revisions\/227513"}],"wp:featuredmedia":[{"embeddable":true,"href":"https:\/\/diarioregionaldigital.com.br\/index.php?rest_route=\/wp\/v2\/media\/227511"}],"wp:attachment":[{"href":"https:\/\/diarioregionaldigital.com.br\/index.php?rest_route=%2Fwp%2Fv2%2Fmedia&parent=227510"}],"wp:term":[{"taxonomy":"category","embeddable":true,"href":"https:\/\/diarioregionaldigital.com.br\/index.php?rest_route=%2Fwp%2Fv2%2Fcategories&post=227510"},{"taxonomy":"post_tag","embeddable":true,"href":"https:\/\/diarioregionaldigital.com.br\/index.php?rest_route=%2Fwp%2Fv2%2Ftags&post=227510"}],"curies":[{"name":"wp","href":"https:\/\/api.w.org\/{rel}","templated":true}]}}