{"id":227488,"date":"2025-03-28T10:59:23","date_gmt":"2025-03-28T13:59:23","guid":{"rendered":"https:\/\/diarioregionaldigital.com.br\/?p=227488"},"modified":"2025-03-28T10:59:23","modified_gmt":"2025-03-28T13:59:23","slug":"minas-gerais-administracao-e-servicos-capacita-colaboradores-sobre-lei-geral-de-protecao-de-dados","status":"publish","type":"post","link":"https:\/\/diarioregionaldigital.com.br\/?p=227488","title":{"rendered":"Minas Gerais Administra\u00e7\u00e3o e Servi\u00e7os capacita colaboradores sobre Lei Geral de Prote\u00e7\u00e3o de Dados"},"content":{"rendered":"<p>A\u00a0<a href=\"https:\/\/www.mgs.srv.br\/\" target=\"_blank\" rel=\"noopener\">Minas Gerais Administra\u00e7\u00e3o e Servi\u00e7os S.A. (MGS)<\/a>, respons\u00e1vel pelo gerenciamento de mais de 230 mil caixas de documentos de \u00f3rg\u00e3os do\u00a0<a href=\"https:\/\/www.mg.gov.br\/\" target=\"_blank\" rel=\"noopener\">Governo de Minas<\/a>, realizou um treinamento sobre a Lei Geral de Prote\u00e7\u00e3o de Dados (LGPD) para capacitar os colaboradores que atuam na gest\u00e3o documental.<\/p>\n<p>A iniciativa foi promovida pela Ger\u00eancia Jur\u00eddica Consultiva da MGS, em parceria com a Encarregada de Dados Pessoais, na unidade da Coordenadoria de Gest\u00e3o de Documentos (Coged), em Contagem, na \u00faltima quarta-feira (26\/3), com o objetivo de\u00a0refor\u00e7ar\u00a0a seguran\u00e7a no manuseio e na guarda de informa\u00e7\u00f5es.<\/p>\n<p>De acordo com a gerente jur\u00eddica consultiva da MGS, Lumena Chaves, o prop\u00f3sito do treinamento foi apresentar a relev\u00e2ncia da prote\u00e7\u00e3o de dados pessoais para os cidad\u00e3os, os empregados da MGS, a empresa, os clientes e a sociedade.<\/p>\n<p>\u201cO objetivo desse momento foi proporcionar mais informa\u00e7\u00e3o, conhecimento e seguran\u00e7a sobre o tema\u201d, conta.<\/p>\n<p><strong>Compromisso com a prote\u00e7\u00e3o de dados<\/strong><\/p>\n<p>Durante o treinamento, a encarregada de dados pessoais da MGS, Nilviane Sales, refor\u00e7ou que todos os empregados t\u00eam um papel fundamental na prote\u00e7\u00e3o de dados, especialmente considerando o acesso a informa\u00e7\u00f5es de cidad\u00e3os.<\/p>\n<p>Ela alertou sobre as consequ\u00eancias dos vazamentos, que podem gerar preju\u00edzos para as pessoas afetadas e danos \u00e0 imagem da empresa.<\/p>\n<p>&#8220;O sigilo significa guardar informa\u00e7\u00f5es, sem compartilh\u00e1-las com quem n\u00e3o deve&#8221;, explicou Nilviane. &#8220;Mais do que uma obriga\u00e7\u00e3o legal, \u00e9 um compromisso com a \u00e9tica e o respeito \u00e0s pessoas\u201d, destacou.<\/p>\n<p>A auxiliar administrativa da MGS, Ivanilde Carvalho, que atua na Coged h\u00e1 10 anos, refor\u00e7a a import\u00e2ncia da capacita\u00e7\u00e3o. \u201cNo meu dia a dia, lido 100% com documentos, tanto de colaboradores da empresa quanto dos clientes. Com a LGPD, ficou ainda mais evidente a import\u00e2ncia de termos consci\u00eancia da responsabilidade que temos ao manusear essas informa\u00e7\u00f5es, especialmente porque muitos desses dados s\u00e3o sens\u00edveis\u201d, destaca.<\/p>\n<p>Ainda de acordo com a colaboradora, ao entender como cuidar dessas informa\u00e7\u00f5es, sabe-se que a prote\u00e7\u00e3o est\u00e1 sendo dada tanto aos empregados da MGS quanto aos clientes e parceiros da empresa.<\/p>\n<p>\u201cIsso inclui a mim mesma, pois, assim como tenho acesso aos dados de outras pessoas, meus pr\u00f3prios dados tamb\u00e9m est\u00e3o protegidos\u201d, afirma.<\/p>\n<p>Fonte: Ag\u00eancia Minas<\/p>\n","protected":false},"excerpt":{"rendered":"<p>A\u00a0Minas Gerais Administra\u00e7\u00e3o e Servi\u00e7os S.A. (MGS), respons\u00e1vel pelo gerenciamento de mais de 230 mil caixas de documentos de \u00f3rg\u00e3os do\u00a0Governo de Minas, realizou um treinamento sobre a Lei Geral de Prote\u00e7\u00e3o de Dados (LGPD) para capacitar os colaboradores que atuam na gest\u00e3o documental. A iniciativa foi promovida pela Ger\u00eancia Jur\u00eddica Consultiva da MGS, em [&hellip;]<\/p>\n","protected":false},"author":246,"featured_media":227489,"comment_status":"closed","ping_status":"closed","sticky":false,"template":"","format":"standard","meta":{"footnotes":""},"categories":[436,261,254,439],"tags":[],"class_list":["post-227488","post","type-post","status-publish","format-standard","has-post-thumbnail","hentry","category-destaque-da-semana","category-economia","category-politica","category-ultima-hora"],"_links":{"self":[{"href":"https:\/\/diarioregionaldigital.com.br\/index.php?rest_route=\/wp\/v2\/posts\/227488","targetHints":{"allow":["GET"]}}],"collection":[{"href":"https:\/\/diarioregionaldigital.com.br\/index.php?rest_route=\/wp\/v2\/posts"}],"about":[{"href":"https:\/\/diarioregionaldigital.com.br\/index.php?rest_route=\/wp\/v2\/types\/post"}],"author":[{"embeddable":true,"href":"https:\/\/diarioregionaldigital.com.br\/index.php?rest_route=\/wp\/v2\/users\/246"}],"replies":[{"embeddable":true,"href":"https:\/\/diarioregionaldigital.com.br\/index.php?rest_route=%2Fwp%2Fv2%2Fcomments&post=227488"}],"version-history":[{"count":1,"href":"https:\/\/diarioregionaldigital.com.br\/index.php?rest_route=\/wp\/v2\/posts\/227488\/revisions"}],"predecessor-version":[{"id":227490,"href":"https:\/\/diarioregionaldigital.com.br\/index.php?rest_route=\/wp\/v2\/posts\/227488\/revisions\/227490"}],"wp:featuredmedia":[{"embeddable":true,"href":"https:\/\/diarioregionaldigital.com.br\/index.php?rest_route=\/wp\/v2\/media\/227489"}],"wp:attachment":[{"href":"https:\/\/diarioregionaldigital.com.br\/index.php?rest_route=%2Fwp%2Fv2%2Fmedia&parent=227488"}],"wp:term":[{"taxonomy":"category","embeddable":true,"href":"https:\/\/diarioregionaldigital.com.br\/index.php?rest_route=%2Fwp%2Fv2%2Fcategories&post=227488"},{"taxonomy":"post_tag","embeddable":true,"href":"https:\/\/diarioregionaldigital.com.br\/index.php?rest_route=%2Fwp%2Fv2%2Ftags&post=227488"}],"curies":[{"name":"wp","href":"https:\/\/api.w.org\/{rel}","templated":true}]}}