{"id":227485,"date":"2025-03-28T10:58:18","date_gmt":"2025-03-28T13:58:18","guid":{"rendered":"https:\/\/diarioregionaldigital.com.br\/?p=227485"},"modified":"2025-03-28T10:58:18","modified_gmt":"2025-03-28T13:58:18","slug":"governo-se-reune-com-municipios-para-apresentar-acoes-do-acordo-de-mariana-com-foco-em-saneamento","status":"publish","type":"post","link":"https:\/\/diarioregionaldigital.com.br\/?p=227485","title":{"rendered":"Governo se re\u00fane com munic\u00edpios para apresentar a\u00e7\u00f5es do Acordo de Mariana com foco em saneamento"},"content":{"rendered":"<p>O\u00a0<a href=\"https:\/\/www.mg.gov.br\/\" target=\"_blank\" rel=\"noopener\">Governo de Minas<\/a>, por meio do Comit\u00ea Pr\u00f3-Rio Doce, da\u00a0<a href=\"https:\/\/www.mg.gov.br\/planejamento\" target=\"_blank\" rel=\"noopener\">Secretaria de Estado de Planejamento e Gest\u00e3o (Seplag-MG)<\/a>, e da\u00a0<a href=\"https:\/\/meioambiente.mg.gov.br\/\" target=\"_blank\" rel=\"noopener\">Secretaria de Estado de Meio Ambiente e Desenvolvimento Sustent\u00e1vel (Semad-MG)<\/a>, se reuniu com representantes do Cons\u00f3rcio P\u00fablico de Defesa e Revitaliza\u00e7\u00e3o do Rio Doce (Coridoce) e de cinco munic\u00edpios mineiros da Bacia do Rio Doce para explicar o Novo Acordo de Mariana. O objetivo foi dialogar sobre a\u00e7\u00f5es que poder\u00e3o ser desenvolvidas para beneficiar a popula\u00e7\u00e3o no \u00e2mbito do saneamento. O Coridoce \u00e9 a organiza\u00e7\u00e3o que representa os munic\u00edpios da Bacia do Rio Doce.<\/p>\n<p>Participaram da reuni\u00e3o os prefeitos de Dom Silv\u00e9rio, Jose Br\u00e1ulio Aleixo, de Rio Piracicaba, Augusto Henrique da Silva, e de Sem-Peixe, \u00c9der El\u00f3i Pena, que tamb\u00e9m \u00e9 presidente do CoriDoce; os vice-prefeitos de Jaguara\u00e7u, Marco Val\u00e9rio Masseno, e de Alvin\u00f3polis, Cl\u00e1udio Alves Guilherme; o vereador de Jaguara\u00e7u, Jos\u00e9 Geraldo Marcelo, o secret\u00e1rio de Desenvolvimento de Alvin\u00f3polis, Adin\u00e9sio de Oliveira, o secret\u00e1rio Executivo do Coridoce, Jos\u00e9 Roberto Gariff, al\u00e9m de representantes da Secretaria de Estado de Meio Ambiente e Desenvolvimento Sustent\u00e1vel (Semad-MG).<\/p>\n<p>\u201cO Governo de Minas est\u00e1 aberto para receber os prefeitos e esclarecer d\u00favidas sobre o Acordo. Consideramos, especialmente sobre a pauta desta reuni\u00e3o, a import\u00e2ncia da interlocu\u00e7\u00e3o com os munic\u00edpios, que s\u00e3o os titulares da pol\u00edtica p\u00fablica e do servi\u00e7o de saneamento b\u00e1sico\u201d, afirmou a coordenadora-adjunta do Comit\u00ea Pr\u00f3-Rio Doce, Tha\u00eds Vilas Boas.<\/p>\n<p>O subsecret\u00e1rio de Saneamento da Semad-MG, Anderson Diniz, refor\u00e7ou a import\u00e2ncia da estrutura\u00e7\u00e3o do projeto e das a\u00e7\u00f5es voltadas para os 200 munic\u00edpios da Bacia do Doce, com foco no saneamento b\u00e1sico, na melhoria ambiental e na qualidade de vida da popula\u00e7\u00e3o. \u201cO fortalecimento dessas iniciativas \u00e9 fundamental para garantir o acesso a servi\u00e7os essenciais e a recupera\u00e7\u00e3o dos recursos h\u00eddricos da regi\u00e3o. Para isso, \u00e9 imprescind\u00edvel a articula\u00e7\u00e3o com os munic\u00edpios visando solu\u00e7\u00f5es conjuntas e sustent\u00e1veis para os desafios enfrentados\u201d, disse.<\/p>\n<p><b>Saneamento<\/b><\/p>\n<p>O Acordo direciona R$ 7,54 bilh\u00f5es para a\u00e7\u00f5es de saneamento b\u00e1sico do Estado de Minas Gerais, com prioridade para estrutura\u00e7\u00e3o e aportes em projetos de concess\u00e3o ou Parcerias P\u00fablico-Privadas (PPP), como a melhoria dos Sistemas de Abastecimento de \u00c1gua e do Esgotamento Sanit\u00e1rio, Res\u00edduos S\u00f3lidos e Macrodrenagem.<\/p>\n<p>A assinatura do Acordo foi realizada em outubro de 2024, pela Uni\u00e3o, estados de Minas Gerais, do Esp\u00edrito Santo, Defensorias P\u00fablicas e Minist\u00e9rios P\u00fablicos dos dois estados, Defensoria P\u00fablica e Minist\u00e9rio P\u00fablico da Uni\u00e3o, e pelas empresas respons\u00e1veis pela trag\u00e9dia, Samarco Minera\u00e7\u00e3o S.A., Vale S.A. e BHP Billiton Brasil Ltda.<\/p>\n<p>O desastre causou a morte de 19 pessoas, al\u00e9m de danos econ\u00f4micos e ambientais de grandes propor\u00e7\u00f5es. Os munic\u00edpios atingidos, localizados ao longo do rio Doce, ainda hoje sofrem as consequ\u00eancias do rompimento.<\/p>\n<p>Fonte: Ag\u00eancia Minas<\/p>\n","protected":false},"excerpt":{"rendered":"<p>O\u00a0Governo de Minas, por meio do Comit\u00ea Pr\u00f3-Rio Doce, da\u00a0Secretaria de Estado de Planejamento e Gest\u00e3o (Seplag-MG), e da\u00a0Secretaria de Estado de Meio Ambiente e Desenvolvimento Sustent\u00e1vel (Semad-MG), se reuniu com representantes do Cons\u00f3rcio P\u00fablico de Defesa e Revitaliza\u00e7\u00e3o do Rio Doce (Coridoce) e de cinco munic\u00edpios mineiros da Bacia do Rio Doce para explicar [&hellip;]<\/p>\n","protected":false},"author":246,"featured_media":227486,"comment_status":"closed","ping_status":"closed","sticky":false,"template":"","format":"standard","meta":{"footnotes":""},"categories":[436,261,254,439],"tags":[],"class_list":["post-227485","post","type-post","status-publish","format-standard","has-post-thumbnail","hentry","category-destaque-da-semana","category-economia","category-politica","category-ultima-hora"],"_links":{"self":[{"href":"https:\/\/diarioregionaldigital.com.br\/index.php?rest_route=\/wp\/v2\/posts\/227485","targetHints":{"allow":["GET"]}}],"collection":[{"href":"https:\/\/diarioregionaldigital.com.br\/index.php?rest_route=\/wp\/v2\/posts"}],"about":[{"href":"https:\/\/diarioregionaldigital.com.br\/index.php?rest_route=\/wp\/v2\/types\/post"}],"author":[{"embeddable":true,"href":"https:\/\/diarioregionaldigital.com.br\/index.php?rest_route=\/wp\/v2\/users\/246"}],"replies":[{"embeddable":true,"href":"https:\/\/diarioregionaldigital.com.br\/index.php?rest_route=%2Fwp%2Fv2%2Fcomments&post=227485"}],"version-history":[{"count":1,"href":"https:\/\/diarioregionaldigital.com.br\/index.php?rest_route=\/wp\/v2\/posts\/227485\/revisions"}],"predecessor-version":[{"id":227487,"href":"https:\/\/diarioregionaldigital.com.br\/index.php?rest_route=\/wp\/v2\/posts\/227485\/revisions\/227487"}],"wp:featuredmedia":[{"embeddable":true,"href":"https:\/\/diarioregionaldigital.com.br\/index.php?rest_route=\/wp\/v2\/media\/227486"}],"wp:attachment":[{"href":"https:\/\/diarioregionaldigital.com.br\/index.php?rest_route=%2Fwp%2Fv2%2Fmedia&parent=227485"}],"wp:term":[{"taxonomy":"category","embeddable":true,"href":"https:\/\/diarioregionaldigital.com.br\/index.php?rest_route=%2Fwp%2Fv2%2Fcategories&post=227485"},{"taxonomy":"post_tag","embeddable":true,"href":"https:\/\/diarioregionaldigital.com.br\/index.php?rest_route=%2Fwp%2Fv2%2Ftags&post=227485"}],"curies":[{"name":"wp","href":"https:\/\/api.w.org\/{rel}","templated":true}]}}