{"id":227478,"date":"2025-03-28T10:56:31","date_gmt":"2025-03-28T13:56:31","guid":{"rendered":"https:\/\/diarioregionaldigital.com.br\/?p=227478"},"modified":"2025-03-28T10:56:46","modified_gmt":"2025-03-28T13:56:46","slug":"lances-para-leilao-eletronico-de-25-imoveis-do-estado-encerram-no-proximo-dia-31-3","status":"publish","type":"post","link":"https:\/\/diarioregionaldigital.com.br\/?p=227478","title":{"rendered":"Lances para leil\u00e3o eletr\u00f4nico de 25 im\u00f3veis do Estado encerram no pr\u00f3ximo dia 31\/3"},"content":{"rendered":"<p>O <a id=\"OWA2913dc78-6942-e5d0-881e-c5b6deccf0b5\" title=\"https:\/\/www.mg.gov.br\/\" href=\"https:\/\/www.mg.gov.br\/\" target=\"_blank\" rel=\"noopener noreferrer\" data-auth=\"NotApplicable\" data-linkindex=\"0\">Governo de Minas<\/a>, por meio da\u00a0<a id=\"OWAe747a860-01c4-9a9c-8b41-f0d6f1d0fc50\" title=\"https:\/\/desenvolvimento.mg.gov.br\/\" href=\"https:\/\/desenvolvimento.mg.gov.br\/\" target=\"_blank\" rel=\"noopener noreferrer\" data-auth=\"NotApplicable\" data-linkindex=\"1\">Secretaria de Estado de Desenvolvimento Econ\u00f4mico de Minas Gerais (Sede)<\/a>\u00a0e de sua vinculada\u00a0<a id=\"OWA9e184767-0518-aa20-bec8-0c46b94ceba3\" title=\"https:\/\/www.mgipar.com.br\" href=\"https:\/\/www.mgipar.com.br\/\" target=\"_blank\" rel=\"noopener noreferrer\" data-auth=\"NotApplicable\" data-linkindex=\"2\">Minas Gerais Participa\u00e7\u00f5es S.A. (MGI)<\/a>, realiza mais um certame para a venda de im\u00f3veis do Estado.<\/p>\n<div class=\"clear col-md-10 col-md-offset-1 \">\n<p>O\u00a0<a id=\"OWA2f531473-434c-3471-8c55-88a0fa0f41bf\" title=\"https:\/\/www.mgileiloes.com.br\/portal\/index.php?pg=busca_rs&amp;leilao_busca=590\" href=\"https:\/\/www.mgileiloes.com.br\/portal\/index.php?pg=busca_rs&amp;leilao_busca=590\" target=\"_blank\" rel=\"noopener noreferrer\" data-auth=\"NotApplicable\" data-linkindex=\"3\">Leil\u00e3o Eletr\u00f4nico MGI 03\/2025<\/a>, que est\u00e1 aberto desde o dia 25\/2, oferece 25 propriedades, entre galp\u00f5es, lojas e terrenos, localizadas nos munic\u00edpios de Arax\u00e1, Divin\u00f3polis, Governador Valadares, Par\u00e1 de Minas, Ub\u00e1 e Uberaba. Interessados podem dar lances at\u00e9 a pr\u00f3xima segunda-feira (31\/3).<\/p>\n<p>\u201cA aliena\u00e7\u00e3o de im\u00f3veis ociosos do Estado, por meio de processos licitat\u00f3rios, \u00e9 uma pol\u00edtica de gest\u00e3o de ativos do Governo de Minas que garante, ao mesmo tempo, a arrecada\u00e7\u00e3o de recursos para as pol\u00edticas p\u00fablicas priorit\u00e1rias, bem como a redu\u00e7\u00e3o de despesas com a manuten\u00e7\u00e3o de im\u00f3veis inserv\u00edveis. Isso traz mais efici\u00eancia para a administra\u00e7\u00e3o p\u00fablica\u201d, destaca o subsecret\u00e1rio de Gest\u00e3o de Im\u00f3veis da Sede, Eduardo Quintanilha de Albuquerque.<\/p>\n<p>\u201cA MGI \u00e9 a estatal refer\u00eancia de leil\u00f5es de im\u00f3veis p\u00fablicos hoje no pa\u00eds e isso foi poss\u00edvel pelo profissionalismo que desenvolvemos no atendimento ao cliente desde o seu primeiro atendimento at\u00e9 a assinatura da escritura de transfer\u00eancia de propriedade, garantindo efici\u00eancia e seguran\u00e7a a todo o processo de aquisi\u00e7\u00e3o\u201d, afirma o diretor-presidente da MGI, Weverton Vilas Boas.<\/p>\n<p><strong>Como participar<\/strong><\/p>\n<p>Est\u00e3o aptas a participarem pessoas f\u00edsicas ou jur\u00eddicas, associadas ou n\u00e3o, domiciliadas ou estabelecidas em qualquer parte do Brasil, exceto nas hip\u00f3teses previstas no edital.<\/p>\n<p>Para consultar o edital do Leil\u00e3o Eletr\u00f4nico MGI 03\/2025\u00a0<a id=\"OWA12e9000a-d89f-680a-01fb-fb0995e36036\" title=\"https:\/\/www.mgipart.com.br\/public\/files\/files\/2025\/Venda_de_Imoveis\/Leilao%20003%202025\/SEI_108240946_Edital_de_leilao_03_2025.pdf\" href=\"https:\/\/www.mgipart.com.br\/public\/files\/files\/2025\/Venda_de_Imoveis\/Leilao%20003%202025\/SEI_108240946_Edital_de_leilao_03_2025.pdf\" target=\"_blank\" rel=\"noopener noreferrer\" data-auth=\"NotApplicable\" data-linkindex=\"4\">clique aqui<\/a>. Demais informa\u00e7\u00f5es sobre os im\u00f3veis podem ser conferidas na p\u00e1gina de\u00a0<a id=\"OWA1de3dcf0-962a-bc71-ccd9-98d87a6f9b23\" title=\"https:\/\/www.mgileiloes.com.br\/portal\/index.php?pg=leilao_lote&amp;rsm=0&amp;idleilao=590&amp;lote=175\" href=\"https:\/\/www.mgileiloes.com.br\/portal\/index.php?pg=leilao_lote&amp;rsm=0&amp;idleilao=590&amp;lote=175\" target=\"_blank\" rel=\"noopener noreferrer\" data-auth=\"NotApplicable\" data-linkindex=\"5\">Venda de Im\u00f3veis<\/a>\u00a0no site da MGI.<\/p>\n<p>Os interessados devem se cadastrar previamente, at\u00e9 \u00e0s 9h do dia 31\/3, no site mencionado, mediante o envio dos documentos relacionados no edital. Os lances podem ser feitos at\u00e9 as 10h do mesmo dia (hor\u00e1rio de refer\u00eancia limite para o item 1 do edital).<\/p>\n<p><strong>Mais informa\u00e7\u00f5es<\/strong><\/p>\n<p>Em caso de d\u00favidas ou marca\u00e7\u00e3o para visitas nos im\u00f3veis, os interessados podem contatar a MGI, atrav\u00e9s dos telefones (31) 3915-4888 ou WhatsApp (31) 97320-0480 no hor\u00e1rio de 09h \u00e0s 18h ou pelo email vendas@mgipar.com.br<\/p>\n<p>Fonte: Ag\u00eancia Minas<\/p>\n<\/div>\n<p>&nbsp;<\/p>\n","protected":false},"excerpt":{"rendered":"<p>O Governo de Minas, por meio da\u00a0Secretaria de Estado de Desenvolvimento Econ\u00f4mico de Minas Gerais (Sede)\u00a0e de sua vinculada\u00a0Minas Gerais Participa\u00e7\u00f5es S.A. (MGI), realiza mais um certame para a venda de im\u00f3veis do Estado. O\u00a0Leil\u00e3o Eletr\u00f4nico MGI 03\/2025, que est\u00e1 aberto desde o dia 25\/2, oferece 25 propriedades, entre galp\u00f5es, lojas e terrenos, localizadas nos [&hellip;]<\/p>\n","protected":false},"author":246,"featured_media":227479,"comment_status":"closed","ping_status":"closed","sticky":false,"template":"","format":"standard","meta":{"footnotes":""},"categories":[436,440,261,254,439],"tags":[],"class_list":["post-227478","post","type-post","status-publish","format-standard","has-post-thumbnail","hentry","category-destaque-da-semana","category-destaques-do-dia","category-economia","category-politica","category-ultima-hora"],"_links":{"self":[{"href":"https:\/\/diarioregionaldigital.com.br\/index.php?rest_route=\/wp\/v2\/posts\/227478","targetHints":{"allow":["GET"]}}],"collection":[{"href":"https:\/\/diarioregionaldigital.com.br\/index.php?rest_route=\/wp\/v2\/posts"}],"about":[{"href":"https:\/\/diarioregionaldigital.com.br\/index.php?rest_route=\/wp\/v2\/types\/post"}],"author":[{"embeddable":true,"href":"https:\/\/diarioregionaldigital.com.br\/index.php?rest_route=\/wp\/v2\/users\/246"}],"replies":[{"embeddable":true,"href":"https:\/\/diarioregionaldigital.com.br\/index.php?rest_route=%2Fwp%2Fv2%2Fcomments&post=227478"}],"version-history":[{"count":2,"href":"https:\/\/diarioregionaldigital.com.br\/index.php?rest_route=\/wp\/v2\/posts\/227478\/revisions"}],"predecessor-version":[{"id":227481,"href":"https:\/\/diarioregionaldigital.com.br\/index.php?rest_route=\/wp\/v2\/posts\/227478\/revisions\/227481"}],"wp:featuredmedia":[{"embeddable":true,"href":"https:\/\/diarioregionaldigital.com.br\/index.php?rest_route=\/wp\/v2\/media\/227479"}],"wp:attachment":[{"href":"https:\/\/diarioregionaldigital.com.br\/index.php?rest_route=%2Fwp%2Fv2%2Fmedia&parent=227478"}],"wp:term":[{"taxonomy":"category","embeddable":true,"href":"https:\/\/diarioregionaldigital.com.br\/index.php?rest_route=%2Fwp%2Fv2%2Fcategories&post=227478"},{"taxonomy":"post_tag","embeddable":true,"href":"https:\/\/diarioregionaldigital.com.br\/index.php?rest_route=%2Fwp%2Fv2%2Ftags&post=227478"}],"curies":[{"name":"wp","href":"https:\/\/api.w.org\/{rel}","templated":true}]}}