{"id":227467,"date":"2025-03-27T20:45:14","date_gmt":"2025-03-27T23:45:14","guid":{"rendered":"https:\/\/diarioregionaldigital.com.br\/?p=227467"},"modified":"2025-03-27T20:45:14","modified_gmt":"2025-03-27T23:45:14","slug":"painel-mulheres-e-mudancas-climaticas-reuniu-mais-de-cem-participantes-nesta-quarta-26","status":"publish","type":"post","link":"https:\/\/diarioregionaldigital.com.br\/?p=227467","title":{"rendered":"Painel \u201cMulheres e Mudan\u00e7as Clim\u00e1ticas\u201d reuniu mais de cem participantes nesta quarta, 26"},"content":{"rendered":"<p>Segundo informa\u00e7\u00f5es do site da Prefeitura de Juiz de Fora (PJF), a PJF promoveu o painel \u201cMulheres e Mudan\u00e7as Clim\u00e1ticas: Lideran\u00e7a, Desafios e Solu\u00e7\u00f5es\u201d, nesta quarta-feira, 26, como parte da programa\u00e7\u00e3o da \u201cSemana da \u00c1gua\u201d, coordenada pela Secretaria de Meio Ambiente e Mudan\u00e7as Clim\u00e1ticas, e do \u201cMar\u00e7o + Mulher + Democracia\u201d, coordenado pela Secretaria Especial das Mulheres. O evento reuniu mais de cem participantes no audit\u00f3rio do pr\u00e9dio-sede da PJF. Na ocasi\u00e3o, foi\u00a0 lan\u00e7ado o \u201cN\u00facleo de Prote\u00e7\u00e3o e Defesa Civil (NUPDEC) &#8211; Mulheres\u201d, especialmente voltado para lideran\u00e7as femininas. O projeto ir\u00e1 promover capacita\u00e7\u00e3o para a gest\u00e3o de desastres clim\u00e1ticos, ampliando a cultura de preven\u00e7\u00e3o na nossa cidade. <a href=\"https:\/\/docs.google.com\/forms\/d\/1Y9XxdOUwOo6FkNU9meR6l82WNndLlx86yNxZp-qllL0\/viewform?edit_requested=true\">As inscri\u00e7\u00f5es est\u00e3o abertas<\/a>\u00a0para mulheres acima de 18 anos que residem em \u00e1reas de risco.<\/p>\n<p>O evento contou com a presen\u00e7a da Prefeita Margarida Salom\u00e3o, da Secret\u00e1ria de Meio Ambiente Aline Junqueira, da Secret\u00e1ria de Mulheres Lourdes Milit\u00e3o, da Secret\u00e1ria de Desenvolvimento Urbano com Participa\u00e7\u00e3o Popular Cidinha Louzada e das painelistas: Aline Proc\u00f3pio, mestra em engenharia ambiental e doutora em metereologia; Amanda Andrade, comunicadora socioambiental; Camila Tavares, mestra em geografia; e Mestra Zez\u00e9, mestra em saberes tradicionais<strong>.<\/p>\n<p>&#8220;<\/strong>Isso que estamos fazendo em Juiz de Fora \u00e9 muito importante. A Defesa Civil mapeou a cidade toda e \u00e9, inclusive, isso que nos subsidiou a fazer os projetos que mandamos para o PAC e BNDES. N\u00f3s temos o conhecimento de quais s\u00e3o as \u00e1reas que mais necessitam de investimento p\u00fablico&#8221;, destacou a prefeita.<\/p>\n<p>Durante o debate, destacou-se que as mulheres s\u00e3o afetadas pela crise clim\u00e1tica de forma desproporcional. \u201cAs mudan\u00e7as clim\u00e1ticas prejudicam mais aqueles que, nas circunst\u00e2ncias normais da vida, j\u00e1 est\u00e3o sempre vivendo com alguma desvantagem. Mas, tamb\u00e9m \u00e9 importante ressaltar o protagonismo das mulheres no enfrentamento dos desafios clim\u00e1ticos e na constru\u00e7\u00e3o de uma cidade mais resiliente, com a implanta\u00e7\u00e3o de pol\u00edticas p\u00fablicas de preven\u00e7\u00e3o e planejamento, al\u00e9m do mapeamento das \u00e1reas de risco e identifica\u00e7\u00e3o de \u00e1reas mais vulner\u00e1veis&#8221;, destacou.<\/p>\n<div><\/div>\n","protected":false},"excerpt":{"rendered":"<p>Segundo informa\u00e7\u00f5es do site da Prefeitura de Juiz de Fora (PJF), a PJF promoveu o painel \u201cMulheres e Mudan\u00e7as Clim\u00e1ticas: Lideran\u00e7a, Desafios e Solu\u00e7\u00f5es\u201d, nesta quarta-feira, 26, como parte da programa\u00e7\u00e3o da \u201cSemana da \u00c1gua\u201d, coordenada pela Secretaria de Meio Ambiente e Mudan\u00e7as Clim\u00e1ticas, e do \u201cMar\u00e7o + Mulher + Democracia\u201d, coordenado pela Secretaria Especial [&hellip;]<\/p>\n","protected":false},"author":246,"featured_media":227468,"comment_status":"closed","ping_status":"closed","sticky":false,"template":"","format":"standard","meta":{"footnotes":""},"categories":[253,436,440,439],"tags":[],"class_list":["post-227467","post","type-post","status-publish","format-standard","has-post-thumbnail","hentry","category-cidade","category-destaque-da-semana","category-destaques-do-dia","category-ultima-hora"],"_links":{"self":[{"href":"https:\/\/diarioregionaldigital.com.br\/index.php?rest_route=\/wp\/v2\/posts\/227467","targetHints":{"allow":["GET"]}}],"collection":[{"href":"https:\/\/diarioregionaldigital.com.br\/index.php?rest_route=\/wp\/v2\/posts"}],"about":[{"href":"https:\/\/diarioregionaldigital.com.br\/index.php?rest_route=\/wp\/v2\/types\/post"}],"author":[{"embeddable":true,"href":"https:\/\/diarioregionaldigital.com.br\/index.php?rest_route=\/wp\/v2\/users\/246"}],"replies":[{"embeddable":true,"href":"https:\/\/diarioregionaldigital.com.br\/index.php?rest_route=%2Fwp%2Fv2%2Fcomments&post=227467"}],"version-history":[{"count":1,"href":"https:\/\/diarioregionaldigital.com.br\/index.php?rest_route=\/wp\/v2\/posts\/227467\/revisions"}],"predecessor-version":[{"id":227469,"href":"https:\/\/diarioregionaldigital.com.br\/index.php?rest_route=\/wp\/v2\/posts\/227467\/revisions\/227469"}],"wp:featuredmedia":[{"embeddable":true,"href":"https:\/\/diarioregionaldigital.com.br\/index.php?rest_route=\/wp\/v2\/media\/227468"}],"wp:attachment":[{"href":"https:\/\/diarioregionaldigital.com.br\/index.php?rest_route=%2Fwp%2Fv2%2Fmedia&parent=227467"}],"wp:term":[{"taxonomy":"category","embeddable":true,"href":"https:\/\/diarioregionaldigital.com.br\/index.php?rest_route=%2Fwp%2Fv2%2Fcategories&post=227467"},{"taxonomy":"post_tag","embeddable":true,"href":"https:\/\/diarioregionaldigital.com.br\/index.php?rest_route=%2Fwp%2Fv2%2Ftags&post=227467"}],"curies":[{"name":"wp","href":"https:\/\/api.w.org\/{rel}","templated":true}]}}