{"id":227464,"date":"2025-03-27T20:44:15","date_gmt":"2025-03-27T23:44:15","guid":{"rendered":"https:\/\/diarioregionaldigital.com.br\/?p=227464"},"modified":"2025-03-27T20:44:15","modified_gmt":"2025-03-27T23:44:15","slug":"37o-ranking-de-corridas-de-rua-da-pjf-comeca-neste-domingo-30","status":"publish","type":"post","link":"https:\/\/diarioregionaldigital.com.br\/?p=227464","title":{"rendered":"37\u00ba Ranking de Corridas de Rua da PJF come\u00e7a neste domingo (30)"},"content":{"rendered":"<p>Segundo informa\u00e7\u00f5es do site da Prefeitura de Juiz de Fora (PJF), a\u00a0Secretaria de Esporte e Lazer (SEL) da Prefeitura de Juiz de Fora (PJF) dar\u00e1 in\u00edcio ao 37\u00ba\u00a0 Ranking de Corridas de Rua na Via S\u00e3o Pedro, em frente\u00a0 ao Centro de Futebol Zico, no pr\u00f3ximo domingo (30), com a 5\u00aa Corrida do Bahamas.<\/p>\n<p>A competi\u00e7\u00e3o marca o retorno da participa\u00e7\u00e3o de atletas de 14 e 15 anos na prova infantil, incentivando ainda mais o envolvimento dos jovens no esporte. Na corrida principal s\u00e3o 3.286 inscritos, al\u00e9m de 247 participantes na corrida infantil, que conta com crian\u00e7as de 2 a 15 anos.<\/p>\n<p>&#8220;O n\u00famero de participantes do Raking aumentou significativamente nos \u00faltimos anos. O trabalho da Secretaria de Esporte e Lazer visa a manter a qualidade e a excel\u00eancia dessas corridas, para que todos sintam-se felizes&#8221;, destaca o secret\u00e1rio de Esporte e Lazer, Marcelo Matta, destacando que a PJF busca tornar a competi\u00e7\u00e3o ainda mais inclusiva e acess\u00edvel, ampliando a participa\u00e7\u00e3o de atletas e aprimorando a estrutura do evento.<\/p>\n<p>Uma das principais novidades \u00e9 a amplia\u00e7\u00e3o do pelot\u00e3o de elite, que passar\u00e1 de 20 para at\u00e9 25 atletas, tanto no masculino quanto no feminino. Al\u00e9m disso, o n\u00famero de competidores que pontuam na classifica\u00e7\u00e3o geral ser\u00e1 ampliado, subindo de 20 para 50 por prova, permitindo que mais corredores tenham a chance de se destacar ao longo da competi\u00e7\u00e3o.<\/p>\n<p>As tabelas de pontua\u00e7\u00e3o tamb\u00e9m foram reformuladas, trazendo ajustes tanto para a classifica\u00e7\u00e3o geral quanto para as equipes de Pessoas com Defici\u00eancia (PCD). Outra novidade importante \u00e9 que os tr\u00eas primeiros colocados gerais da categoria PCD, no masculino e feminino, ser\u00e3o premiados independentemente da classifica\u00e7\u00e3o funcional, tornando a disputa mais equilibrada e valorizando o desempenho de todos os participantes.<\/p>\n<p>O ranking tem como objetivo incentivar a pr\u00e1tica esportiva, al\u00e9m de promover a sa\u00fade e o bem-estar da popula\u00e7\u00e3o. Cada etapa ser\u00e1 disputada em diferentes percursos, em diversos pontos da cidade, proporcionando desafios para corredores de todos os n\u00edveis e idades.<\/p>\n<p>Outras informa\u00e7\u00f5es:<\/p>\n<p>(32) 3690-7845 &#8211;\u00a0 Secretaria de Esporte e Lazer<\/p>\n<p>(32) 3690-7844 &#8211; Gabinete da SEL<\/p>\n","protected":false},"excerpt":{"rendered":"<p>Segundo informa\u00e7\u00f5es do site da Prefeitura de Juiz de Fora (PJF), a\u00a0Secretaria de Esporte e Lazer (SEL) da Prefeitura de Juiz de Fora (PJF) dar\u00e1 in\u00edcio ao 37\u00ba\u00a0 Ranking de Corridas de Rua na Via S\u00e3o Pedro, em frente\u00a0 ao Centro de Futebol Zico, no pr\u00f3ximo domingo (30), com a 5\u00aa Corrida do Bahamas. A [&hellip;]<\/p>\n","protected":false},"author":246,"featured_media":227465,"comment_status":"closed","ping_status":"closed","sticky":false,"template":"","format":"standard","meta":{"footnotes":""},"categories":[253,436,440,257,439],"tags":[],"class_list":["post-227464","post","type-post","status-publish","format-standard","has-post-thumbnail","hentry","category-cidade","category-destaque-da-semana","category-destaques-do-dia","category-esporte","category-ultima-hora"],"_links":{"self":[{"href":"https:\/\/diarioregionaldigital.com.br\/index.php?rest_route=\/wp\/v2\/posts\/227464","targetHints":{"allow":["GET"]}}],"collection":[{"href":"https:\/\/diarioregionaldigital.com.br\/index.php?rest_route=\/wp\/v2\/posts"}],"about":[{"href":"https:\/\/diarioregionaldigital.com.br\/index.php?rest_route=\/wp\/v2\/types\/post"}],"author":[{"embeddable":true,"href":"https:\/\/diarioregionaldigital.com.br\/index.php?rest_route=\/wp\/v2\/users\/246"}],"replies":[{"embeddable":true,"href":"https:\/\/diarioregionaldigital.com.br\/index.php?rest_route=%2Fwp%2Fv2%2Fcomments&post=227464"}],"version-history":[{"count":1,"href":"https:\/\/diarioregionaldigital.com.br\/index.php?rest_route=\/wp\/v2\/posts\/227464\/revisions"}],"predecessor-version":[{"id":227466,"href":"https:\/\/diarioregionaldigital.com.br\/index.php?rest_route=\/wp\/v2\/posts\/227464\/revisions\/227466"}],"wp:featuredmedia":[{"embeddable":true,"href":"https:\/\/diarioregionaldigital.com.br\/index.php?rest_route=\/wp\/v2\/media\/227465"}],"wp:attachment":[{"href":"https:\/\/diarioregionaldigital.com.br\/index.php?rest_route=%2Fwp%2Fv2%2Fmedia&parent=227464"}],"wp:term":[{"taxonomy":"category","embeddable":true,"href":"https:\/\/diarioregionaldigital.com.br\/index.php?rest_route=%2Fwp%2Fv2%2Fcategories&post=227464"},{"taxonomy":"post_tag","embeddable":true,"href":"https:\/\/diarioregionaldigital.com.br\/index.php?rest_route=%2Fwp%2Fv2%2Ftags&post=227464"}],"curies":[{"name":"wp","href":"https:\/\/api.w.org\/{rel}","templated":true}]}}