{"id":227456,"date":"2025-03-27T13:26:15","date_gmt":"2025-03-27T16:26:15","guid":{"rendered":"https:\/\/diarioregionaldigital.com.br\/?p=227456"},"modified":"2025-03-27T13:26:15","modified_gmt":"2025-03-27T16:26:15","slug":"ponderando-sobre-a-origem-do-sol","status":"publish","type":"post","link":"https:\/\/diarioregionaldigital.com.br\/?p=227456","title":{"rendered":"Ponderando sobre a origem do Sol"},"content":{"rendered":"<p>&#8220;<span class=\"s2\">O sol n\u00e3o faz distin\u00e7\u00e3o entre as vidra\u00e7as do rico e as telhas do pobre.<\/span>&#8221;<\/p>\n<p>(Machado de Assis, Mem\u00f3rias P\u00f3stumas de Br\u00e1s Cubas)<\/p>\n<p>&nbsp;<\/p>\n<p>A exist\u00eancia do Sol, astro central de nosso sistema, \u00e9 sustentada por um equil\u00edbrio extraordin\u00e1rio: em seu n\u00facleo, a cada segundo, milh\u00f5es de toneladas de hidrog\u00eanio s\u00e3o convertidas em h\u00e9lio por meio de fus\u00e3o nuclear, liberando energia equivalente a bilh\u00f5es de bombas at\u00f4micas. Esse processo, no entanto, depende de uma condi\u00e7\u00e3o primordial, a for\u00e7a gravitacional. A gravidade comprime o plasma solar a press\u00f5es e temperaturas t\u00e3o extremas que os n\u00facleos at\u00f4micos superam sua repuls\u00e3o eletromagn\u00e9tica e se fundem. E \u00e9 justamente aqui que surge um paradoxo intrigante: se a pr\u00f3pria gravidade \u00e9 produto da massa concentrada de uma estrela, como explicar o in\u00edcio das primeiras rea\u00e7\u00f5es de fus\u00e3o em um universo primordial supostamente desprovido de estruturas massivas?<\/p>\n<p>&nbsp;<\/p>\n<p>A cosmologia contempor\u00e2nea sugere que o Sol e as primeiras estrelas surgiram de nuvens de g\u00e1s interestelar que colapsaram aleatoriamente devido a flutua\u00e7\u00f5es qu\u00e2nticas ou varia\u00e7\u00f5es de densidade p\u00f3s-Big Bang. Contudo, essa explica\u00e7\u00e3o enfrenta um desafio circular: para que o colapso gravitacional ocorra, \u00e9 necess\u00e1ria uma massa cr\u00edtica, mas a forma\u00e7\u00e3o de tal massa depende de for\u00e7as que, em est\u00e1gios iniciais, n\u00e3o existiriam em escala suficiente para desencadear o processo. Em outras palavras, a gravidade requer massa para existir, e a massa requer gravidade para se condensar. Como romper esse ciclo sem postular um mecanismo pr\u00e9vio ou uma condi\u00e7\u00e3o inicial inexplicada?<\/p>\n<p>&nbsp;<\/p>\n<p>Al\u00e9m disso, a fus\u00e3o nuclear exige, al\u00e9m da gravidade, uma sintonia precisa entre constantes fundamentais. A for\u00e7a nuclear forte, respons\u00e1vel por manter pr\u00f3tons unidos no n\u00facleo, deve ser suficientemente intensa para permitir a fus\u00e3o, mas n\u00e3o t\u00e3o forte a ponto de esgotar o combust\u00edvel estelar prematuramente. A constante gravitacional, por sua vez, precisa estar calibrada para gerar press\u00e3o interna sem destruir a estrutura da estrela. A coincid\u00eancia desses valores, um equil\u00edbrio que permite a exist\u00eancia prolongada de estrelas como o Sol, certamente transcende a aleatoriedade. Se processos n\u00e3o guiados fossem respons\u00e1veis, seria esperada uma distribui\u00e7\u00e3o ca\u00f3tica de constantes f\u00edsicas, incapaz de sustentar sistemas t\u00e3o interdependentes.<\/p>\n<p>&nbsp;<\/p>\n<p>A resposta convencional apela para as \u00a0\u201ccondi\u00e7\u00f5es iniciais\u201d t\u00e3o sobrenaturais quanto inexplic\u00e1veis. Alguns chegam \u00e0s raias do rid\u00edculo ao especular acerca de multiversos hipot\u00e9ticos, onde o nosso universo seria um acidente estat\u00edstico entre infinitas possibilidades. Essa abordagem, por\u00e9m, substitui uma lacuna cient\u00edfica por uma especula\u00e7\u00e3o metaf\u00edsica, hist\u00f3rias fant\u00e1sticas e hip\u00f3teses de car\u00e1ter claramente religioso: assume-se a exist\u00eancia de um mecanismo n\u00e3o observado (como flutua\u00e7\u00f5es pr\u00e9-gravitacionais) ou de infinitos universos paralelos, sem qualquer evid\u00eancia emp\u00edrica.<\/p>\n<p>&nbsp;<\/p>\n<p>A investiga\u00e7\u00e3o cient\u00edfica s\u00e9ria e desprovida de preconceitos, n\u00e3o pode atribuir complexidade irredut\u00edvel a processos absurdos. O paradoxo que os materialistas n\u00e3o conseguem suportar \u00e9 o seguinte: se a ci\u00eancia se limita ao natural, por que processos naturais exigem, para sua pr\u00f3pria explica\u00e7\u00e3o, pressupostos que escapam \u00e0 naturalidade?<\/p>\n<p>&nbsp;<\/p>\n<p>Uma perspectiva alternativa prop\u00f5e que a origem do Sol e de sistemas estelares n\u00e3o \u00e9 meramente produto de for\u00e7as cegas, mas reflete um arranjo intencional. Assim como a igni\u00e7\u00e3o de uma m\u00e1quina complexa demanda um projeto pr\u00e9vio (com pe\u00e7as e engrenagens ajustadas para interagir de modo espec\u00edfico), a ignisvita estelar requer O Agente causal anterior ao pr\u00f3prio surgimento das leis f\u00edsicas. Se a gravidade, as constantes nucleares e as condi\u00e7\u00f5es iniciais do cosmos est\u00e3o harmonizadas para permitir a exist\u00eancia de estrelas ou a pr\u00f3pria vida, tal sintonia sugere uma causalidade transcendente.<\/p>\n<p>&nbsp;<\/p>\n<p>Enquanto a narrativa naturalista recorre a \u201cmilagres sem santo\u201d, o bom senso sugere a seguinte reflex\u00e3o: se o Sol, assim como tudo no universo, desafiam explica\u00e7\u00f5es reducionistas, talvez a busca por respostas deva ir al\u00e9m do acaso e o mais sensato seja se entregar \u00e0 \u00f3bvia possibilidade de que o universo n\u00e3o apenas existe, mas foi concebido para existir.<\/p>\n","protected":false},"excerpt":{"rendered":"<p>&#8220;O sol n\u00e3o faz distin\u00e7\u00e3o entre as vidra\u00e7as do rico e as telhas do pobre.&#8221; (Machado de Assis, Mem\u00f3rias P\u00f3stumas de Br\u00e1s Cubas) &nbsp; A exist\u00eancia do Sol, astro central de nosso sistema, \u00e9 sustentada por um equil\u00edbrio extraordin\u00e1rio: em seu n\u00facleo, a cada segundo, milh\u00f5es de toneladas de hidrog\u00eanio s\u00e3o convertidas em h\u00e9lio por [&hellip;]<\/p>\n","protected":false},"author":246,"featured_media":0,"comment_status":"closed","ping_status":"closed","sticky":false,"template":"","format":"standard","meta":{"footnotes":""},"categories":[1244],"tags":[],"class_list":["post-227456","post","type-post","status-publish","format-standard","hentry","category-oleg-abramov"],"_links":{"self":[{"href":"https:\/\/diarioregionaldigital.com.br\/index.php?rest_route=\/wp\/v2\/posts\/227456","targetHints":{"allow":["GET"]}}],"collection":[{"href":"https:\/\/diarioregionaldigital.com.br\/index.php?rest_route=\/wp\/v2\/posts"}],"about":[{"href":"https:\/\/diarioregionaldigital.com.br\/index.php?rest_route=\/wp\/v2\/types\/post"}],"author":[{"embeddable":true,"href":"https:\/\/diarioregionaldigital.com.br\/index.php?rest_route=\/wp\/v2\/users\/246"}],"replies":[{"embeddable":true,"href":"https:\/\/diarioregionaldigital.com.br\/index.php?rest_route=%2Fwp%2Fv2%2Fcomments&post=227456"}],"version-history":[{"count":1,"href":"https:\/\/diarioregionaldigital.com.br\/index.php?rest_route=\/wp\/v2\/posts\/227456\/revisions"}],"predecessor-version":[{"id":227457,"href":"https:\/\/diarioregionaldigital.com.br\/index.php?rest_route=\/wp\/v2\/posts\/227456\/revisions\/227457"}],"wp:attachment":[{"href":"https:\/\/diarioregionaldigital.com.br\/index.php?rest_route=%2Fwp%2Fv2%2Fmedia&parent=227456"}],"wp:term":[{"taxonomy":"category","embeddable":true,"href":"https:\/\/diarioregionaldigital.com.br\/index.php?rest_route=%2Fwp%2Fv2%2Fcategories&post=227456"},{"taxonomy":"post_tag","embeddable":true,"href":"https:\/\/diarioregionaldigital.com.br\/index.php?rest_route=%2Fwp%2Fv2%2Ftags&post=227456"}],"curies":[{"name":"wp","href":"https:\/\/api.w.org\/{rel}","templated":true}]}}