{"id":227453,"date":"2025-03-27T01:51:45","date_gmt":"2025-03-27T04:51:45","guid":{"rendered":"https:\/\/diarioregionaldigital.com.br\/?p=227453"},"modified":"2025-03-27T01:51:45","modified_gmt":"2025-03-27T04:51:45","slug":"associacao-brasileira-beneficente-de-apoio-ao-cidadao-edital-de-convocacao-assembleia-geral-ordinaria-27-03-2025","status":"publish","type":"post","link":"https:\/\/diarioregionaldigital.com.br\/?p=227453","title":{"rendered":"ASSOCIA\u00c7\u00c3O BRASILEIRA BENEFICENTE DE APOIO AO CIDAD\u00c3O EDITAL DE  CONVOCA\u00c7\u00c3O ASSEMBLEIA GERAL ORDIN\u00c1RIA  &#8211;  27\/03\/2025"},"content":{"rendered":"<p>ASSOCIA\u00c7\u00c3O BRASILEIRA BENEFICENTE DE APOIO AO CIDAD\u00c3O EDITAL DE<\/p>\n<p>CONVOCA\u00c7\u00c3O ASSEMBLEIA GERAL ORDIN\u00c1RIA<\/p>\n<p>A Presidente da Diretoria da Associa\u00e7\u00e3o Brasileira Beneficente de Apoio ao Cidad\u00e3o, situada na Av. Bar\u00e3o do Rio Branco n\u00ba 2.288\/1907, bairro Centro, Juiz de Fora\/MG, CEP 36.016-310, inscrito no CNPJ n\u00ba<\/p>\n<p>07.030.719\/0001-14, no uso de suas atribui\u00e7\u00f5es e na forma convencional prevista, de acordo as Leis vigentes e no Estatuto da Associa\u00e7\u00e3o, bem como nas demais legisla\u00e7\u00f5es supervenientes aplic\u00e1veis e inerentes a<\/p>\n<p>ASSOCIA\u00c7\u00c3O, convoca os ASSOCIADOS para uma Assembleia Geral Extraordin\u00e1ria a fim de deliberar sobre a seguinte pauta:<\/p>\n<p>1. Eleger e dar posse aos novos membros da Diretoria, Conselho Fiscal e suplentes para o tri\u00eanio 2025 a 2027;<\/p>\n<p>2. Altera\u00e7\u00e3o de CNAE da unidade filial ABBAC Bom Jardim de Minas CNPJ 07.030.719\/0002-03;<\/p>\n<p>3. Mudan\u00e7a de endere\u00e7o da unidade filial ABBAC Rio Novo CNPJ 07.030.719\/0005-48;<\/p>\n<p>4. Atualiza\u00e7\u00e3o dos dados cadastrais, junto \u00e0 Receita Federal, constantes nas inscri\u00e7\u00f5es do CNPJ da Matriz e<\/p>\n<p>Filiais.<\/p>\n<p>Data: 11\/04\/2025 (sexta-feira)<\/p>\n<p>Local: Sede. Av. Bar\u00e3o do Rio Branco n\u00ba 2.288\/1907, bairro Centro, Juiz de Fora\/MG, CEP 36.016-310.<\/p>\n<p>Primeira chamada: \u00e0s 17h, com a presen\u00e7a da metade mais um. Segunda chamada: \u00e0s 17h30 com qualquer n\u00famero. Os ASSOCIADOS que queiram se candidatar dever\u00e3o protocolar a sua inscri\u00e7\u00e3o na ASSOCIA\u00c7\u00c3O at\u00e9 o dia 31\/03\/2025, segunda-feira, das 09 \u00e0s 17hs. \u00c9 l\u00edcito aos Senhores Associados se fazerem representar na Assembleia, ora convocada, por procuradores, munidos com procura\u00e7\u00f5es espec\u00edficas. A aus\u00eancia dos senhores associados n\u00e3o os desobriga de aceitarem como t\u00e1cita concord\u00e2ncia aos assuntos que forem tratados e deliberados. Os Associados em atraso no cumprimento de suas obriga\u00e7\u00f5es n\u00e3o poder\u00e3o exercer o direito do voto nas delibera\u00e7\u00f5es e ser\u00e1 considerada nula a sua presen\u00e7a.<\/p>\n<p>Documentos \u00e0 Disposi\u00e7\u00e3o dos Associados: Nos termos do par\u00e1grafo primeiro, do artigo 1.078 do C\u00f3digo Civil<\/p>\n<p>(CC\/02), informamos que os documentos e informa\u00e7\u00f5es relativos \u00e0s mat\u00e9rias da ordem do dia estar\u00e3o \u00e0 disposi\u00e7\u00e3o dos associados na sede administrativa, isto \u00e9, na ger\u00eancia da Associa\u00e7\u00e3o Brasileira Beneficente de<\/p>\n<p>Apoio ao Cidad\u00e3o, a partir de 01 de maio de 2025.<\/p>\n<p>Juiz de Fora, 27 de mar\u00e7o de 2025.<\/p>\n<p>Presidente da Diretoria<\/p>\n<p>Izabel Cristina Ribeiro Carpanez (Tri\u00eanio 2022\/24)<\/p>\n","protected":false},"excerpt":{"rendered":"<p>ASSOCIA\u00c7\u00c3O BRASILEIRA BENEFICENTE DE APOIO AO CIDAD\u00c3O EDITAL DE CONVOCA\u00c7\u00c3O ASSEMBLEIA GERAL ORDIN\u00c1RIA A Presidente da Diretoria da Associa\u00e7\u00e3o Brasileira Beneficente de Apoio ao Cidad\u00e3o, situada na Av. Bar\u00e3o do Rio Branco n\u00ba 2.288\/1907, bairro Centro, Juiz de Fora\/MG, CEP 36.016-310, inscrito no CNPJ n\u00ba 07.030.719\/0001-14, no uso de suas atribui\u00e7\u00f5es e na forma convencional [&hellip;]<\/p>\n","protected":false},"author":246,"featured_media":0,"comment_status":"closed","ping_status":"closed","sticky":false,"template":"","format":"standard","meta":{"footnotes":""},"categories":[307,1],"tags":[],"class_list":["post-227453","post","type-post","status-publish","format-standard","hentry","category-editais","category-sem-categoria"],"_links":{"self":[{"href":"https:\/\/diarioregionaldigital.com.br\/index.php?rest_route=\/wp\/v2\/posts\/227453","targetHints":{"allow":["GET"]}}],"collection":[{"href":"https:\/\/diarioregionaldigital.com.br\/index.php?rest_route=\/wp\/v2\/posts"}],"about":[{"href":"https:\/\/diarioregionaldigital.com.br\/index.php?rest_route=\/wp\/v2\/types\/post"}],"author":[{"embeddable":true,"href":"https:\/\/diarioregionaldigital.com.br\/index.php?rest_route=\/wp\/v2\/users\/246"}],"replies":[{"embeddable":true,"href":"https:\/\/diarioregionaldigital.com.br\/index.php?rest_route=%2Fwp%2Fv2%2Fcomments&post=227453"}],"version-history":[{"count":1,"href":"https:\/\/diarioregionaldigital.com.br\/index.php?rest_route=\/wp\/v2\/posts\/227453\/revisions"}],"predecessor-version":[{"id":227455,"href":"https:\/\/diarioregionaldigital.com.br\/index.php?rest_route=\/wp\/v2\/posts\/227453\/revisions\/227455"}],"wp:attachment":[{"href":"https:\/\/diarioregionaldigital.com.br\/index.php?rest_route=%2Fwp%2Fv2%2Fmedia&parent=227453"}],"wp:term":[{"taxonomy":"category","embeddable":true,"href":"https:\/\/diarioregionaldigital.com.br\/index.php?rest_route=%2Fwp%2Fv2%2Fcategories&post=227453"},{"taxonomy":"post_tag","embeddable":true,"href":"https:\/\/diarioregionaldigital.com.br\/index.php?rest_route=%2Fwp%2Fv2%2Ftags&post=227453"}],"curies":[{"name":"wp","href":"https:\/\/api.w.org\/{rel}","templated":true}]}}